{"id":31669,"date":"2021-02-10T18:48:20","date_gmt":"2021-02-10T18:48:20","guid":{"rendered":"https:\/\/redsemlac.com\/semmexico\/?p=31669"},"modified":"2023-07-21T16:48:14","modified_gmt":"2023-07-21T21:48:14","slug":"instala-instancia-municipal-de-la-mujer-en-tixtla-guerrero-donde-ha-crecido-la-violencia-hasta-en-40-por-ciento","status":"publish","type":"post","link":"https:\/\/redsemlac.com\/semmexico\/instala-instancia-municipal-de-la-mujer-en-tixtla-guerrero-donde-ha-crecido-la-violencia-hasta-en-40-por-ciento\/","title":{"rendered":"Instala instancia municipal de la Mujer en Tixtla, Guerrero donde ha crecido la violencia hasta en 40 por ciento"},"content":{"rendered":"\n<ul class=\"wp-block-list\"><li><strong>Erika Alcaraz Sosa, presidenta municipal, destac\u00f3 ampliaci\u00f3n de funciones, de lo que era una direcci\u00f3n.<\/strong><\/li><li><strong>Al menos dos casos de feminicidio, siguen sin justicia en ese municipio que colinda con Chilapa<\/strong><\/li><\/ul>\n\n\n\n<p class=\"wp-block-paragraph\"><strong>Josefina Aguilar Pastor<\/strong><\/p>\n\n\n\n<p class=\"wp-block-paragraph\">SemM\u00e9xico, Chilpancingo, Guerrero, 10 de febrero de 20121.-&nbsp; En el municipio de Tixtla, Guerrero, hasta junio pasado se increment\u00f3 la violencia de g\u00e9nero hasta un 40 por ciento, y este municipio no forma parte de los incluidos en la Alerta de Violencia de G\u00e9nero contra las Mujeres, AVGM, debido a esta situaci\u00f3n, ayer se instal\u00f3 la primera instancia de la mujer en el municipio.<\/p>\n\n\n\n<p class=\"wp-block-paragraph\">En Tixtla se ha detectado&nbsp; violencia alimentaria (econ\u00f3mica) y sexual &nbsp;en el \u00e1mbito familiar &nbsp;como &nbsp;las expresiones m\u00e1s comunes, adem\u00e1s las v\u00edctimas han visto dificultado su acceso a la justicia debido al cierre del juzgado.<\/p>\n\n\n\n<p class=\"wp-block-paragraph\">Erika Alcaraz Sosa, presienta municipal de Tixtla, &nbsp;puso en marcha los trabajos de &nbsp;la Instancia Municipal de la Mujer, que entre otros objetivos, tiene la tarea de emprender acciones tendientes a eliminar la discriminaci\u00f3n y la violencia en contra de las mujeres, como establecer medidas que garanticen el ejercicio pleno de todos sus derechos.<\/p>\n\n\n\n<p class=\"wp-block-paragraph\">La presidenta municipal, tom\u00f3 la protesta de la responsable de la Instancia Municipal de la Mujer, que funcionaba &nbsp;como Direcci\u00f3n. Previamente se reform\u00f3 la ley, cambiando de nombre, adem\u00e1s &nbsp;se ampl\u00edan sus facultades y campos de acci\u00f3n.<\/p>\n\n\n\n<p class=\"wp-block-paragraph\">Alcaraz Sosa, destac\u00f3 que m\u00e1s que una acci\u00f3n protocolaria de cumplimiento de la ley, buscan que la Instancia Municipal de la Mujer, sea funcional, un espacio en el que quienes requieran, puedan encontrar apoyo, al considerar la atenci\u00f3n a este sector de la poblaci\u00f3n, de mujeres y ni\u00f1as como prioritario.<\/p>\n\n\n\n<figure class=\"wp-block-image size-large\"><a href=\"https:\/\/redsemlac.com\/semmexico\/wp-content\/uploads\/2021\/02\/IMG_4908-scaled.jpg\"><img decoding=\"async\" src=\"https:\/\/redsemlac.com\/semmexico\/wp-content\/uploads\/2021\/02\/IMG_4908-1024x768.jpg\" alt=\"\" class=\"wp-image-31671\"\/><\/a><\/figure>\n\n\n\n<p class=\"wp-block-paragraph\">Mencion\u00f3 el papel importante que las mujeres desempe\u00f1an en la sociedad, \u201ccomo pilar de la familia, n\u00facleo fundamental de cualquier comunidad y si ayudamos nosotros&nbsp; a que la mujer pueda crecer en todos los sentidos, en todos los aspectos, estamos ayudando a conformar una sociedad m\u00e1s justa m\u00e1s equitativa, m\u00e1s sensible m\u00e1s solidaria&nbsp; y con mejores oportunidades\u201d, recalc\u00f3 la alcaldesa.<\/p>\n\n\n\n<p class=\"wp-block-paragraph\">La atenci\u00f3n a las mujeres, y las ni\u00f1as, es fundamental para su gobierno, recalc\u00f3 la edil-Guadalupe Miller, titular de la Instancia Municipal de la Mujer, detall\u00f3 que dicha dependencia, trabajara en acciones dirigidas a las mujeres, &nbsp;as\u00ed como promover e impulsar pol\u00edticas para la incorporaci\u00f3n de la perspectiva de g\u00e9nero, en programas y acciones de gobierno municipal que ayuden a redistribuir el poder y la toma de decisiones entre mujeres y hombres.<\/p>\n\n\n\n<p class=\"wp-block-paragraph\">Asimismo, la Instancia Municipal de la Mujer, tiene la tarea de emprender acciones &nbsp;para disminuir la violencia en contra de las mujeres y establecer medidas que garanticen el respeto y ejercicio pleno de todos sus derechos.<\/p>\n\n\n\n<p class=\"wp-block-paragraph\">&nbsp;\u201cCrear la&nbsp; Instancia Municipal de la Mujer, es una prueba de que existe voluntad pol\u00edtica para llevar a cabo acciones para erradicar la discriminaci\u00f3n la violencia la desigualdad\u201d, sostuvo Guadalupe Miller.<\/p>\n\n\n\n<p class=\"wp-block-paragraph\">Tixtla, ha visto crecer la violencia de g\u00e9nero durante el a\u00f1o de&nbsp; confinamiento por la contingencia sanitaria por coronavirus.<\/p>\n\n\n\n<p class=\"wp-block-paragraph\">En Guerrero, &nbsp;el 22 de junio de 2017 se declar\u00f3 la AVGM, en&nbsp;&nbsp;8 municipios: Acapulco de Ju\u00e1rez, Ayutla de los Libres, Chilpancingo de los Bravo, Coyuca de Catal\u00e1n, Iguala de la Independencia, Jos\u00e9 Azueta, Ometepec y Tlapa de Comonfort, a los que se incorpor\u00f3&nbsp;&nbsp;Chilapa de \u00c1lvarez, el 2 de octubre de 2018. Tiene declarada una segunda alerta, en busca de&nbsp; la despenalizaci\u00f3n del aborto.<\/p>\n\n\n\n<p class=\"wp-block-paragraph\">En el municipio, adem\u00e1s, sigue pendiente el caso&nbsp; de &nbsp;la menor de 13 a\u00f1os, Ayelin Iczae, quien desapareci\u00f3 el 15 de octubre y fue hallada mutilada cuatro d\u00edas despu\u00e9s, en una barranca ubicada a 350 metros de su domicilio, como se aprecia en un Mural pintado en el centro del Municipio.<\/p>\n\n\n\n<p class=\"wp-block-paragraph\">De este caso hasta el momento, hay cuatro detenidos, de acuerdo con reportes de la FGE, por el infanticidio de Ayelin, aunque \u2013seg\u00fan las propias autoridades\u2013 habr\u00eda m\u00e1s personas relacionadas con el crimen, pero no ha habido avances.<\/p>\n\n\n\n<p class=\"wp-block-paragraph\">En una de las cruces pintadas en el mural, recordaron tambi\u00e9n a Simona Tizapa, joven de 17 a\u00f1os que fue violada, asesinada y destazada; su cuerpo fue hallado en 1989, cerca del poblado de El Peral, en los l\u00edmites de los municipios de Tixtla y Chilapa.<\/p>\n\n\n\n<p class=\"wp-block-paragraph\">Este a\u00f1o, derivado de la contingencia sanitaria del Covid-19, el pante\u00f3n de esta ciudad, as\u00ed como en casi todo el estado, se mantuvo cerrado y, en el caso de la ciudad de Tixtla, la elaboraci\u00f3n de murales y la colocaci\u00f3n de arcos en la calle que conduce al cementerio de esta cabecera municipal.<\/p>\n","protected":false},"excerpt":{"rendered":"<p>Erika Alcaraz Sosa, presidenta municipal, destac\u00f3 ampliaci\u00f3n de funciones, de lo que era una direcci\u00f3n.<\/p>\n","protected":false},"author":3,"featured_media":31670,"comment_status":"open","ping_status":"open","sticky":false,"template":"","format":"standard","meta":{"_monsterinsights_skip_tracking":false,"footnotes":""},"categories":[692,51],"tags":[],"class_list":["post-31669","post","type-post","status-publish","format-standard","has-post-thumbnail","category-692","category-ejecutivo"],"_links":{"self":[{"href":"https:\/\/redsemlac.com\/semmexico\/wp-json\/wp\/v2\/posts\/31669","targetHints":{"allow":["GET"]}}],"collection":[{"href":"https:\/\/redsemlac.com\/semmexico\/wp-json\/wp\/v2\/posts"}],"about":[{"href":"https:\/\/redsemlac.com\/semmexico\/wp-json\/wp\/v2\/types\/post"}],"author":[{"embeddable":true,"href":"https:\/\/redsemlac.com\/semmexico\/wp-json\/wp\/v2\/users\/3"}],"replies":[{"embeddable":true,"href":"https:\/\/redsemlac.com\/semmexico\/wp-json\/wp\/v2\/comments?post=31669"}],"version-history":[{"count":0,"href":"https:\/\/redsemlac.com\/semmexico\/wp-json\/wp\/v2\/posts\/31669\/revisions"}],"wp:featuredmedia":[{"embeddable":true,"href":"https:\/\/redsemlac.com\/semmexico\/wp-json\/wp\/v2\/media\/31670"}],"wp:attachment":[{"href":"https:\/\/redsemlac.com\/semmexico\/wp-json\/wp\/v2\/media?parent=31669"}],"wp:term":[{"taxonomy":"category","embeddable":true,"href":"https:\/\/redsemlac.com\/semmexico\/wp-json\/wp\/v2\/categories?post=31669"},{"taxonomy":"post_tag","embeddable":true,"href":"https:\/\/redsemlac.com\/semmexico\/wp-json\/wp\/v2\/tags?post=31669"}],"curies":[{"name":"wp","href":"https:\/\/api.w.org\/{rel}","templated":true}]}}