{"id":31654,"date":"2021-02-10T18:29:39","date_gmt":"2021-02-10T18:29:39","guid":{"rendered":"https:\/\/redsemlac.com\/semmexico\/?p=31654"},"modified":"2023-07-21T16:48:14","modified_gmt":"2023-07-21T21:48:14","slug":"cuatro-cineastas-espanolas-llegan-a-mexico-en-el-ciclo-de-mujeres-de-cine","status":"publish","type":"post","link":"https:\/\/redsemlac.com\/semmexico\/cuatro-cineastas-espanolas-llegan-a-mexico-en-el-ciclo-de-mujeres-de-cine\/","title":{"rendered":"Cuatro cineastas espa\u00f1olas llegan a M\u00e9xico en el ciclo de Mujeres de cine"},"content":{"rendered":"\n<ul class=\"wp-block-list\"><li><strong>Ciclo online de pel\u00edculas de autoras espa\u00f1olas que podr\u00e1 verse este mes de febrero en todo el territorio mexicano, de la mano del Centro Cultural de Espa\u00f1a en M\u00e9xico, y gracias a la colaboraci\u00f3n de Mujeres de Cine y AECID<\/strong><\/li><\/ul>\n\n\n\n<p class=\"wp-block-paragraph\"><strong>Redacci\u00f3n<\/strong><\/p>\n\n\n\n<p class=\"wp-block-paragraph\">SemM\u00e9xico\/AmecoPress. Madrid, Espa\u00f1a.  10 febrero 2021.-\u00a0El cine espa\u00f1ol hecho por mujeres contin\u00faa as\u00ed su periplo internacional dentro de la itinerancia de Mujeres de cine, la iniciativa de exhibici\u00f3n y visibilizaci\u00f3n del cine espa\u00f1ol hecho por mujeres. Esta cita en M\u00e9xico ha estado precedida de ciclos de Mujeres de Cine durante el oto\u00f1o de 2020 en Argentina, Per\u00fa y EEUU.<\/p>\n\n\n\n<p class=\"wp-block-paragraph\">Las pel\u00edculas seleccionadas son \u00abEl amor y la muerte\u00bb, de Arantxa Aguirre; \u00abMudar la piel\u00bb, de Ana Schulz y Crist\u00f3bal Fern\u00e1ndez, \u00abVarados\u00bb, de Helena Taberna, y \u00abEl viaje de Marta\u00bb, de Neus Ball\u00fas. Cada pel\u00edcula estar\u00e1 disponible online durante una semana exclusivamente en territorio mexicano.<\/p>\n\n\n\n<p class=\"wp-block-paragraph\">Se trata de la primera vez, tras cuatro a\u00f1os de estrecha colaboraci\u00f3n internacional entre Mujeres de Cine y AECID, que el cine hecho por mujeres espa\u00f1olas llega a M\u00e9xico en un ciclo online que muestra las \u00faltimas obras de estas cineastas y que se llevar\u00e1 a cabo del 6 febrero al 6 de marzo de 2021, con acceso gratuito para el p\u00fablico mexicano.<\/p>\n\n\n\n<p class=\"wp-block-paragraph\">El visionado se realizar\u00e1 a trav\u00e9s de la la plataforma de Video On Demand por streaming \u2019Mujeres de Cine VOD\u2019, una importante herramienta que abre fronteras e incrementa el alcance del trabajo de las cineastas espa\u00f1olas.<\/p>\n\n\n\n<p class=\"wp-block-paragraph\">Seg\u00fan Ana Palacios, directora de Mujeres de cine, \u00abprofundizar en el panorama del cine espa\u00f1ol pasa por prestar atenci\u00f3n a la no-ficci\u00f3n y a las nuevas autoras que emergen en este g\u00e9nero\u00bb, motivo por el cual tres de los largometrajes que conforman esta muestra que comienza ahora en M\u00e9xico son documentales.<\/p>\n\n\n\n<p class=\"wp-block-paragraph\">\u00abSirvan estos nombres para saber mirar m\u00e1s all\u00e1 de listas, premios o nominaciones y poner en valor el trabajo de cuatro directoras que demuestran una mirada propia, un compromiso hacia la cultura y la sociedad en la que vivimos\u00bb, ha resumido Palacios.<\/p>\n","protected":false},"excerpt":{"rendered":"<p>Ciclo online de pel\u00edculas de autoras espa\u00f1olas que podr\u00e1 verse este mes de febrero en todo el territorio mexicano, de la mano del Centro Cultural de Espa\u00f1a en M\u00e9xico, y gracias a la colaboraci\u00f3n de Mujeres de Cine y AECID<\/p>\n","protected":false},"author":3,"featured_media":31655,"comment_status":"open","ping_status":"open","sticky":false,"template":"","format":"standard","meta":{"_monsterinsights_skip_tracking":false,"footnotes":""},"categories":[692,45,46],"tags":[],"class_list":["post-31654","post","type-post","status-publish","format-standard","has-post-thumbnail","category-692","category-cultura","category-cultura-cultura"],"_links":{"self":[{"href":"https:\/\/redsemlac.com\/semmexico\/wp-json\/wp\/v2\/posts\/31654","targetHints":{"allow":["GET"]}}],"collection":[{"href":"https:\/\/redsemlac.com\/semmexico\/wp-json\/wp\/v2\/posts"}],"about":[{"href":"https:\/\/redsemlac.com\/semmexico\/wp-json\/wp\/v2\/types\/post"}],"author":[{"embeddable":true,"href":"https:\/\/redsemlac.com\/semmexico\/wp-json\/wp\/v2\/users\/3"}],"replies":[{"embeddable":true,"href":"https:\/\/redsemlac.com\/semmexico\/wp-json\/wp\/v2\/comments?post=31654"}],"version-history":[{"count":0,"href":"https:\/\/redsemlac.com\/semmexico\/wp-json\/wp\/v2\/posts\/31654\/revisions"}],"wp:featuredmedia":[{"embeddable":true,"href":"https:\/\/redsemlac.com\/semmexico\/wp-json\/wp\/v2\/media\/31655"}],"wp:attachment":[{"href":"https:\/\/redsemlac.com\/semmexico\/wp-json\/wp\/v2\/media?parent=31654"}],"wp:term":[{"taxonomy":"category","embeddable":true,"href":"https:\/\/redsemlac.com\/semmexico\/wp-json\/wp\/v2\/categories?post=31654"},{"taxonomy":"post_tag","embeddable":true,"href":"https:\/\/redsemlac.com\/semmexico\/wp-json\/wp\/v2\/tags?post=31654"}],"curies":[{"name":"wp","href":"https:\/\/api.w.org\/{rel}","templated":true}]}}