{"id":31651,"date":"2021-02-10T18:26:33","date_gmt":"2021-02-10T18:26:33","guid":{"rendered":"https:\/\/redsemlac.com\/semmexico\/?p=31651"},"modified":"2023-07-21T16:48:14","modified_gmt":"2023-07-21T21:48:14","slug":"primer-festival-chicas-en-ciencia-y-tecnologia-organizado-por-la-unam-y-epic-queen","status":"publish","type":"post","link":"https:\/\/redsemlac.com\/semmexico\/primer-festival-chicas-en-ciencia-y-tecnologia-organizado-por-la-unam-y-epic-queen\/","title":{"rendered":"Primer \u201cFestival Chicas en Ciencia y Tecnolog\u00eda\u201d organizado por la UNAM y Epic Queen"},"content":{"rendered":"\n<ul class=\"wp-block-list\"><li><strong>Investigadoras, acad\u00e9micas y profesionistas l\u00edderes en M\u00e9xico y Am\u00e9rica Latina dar\u00e1n talleres y conferencias gratuitas para combatir la brecha de g\u00e9nero<\/strong><\/li><\/ul>\n\n\n\n<p class=\"wp-block-paragraph\"><strong>\u00a0Redacci\u00f3n<\/strong><\/p>\n\n\n\n<p class=\"wp-block-paragraph\">SemM\u00e9xico\/AmecoPress. Cd. de M\u00e9xico, 10 de febrero 2021.-\u00a0En el marco de la conmemoraci\u00f3n del D\u00eda Internacional de la Mujer y la Ni\u00f1a en la Ciencia, que se celebra el 11 de febrero, la Universidad Nacional Aut\u00f3noma de M\u00e9xico, a trav\u00e9s de la Coordinaci\u00f3n para la Igualdad de G\u00e9nero, y Epic Queen llevar\u00e1n a cabo el Festival Chicas en Ciencia y Tecnolog\u00eda, evento gratuito en el que alumnas de bachillerato tendr\u00e1n un acercamiento con acad\u00e9micas, cient\u00edficas y profesionistas l\u00edderes en sus campos, con el objetivo de inspirarlas y contribuir a reducir la brecha de g\u00e9nero en las STEM (Ciencia, Tecnolog\u00eda, Ingenier\u00edas y Matem\u00e1ticas).<\/p>\n\n\n\n<p class=\"wp-block-paragraph\">De acuerdo con datos de la Coordinaci\u00f3n para la Igualdad de G\u00e9nero de la m\u00e1xima casa de estudios, la participaci\u00f3n de mujeres en programas de licenciatura, maestr\u00eda y doctorado, as\u00ed como en la planta acad\u00e9mica de las entidades de nivel superior en \u00e1reas relacionadas con ciencia, tecnolog\u00eda, ingenier\u00eda y matem\u00e1ticas es menor a 40%.<\/p>\n\n\n\n<p class=\"wp-block-paragraph\">Por ejemplo, en la licenciatura en Ingenier\u00eda Mec\u00e1nica solo 9.1% del total de alumnos son mujeres, en Ingenier\u00eda El\u00e9ctrica y Electr\u00f3nica la cifra es de 11.2%; a nivel posgrado, en doctorado y maestr\u00eda en Ciencias (F\u00edsica) solo hay 10.1% y 11.8% de estudiantes mujeres respectivamente.<\/p>\n\n\n\n<figure class=\"wp-block-image\"><a href=\"https:\/\/amecopress.net\/IMG\/png\/chicas_ciencia_cartel.png\"><img decoding=\"async\" src=\"https:\/\/amecopress.net\/local\/cache-vignettes\/L665xH311\/chicas_ciencia_cartel-58a5b.png\" alt=\"PNG\"\/><\/a><\/figure>\n\n\n\n<figure class=\"wp-block-image\"><img decoding=\"async\" src=\"https:\/\/amecopress.net\/IMG\/png\/chicas_ciencia_cartel1.png\" alt=\"\"\/><\/figure>\n\n\n\n<p class=\"wp-block-paragraph\">En el caso de los centros de estudios tambi\u00e9n hay una baja representaci\u00f3n femenina, en el Instituto de Ciencias F\u00edsicas solo 11.5% de la comunidad cient\u00edfica son mujeres, mientras que en el Centro de Ciencias Matem\u00e1ticas sube apenas a 12.9%; de ah\u00ed la importancia de promover estas disciplinas entre las j\u00f3venes, para cerrar la brecha de g\u00e9nero en los espacios cient\u00edficos de la universidad.<\/p>\n\n\n\n<figure class=\"wp-block-image\"><img decoding=\"async\" src=\"https:\/\/amecopress.net\/IMG\/png\/chicas_ciencia_cartel2.png\" alt=\"\"\/><\/figure>\n\n\n\n<p class=\"wp-block-paragraph\"><a href=\"https:\/\/amecopress.net\/IMG\/png\/chicas_ciencia_cartel2.png\"><\/a><br>El Festival Chicas en Ciencia y Tecnolog\u00eda se realizar\u00e1 el 11 y 12 de febrero, est\u00e1 abierto al p\u00fablico en general y convocar\u00e1 a m\u00e1s de 17 mil estudiantes de los 14 planteles de educaci\u00f3n media superior de la UNAM, quienes podr\u00e1n participar en este programa de iniciaci\u00f3n cient\u00edfica y recibir mentor\u00edas de m\u00e1s de 40 mujeres expertas en \u00e1reas STEM, como Julieta Fierro, divulgadora cient\u00edfica y astr\u00f3noma; Anasof\u00eda S\u00e1nchez, CEO de Waze M\u00e9xico; Paola Escalante, Head of Creative Shop&nbsp;<a href=\"https:\/\/www.entrepreneur.com\/topic\/facebook\"><strong>Facebook<\/strong><\/a>; Ana Elena Escalante, directora del Instituto de Ecolog\u00eda de la UNAM; Pilar Carre\u00f3n, directora del Instituto de Ciencias Nucleares y Catalina Stern, directora de la Facultad de Ciencias, entre otras brillantes mujeres.<\/p>\n\n\n\n<p class=\"wp-block-paragraph\"><em>\u201cAunque cada vez m\u00e1s mujeres eligen carreras tecnol\u00f3gicas o cient\u00edficas, sigue siendo insuficiente; necesitamos despertar el inter\u00e9s y vocaci\u00f3n de las alumnas hacia estas \u00e1reas para acabar con los estereotipos y acelerar la igualdad de g\u00e9nero en todos los campos\u201d, afirma Ana Karen Ram\u00edrez, fundadora y CEO de Epic Queen, empresa social que inspira a ni\u00f1as y mujeres a ser curiosas y valientes a trav\u00e9s de educaci\u00f3n STEM.<\/em><\/p>\n\n\n\n<p class=\"wp-block-paragraph\">El Festival Chicas en Ciencia y Tecnolog\u00eda se realizar\u00e1 v\u00eda streaming a trav\u00e9s de&nbsp;<a href=\"https:\/\/www.chicasenlaciencia.com\/\"><strong>aqu\u00ed<\/strong><\/a>&nbsp;los d\u00edas 11 y 12 de febrero a partir de las 10:00 am, con un ciclo de talleres, paneles y conferencias, entre las que destaca el panel Cient\u00edficas que trabajan por la vacuna contra el COVID-19, con investigadoras de los institutos de Biotecnolog\u00eda, Investigaciones Biom\u00e9dicas y Biotecnolog\u00eda de la UNAM; adem\u00e1s de la conferencia \u00bfC\u00f3mo llegu\u00e9 a ser una ejecutiva en empresas de tecnolog\u00eda? con la participaci\u00f3n de ejecutivas de Waze y Facebook.<\/p>\n","protected":false},"excerpt":{"rendered":"<p>Investigadoras, acad\u00e9micas y profesionistas l\u00edderes en M\u00e9xico y Am\u00e9rica Latina dar\u00e1n talleres y conferencias gratuitas para combatir la brecha de g\u00e9nero<\/p>\n","protected":false},"author":3,"featured_media":31652,"comment_status":"open","ping_status":"open","sticky":false,"template":"","format":"standard","meta":{"_monsterinsights_skip_tracking":false,"footnotes":""},"categories":[692,51],"tags":[],"class_list":["post-31651","post","type-post","status-publish","format-standard","has-post-thumbnail","category-692","category-ejecutivo"],"_links":{"self":[{"href":"https:\/\/redsemlac.com\/semmexico\/wp-json\/wp\/v2\/posts\/31651","targetHints":{"allow":["GET"]}}],"collection":[{"href":"https:\/\/redsemlac.com\/semmexico\/wp-json\/wp\/v2\/posts"}],"about":[{"href":"https:\/\/redsemlac.com\/semmexico\/wp-json\/wp\/v2\/types\/post"}],"author":[{"embeddable":true,"href":"https:\/\/redsemlac.com\/semmexico\/wp-json\/wp\/v2\/users\/3"}],"replies":[{"embeddable":true,"href":"https:\/\/redsemlac.com\/semmexico\/wp-json\/wp\/v2\/comments?post=31651"}],"version-history":[{"count":0,"href":"https:\/\/redsemlac.com\/semmexico\/wp-json\/wp\/v2\/posts\/31651\/revisions"}],"wp:featuredmedia":[{"embeddable":true,"href":"https:\/\/redsemlac.com\/semmexico\/wp-json\/wp\/v2\/media\/31652"}],"wp:attachment":[{"href":"https:\/\/redsemlac.com\/semmexico\/wp-json\/wp\/v2\/media?parent=31651"}],"wp:term":[{"taxonomy":"category","embeddable":true,"href":"https:\/\/redsemlac.com\/semmexico\/wp-json\/wp\/v2\/categories?post=31651"},{"taxonomy":"post_tag","embeddable":true,"href":"https:\/\/redsemlac.com\/semmexico\/wp-json\/wp\/v2\/tags?post=31651"}],"curies":[{"name":"wp","href":"https:\/\/api.w.org\/{rel}","templated":true}]}}