{"id":31648,"date":"2021-02-10T18:21:51","date_gmt":"2021-02-10T18:21:51","guid":{"rendered":"https:\/\/redsemlac.com\/semmexico\/?p=31648"},"modified":"2023-07-21T16:48:14","modified_gmt":"2023-07-21T21:48:14","slug":"apostamos-por-el-talento-femenino-necesitamos-que-la-industria-audiovisual-nos-tenga-en-cuenta","status":"publish","type":"post","link":"https:\/\/redsemlac.com\/semmexico\/apostamos-por-el-talento-femenino-necesitamos-que-la-industria-audiovisual-nos-tenga-en-cuenta\/","title":{"rendered":"\u201cApostamos por el talento femenino, necesitamos que la industria audiovisual nos tenga en cuenta\u201d"},"content":{"rendered":"\n<ul class=\"wp-block-list\"><li><strong>Socias de CIMA fundan Not Alone Productions, una iniciativa que promueve el trabajo de las mujeres<\/strong><\/li><\/ul>\n\n\n\n<p class=\"wp-block-paragraph\"><strong>Por\u00a0Paula Berzal<\/strong><\/p>\n\n\n\n<p class=\"wp-block-paragraph\">SemM\u00e9xico\/AmecoPress. Madrid, Espa\u00f1a.  10 febrero 2021.-\u00a0Not Alone es una desarrolladora de proyectos que ayuda a las creadoras en esa fase de desarrollo de soledad absoluta. El objetivo es promover el talento femenino y romper con el techo de cristal que impide a las mujeres acceder a puestos directivos.<\/p>\n\n\n\n<p class=\"wp-block-paragraph\">Cristina Urgel, una de las fundadoras de la iniciativa Not Alone, manifiesta la importancia de crear equipo para que las mujeres tengan un hueco equitativo en la industria audiovisual. \u201cLa uni\u00f3n hace la fuerza. Este proyecto es un intermediario entre las productoras y las creadoras\u201d, apunta.<\/p>\n\n\n\n<p class=\"wp-block-paragraph\">Esta iniciativa ha sido creada a trav\u00e9s de experiencias personales, un plan que seg\u00fan Cristina Urgel nace de historias que comparten miles de mujeres. \u201cLa mayor parte de directivas est\u00e1n formadas por hombres, debemos luchar para cambiar esta desigualdad\u201d, afirma.<\/p>\n\n\n\n<h3 class=\"wp-block-heading\">Nos queda mucho camino<\/h3>\n\n\n\n<p class=\"wp-block-paragraph\">Con el apoyo de CIMA (asociaci\u00f3n de mujeres cineastas y de medios audiovisuales) este proyecto ha salido a la luz para impulsar el trabajo femenino. \u201cHa sido un trabajo muy duro, pero estamos muy contentas de poder ayudar a otras mujeres a alcanzar sus objetivos\u201d, expone Cristina Urgel.<\/p>\n\n\n\n<p class=\"wp-block-paragraph\">Adem\u00e1s, esta fundadora de Not Alone subraya la labor de la iniciativa. Asesoran a las creadoras, las acompa\u00f1an durante el proceso de creaci\u00f3n y seleccionan los proyectos m\u00e1s impactantes. \u201cSomos un filtro, porque cuando creas necesitas otros ojos\u201d, concluye.<\/p>\n","protected":false},"excerpt":{"rendered":"<p>Socias de CIMA fundan Not Alone Productions, una iniciativa que promueve el trabajo de las mujeres<\/p>\n","protected":false},"author":3,"featured_media":31649,"comment_status":"open","ping_status":"open","sticky":false,"template":"","format":"standard","meta":{"_monsterinsights_skip_tracking":false,"footnotes":""},"categories":[692,53],"tags":[],"class_list":["post-31648","post","type-post","status-publish","format-standard","has-post-thumbnail","category-692","category-internacional"],"_links":{"self":[{"href":"https:\/\/redsemlac.com\/semmexico\/wp-json\/wp\/v2\/posts\/31648","targetHints":{"allow":["GET"]}}],"collection":[{"href":"https:\/\/redsemlac.com\/semmexico\/wp-json\/wp\/v2\/posts"}],"about":[{"href":"https:\/\/redsemlac.com\/semmexico\/wp-json\/wp\/v2\/types\/post"}],"author":[{"embeddable":true,"href":"https:\/\/redsemlac.com\/semmexico\/wp-json\/wp\/v2\/users\/3"}],"replies":[{"embeddable":true,"href":"https:\/\/redsemlac.com\/semmexico\/wp-json\/wp\/v2\/comments?post=31648"}],"version-history":[{"count":0,"href":"https:\/\/redsemlac.com\/semmexico\/wp-json\/wp\/v2\/posts\/31648\/revisions"}],"wp:featuredmedia":[{"embeddable":true,"href":"https:\/\/redsemlac.com\/semmexico\/wp-json\/wp\/v2\/media\/31649"}],"wp:attachment":[{"href":"https:\/\/redsemlac.com\/semmexico\/wp-json\/wp\/v2\/media?parent=31648"}],"wp:term":[{"taxonomy":"category","embeddable":true,"href":"https:\/\/redsemlac.com\/semmexico\/wp-json\/wp\/v2\/categories?post=31648"},{"taxonomy":"post_tag","embeddable":true,"href":"https:\/\/redsemlac.com\/semmexico\/wp-json\/wp\/v2\/tags?post=31648"}],"curies":[{"name":"wp","href":"https:\/\/api.w.org\/{rel}","templated":true}]}}