{"id":31515,"date":"2021-02-06T21:48:43","date_gmt":"2021-02-06T21:48:43","guid":{"rendered":"https:\/\/redsemlac.com\/semmexico\/?p=31515"},"modified":"2023-07-21T16:47:29","modified_gmt":"2023-07-21T21:47:29","slug":"revocan-nombramiento-a-magistrado-del-teeo-debe-ir-una-magistrada","status":"publish","type":"post","link":"https:\/\/redsemlac.com\/semmexico\/revocan-nombramiento-a-magistrado-del-teeo-debe-ir-una-magistrada\/","title":{"rendered":"Revocan nombramiento a magistrado del TEEO, debe ir una magistrada"},"content":{"rendered":"\n<ul class=\"wp-block-list\"><li><strong>Para cumplir con la alternancia de g\u00e9nero<\/strong><\/li><li><strong>Sala Superior del TEPJF resolvi\u00f3 el juicio 10255\/2020<\/strong><\/li><\/ul>\n\n\n\n<p class=\"wp-block-paragraph\"><strong>Redacci\u00f3n<\/strong><\/p>\n\n\n\n<p class=\"wp-block-paragraph\">SemM\u00e9xico, Cd. de M\u00e9xico, 6 de febrero, 2021.- La Sala Superior del Tribunal Electoral del Poder Judicial de la Federaci\u00f3n (TEPJF) dio reversa a la magistratura de Heriberto Jim\u00e9nez, quien en noviembre pasado fue designado como integrante del pleno del Tribunal Electoral del Estado de Oaxaca y su lugar deber\u00e1 ser ocupado por una mujer.<\/p>\n\n\n\n<p class=\"wp-block-paragraph\">En su sesi\u00f3n de este d\u00eda, la Sala Superior revoc\u00f3 dicha designaci\u00f3n hecha por el Senado de la Rep\u00fablica, y orden\u00f3 a \u00e9ste realizar un nuevo nombramiento dando cumplimiento a la alternancia de g\u00e9nero.<\/p>\n\n\n\n<p class=\"wp-block-paragraph\">Adem\u00e1s, algunos magistrados y algunas magistradas argumentaron que tambi\u00e9n debe analizarse considerar el pluriculturalismo para la designaci\u00f3n, aunque este criterio no fue incluido en la convocatoria respectiva.<\/p>\n\n\n\n<p class=\"wp-block-paragraph\">B\u00e1sicamente, la mayor\u00eda de magistradas y magistrados se pronunciaron por revocar la designaci\u00f3n, para que el Senado haga una nueva designaci\u00f3n cumpliendo con el principio de paridad de g\u00e9nero.<\/p>\n\n\n\n<p class=\"wp-block-paragraph\">Al leer la resoluci\u00f3n del juicio de protecci\u00f3n de los derechos pol\u00edticos del ciudadano 10255\/2020 en la que se revoca la designaci\u00f3n de Heriberto Jim\u00e9nez, el magistrado presidente Jos\u00e9 Luis Vargas Vald\u00e9s equivoc\u00f3 el nombre del integrante del TEEO, Heriberto Jim\u00e9nez Dom\u00ednguez, cambiando el primer apellido por Ju\u00e1rez.<\/p>\n\n\n\n<p class=\"wp-block-paragraph\">SEM\/sj<\/p>\n","protected":false},"excerpt":{"rendered":"<p>Para cumplir con la alternancia de g\u00e9nero<\/p>\n","protected":false},"author":3,"featured_media":31516,"comment_status":"open","ping_status":"open","sticky":false,"template":"","format":"standard","meta":{"_monsterinsights_skip_tracking":false,"footnotes":""},"categories":[692,51],"tags":[],"class_list":["post-31515","post","type-post","status-publish","format-standard","has-post-thumbnail","category-692","category-ejecutivo"],"_links":{"self":[{"href":"https:\/\/redsemlac.com\/semmexico\/wp-json\/wp\/v2\/posts\/31515","targetHints":{"allow":["GET"]}}],"collection":[{"href":"https:\/\/redsemlac.com\/semmexico\/wp-json\/wp\/v2\/posts"}],"about":[{"href":"https:\/\/redsemlac.com\/semmexico\/wp-json\/wp\/v2\/types\/post"}],"author":[{"embeddable":true,"href":"https:\/\/redsemlac.com\/semmexico\/wp-json\/wp\/v2\/users\/3"}],"replies":[{"embeddable":true,"href":"https:\/\/redsemlac.com\/semmexico\/wp-json\/wp\/v2\/comments?post=31515"}],"version-history":[{"count":0,"href":"https:\/\/redsemlac.com\/semmexico\/wp-json\/wp\/v2\/posts\/31515\/revisions"}],"wp:featuredmedia":[{"embeddable":true,"href":"https:\/\/redsemlac.com\/semmexico\/wp-json\/wp\/v2\/media\/31516"}],"wp:attachment":[{"href":"https:\/\/redsemlac.com\/semmexico\/wp-json\/wp\/v2\/media?parent=31515"}],"wp:term":[{"taxonomy":"category","embeddable":true,"href":"https:\/\/redsemlac.com\/semmexico\/wp-json\/wp\/v2\/categories?post=31515"},{"taxonomy":"post_tag","embeddable":true,"href":"https:\/\/redsemlac.com\/semmexico\/wp-json\/wp\/v2\/tags?post=31515"}],"curies":[{"name":"wp","href":"https:\/\/api.w.org\/{rel}","templated":true}]}}