{"id":31508,"date":"2021-02-06T21:29:12","date_gmt":"2021-02-06T21:29:12","guid":{"rendered":"https:\/\/redsemlac.com\/semmexico\/?p=31508"},"modified":"2023-07-21T16:47:29","modified_gmt":"2023-07-21T21:47:29","slug":"el-98-por-ciento-de-los-casos-de-violencia-contra-las-mujeres-quedan-en-la-impunidad-yndira-sandoval","status":"publish","type":"post","link":"https:\/\/redsemlac.com\/semmexico\/el-98-por-ciento-de-los-casos-de-violencia-contra-las-mujeres-quedan-en-la-impunidad-yndira-sandoval\/","title":{"rendered":"El 98 por ciento de los casos de violencia contra las mujeres quedan en la impunidad: Yndira Sandoval"},"content":{"rendered":"\n<ul class=\"wp-block-list\"><li><strong>La consejera Adriana Favela Herrera: insiste, se necesita resoluci\u00f3n firme para sancionar violentadores.<\/strong><\/li><li><strong>INE aprob\u00f3 lineamientos para reforzar la paridad de g\u00e9nero en la integraci\u00f3n de las C\u00e1maras, gubernaturas y evitar la violencia pol\u00edtica contra las mujeres<\/strong><\/li><\/ul>\n\n\n\n<p class=\"wp-block-paragraph\"><strong>Redacci\u00f3n<\/strong><\/p>\n\n\n\n<p class=\"wp-block-paragraph\">SemM\u00e9xico, Cd. de M\u00e9xico, 6 de febrero,2021.- Las elecciones del pr\u00f3ximo 6 de junio podr\u00edan ser las m\u00e1s importantes en la historia para las mujeres mexicanas debido al n\u00famero de candidatas postuladas, pero tambi\u00e9n por la trascendencia de los puestos por los que contender\u00e1n, afirm\u00f3 la Consejera del Instituto Nacional Electoral (INE), Adriana Favela Herrera.<\/p>\n\n\n\n<p class=\"wp-block-paragraph\">Al participar en el foro virtual \u201cElecciones 2021: Ning\u00fan Agresor al Poder\u201d, organizado por el espacio \u201cLa Cadera de Eva\u201d, la Consejera destac\u00f3 que gracias a los lineamientos para reforzar la paridad de g\u00e9nero en las C\u00e1maras y las gubernaturas, en los comicios de este a\u00f1o podr\u00edan ser electas al menos siete mujeres como titulares del Ejecutivo de diferentes estados.<\/p>\n\n\n\n<p class=\"wp-block-paragraph\">Favela Herrera consider\u00f3 posible que para el proceso electoral en curso, no se cometan actos de violencia pol\u00edtica en contra de las mujeres.<\/p>\n\n\n\n<p class=\"wp-block-paragraph\">Agreg\u00f3 que tambi\u00e9n se aprobaron lineamientos en los que \u201cestamos exigiendo que los partidos pol\u00edticos y las candidaturas independientes no registren a personas que hayan sido condenadas o sancionadas mediante resoluci\u00f3n firme por violencia familiar o dom\u00e9stica o cualquier agresi\u00f3n de g\u00e9nero en el \u00e1mbito privado o p\u00fablico\u201d.<\/p>\n\n\n\n<p class=\"wp-block-paragraph\">La Consejera del INE resalt\u00f3 que para avanzar en el combate a la violencia de g\u00e9nero se debe fortalecer la denuncia de las pr\u00e1cticas lesivas contra la integridad de las mujeres.<\/p>\n\n\n\n<p class=\"wp-block-paragraph\">\u201cTenemos que seguir insistiendo en la cultura de la denuncia, es muy importante que las mujeres denunciemos cuando suceden los casos que nos est\u00e9n afectando\u201d, indic\u00f3, para que de esta forma haya elementos para que las autoridades puedan emitir una sentencia en ese sentido y evitar con ello tambi\u00e9n que los agresores puedan ser postulados a cargos de elecci\u00f3n popular.<\/p>\n\n\n\n<p class=\"wp-block-paragraph\">Si una persona que es agresora llega a ocupar el cargo de elecci\u00f3n popular, dijo, logra un fuero constitucional que impide que la propia autoridad penal act\u00fae en su contra, \u201cpor eso luego vemos personas que van de un cargo a otro porque lo que est\u00e1n cuidando es tener ese fuero para no ser procesadas penalmente por las denuncias en su contra\u201d, concluy\u00f3.<\/p>\n\n\n\n<p class=\"wp-block-paragraph\">Por eso, sugiri\u00f3 a las organizaciones allegarse de elementos para que sean valorados por la autoridad electoral e incluso acudir a los tribunales.<\/p>\n\n\n\n<p class=\"wp-block-paragraph\">Enseguida, Yndira Sandoval, fundadora de Las Constituyentes Feministas, enfatiz\u00f3 que nadie que sea deudor de pensi\u00f3n alimenticia, agresor sexual y que ejerza la violencia contra las mujeres puede ser aspirante a un puesto de elecci\u00f3n popular.<\/p>\n\n\n\n<p class=\"wp-block-paragraph\">Mencion\u00f3 que el 98 por ciento de los delitos cometidos contra las mujeres se mantienen en impunidad, porque de cada 10 delitos de g\u00e9nero, s\u00f3lo uno tiene una debida judicializaci\u00f3n.<\/p>\n\n\n\n<p class=\"wp-block-paragraph\">\u201cTenemos que voltear a ver que la violencia contra las mujeres es totalmente pol\u00edtica, institucional, sistem\u00e1tica y estructural\u201d y consider\u00f3 que Morena como partido en el poder deber\u00eda enviar otro mensaje a la sociedad y no el de \u201ctotal impunidad\u201d, ya que la mayor\u00eda de los candidatos denunciados por violencia pol\u00edtica contra la mujer son de este partido.<\/p>\n","protected":false},"excerpt":{"rendered":"<p>La consejera Adriana Favela Herrera: insiste, se necesita resoluci\u00f3n firme para sancionar violentadores.<\/p>\n","protected":false},"author":3,"featured_media":31509,"comment_status":"open","ping_status":"open","sticky":false,"template":"","format":"standard","meta":{"_monsterinsights_skip_tracking":false,"footnotes":""},"categories":[692,141],"tags":[],"class_list":["post-31508","post","type-post","status-publish","format-standard","has-post-thumbnail","category-692","category-elecciones-2020-2021"],"_links":{"self":[{"href":"https:\/\/redsemlac.com\/semmexico\/wp-json\/wp\/v2\/posts\/31508","targetHints":{"allow":["GET"]}}],"collection":[{"href":"https:\/\/redsemlac.com\/semmexico\/wp-json\/wp\/v2\/posts"}],"about":[{"href":"https:\/\/redsemlac.com\/semmexico\/wp-json\/wp\/v2\/types\/post"}],"author":[{"embeddable":true,"href":"https:\/\/redsemlac.com\/semmexico\/wp-json\/wp\/v2\/users\/3"}],"replies":[{"embeddable":true,"href":"https:\/\/redsemlac.com\/semmexico\/wp-json\/wp\/v2\/comments?post=31508"}],"version-history":[{"count":0,"href":"https:\/\/redsemlac.com\/semmexico\/wp-json\/wp\/v2\/posts\/31508\/revisions"}],"wp:featuredmedia":[{"embeddable":true,"href":"https:\/\/redsemlac.com\/semmexico\/wp-json\/wp\/v2\/media\/31509"}],"wp:attachment":[{"href":"https:\/\/redsemlac.com\/semmexico\/wp-json\/wp\/v2\/media?parent=31508"}],"wp:term":[{"taxonomy":"category","embeddable":true,"href":"https:\/\/redsemlac.com\/semmexico\/wp-json\/wp\/v2\/categories?post=31508"},{"taxonomy":"post_tag","embeddable":true,"href":"https:\/\/redsemlac.com\/semmexico\/wp-json\/wp\/v2\/tags?post=31508"}],"curies":[{"name":"wp","href":"https:\/\/api.w.org\/{rel}","templated":true}]}}