{"id":31502,"date":"2021-02-05T23:04:59","date_gmt":"2021-02-05T23:04:59","guid":{"rendered":"https:\/\/redsemlac.com\/semmexico\/?p=31502"},"modified":"2023-07-21T16:47:30","modified_gmt":"2023-07-21T21:47:30","slug":"suma-oaxaca-ataques-violentos-contra-mujeres","status":"publish","type":"post","link":"https:\/\/redsemlac.com\/semmexico\/suma-oaxaca-ataques-violentos-contra-mujeres\/","title":{"rendered":"Suma Oaxaca ataques violentos contra mujeres"},"content":{"rendered":"\n<p class=\"wp-block-paragraph\">* Feminicidios en la Costa y Valles Centrales* <\/p>\n\n\n\n<p class=\"wp-block-paragraph\">Los ataques se cometen con armas de fuego<\/p>\n\n\n\n<p class=\"wp-block-paragraph\">Patricia Brise\u00f1o<\/p>\n\n\n\n<p class=\"wp-block-paragraph\">SemM\u00e9xico, Oaxaca, 5 de febrero, 2021.- En el transcurso de esta ma\u00f1ana de viernes sujetos armados dispararon en varias ocasiones a un mujer dentro de un negocio en la zona tur\u00edstica de Puerto Escondido, en el municipio de San Pedro Mixtepec, Oaxaca.<\/p>\n\n\n\n<p class=\"wp-block-paragraph\">Los hechos se suscitaron alrededor de las 10:00 horas en la est\u00e9tica \u201cD. V. Cosmetics\u201d, en la esquina de las calles S\u00e9ptima Norte y Segunda Poniente, donde la v\u00edctima identificada como Alma, de 25 a\u00f1os de edad, qued\u00f3 sin vida.Peritos de la Fiscal\u00eda General del Estado llegaron al lugar y el cad\u00e1ver fue llevado al anfiteatro municipal donde permanecer\u00e1 hasta que sea reclamado por sus familiares.<\/p>\n\n\n\n<p class=\"wp-block-paragraph\">Es de se\u00f1alar que el pasado mi\u00e9rcoles dos mujeres, t\u00eda y sobrina, fueron asesinadas en el municipio de Ocotl\u00e1n de Morelos, municipio conurbado a la capital oaxaque\u00f1a.Las v\u00edctimas, identificadas como Rosa, de 35 a\u00f1os y Bernarda, de 50 a\u00f1os, hab\u00edan denunciado que eran hostigadas por parte de una familia, de apellido Medina, quienes\u00a0 pretend\u00edan despojarlas de un terreno.\u00a0<\/p>\n\n\n\n<p class=\"wp-block-paragraph\">En lo que se refiere a las cifras de violencia contra las mujeres por raz\u00f3n de g\u00e9nero en Oaxaca, el Secretariado Ejecutivo del Sistema Nacional de Seguridad P\u00fablica (SESNSP), report\u00f3 40 feminicidios en 2020, que ubic\u00f3 a la entidad en el s\u00e9ptimo lugar en la tabla nacional por este tipo de delito.\u00a0<\/p>\n\n\n\n<p class=\"wp-block-paragraph\">Asimismo, destac\u00f3 93 homicidios dolosos de mujeres contabilizados durante los 12 meses del a\u00f1o; un total de 133 asesinatos de mujeres, ocurridos en Oaxaca.\u00a0Organizaciones civiles y grupos feministas registraron ocho mujeres asesinadas en enero de 2021, y registr\u00f3 tres en lo que va de febrero.<\/p>\n","protected":false},"excerpt":{"rendered":"<p>* Feminicidios en la Costa y Valles Centrales* Los ataques se cometen con armas de fuego Patricia Brise\u00f1o SemM\u00e9xico, Oaxaca, 5 de febrero, 2021.- En el transcurso de esta ma\u00f1ana de viernes sujetos armados dispararon en varias ocasiones a un mujer dentro de un negocio en la zona tur\u00edstica de Puerto Escondido, en el municipio [&hellip;]<\/p>\n","protected":false},"author":3,"featured_media":31503,"comment_status":"open","ping_status":"open","sticky":false,"template":"","format":"standard","meta":{"_monsterinsights_skip_tracking":false,"footnotes":""},"categories":[692,47],"tags":[],"class_list":["post-31502","post","type-post","status-publish","format-standard","has-post-thumbnail","category-692","category-no-mas-impunidad"],"_links":{"self":[{"href":"https:\/\/redsemlac.com\/semmexico\/wp-json\/wp\/v2\/posts\/31502","targetHints":{"allow":["GET"]}}],"collection":[{"href":"https:\/\/redsemlac.com\/semmexico\/wp-json\/wp\/v2\/posts"}],"about":[{"href":"https:\/\/redsemlac.com\/semmexico\/wp-json\/wp\/v2\/types\/post"}],"author":[{"embeddable":true,"href":"https:\/\/redsemlac.com\/semmexico\/wp-json\/wp\/v2\/users\/3"}],"replies":[{"embeddable":true,"href":"https:\/\/redsemlac.com\/semmexico\/wp-json\/wp\/v2\/comments?post=31502"}],"version-history":[{"count":0,"href":"https:\/\/redsemlac.com\/semmexico\/wp-json\/wp\/v2\/posts\/31502\/revisions"}],"wp:featuredmedia":[{"embeddable":true,"href":"https:\/\/redsemlac.com\/semmexico\/wp-json\/wp\/v2\/media\/31503"}],"wp:attachment":[{"href":"https:\/\/redsemlac.com\/semmexico\/wp-json\/wp\/v2\/media?parent=31502"}],"wp:term":[{"taxonomy":"category","embeddable":true,"href":"https:\/\/redsemlac.com\/semmexico\/wp-json\/wp\/v2\/categories?post=31502"},{"taxonomy":"post_tag","embeddable":true,"href":"https:\/\/redsemlac.com\/semmexico\/wp-json\/wp\/v2\/tags?post=31502"}],"curies":[{"name":"wp","href":"https:\/\/api.w.org\/{rel}","templated":true}]}}