{"id":31499,"date":"2021-02-05T23:01:14","date_gmt":"2021-02-05T23:01:14","guid":{"rendered":"https:\/\/redsemlac.com\/semmexico\/?p=31499"},"modified":"2023-07-21T16:47:30","modified_gmt":"2023-07-21T21:47:30","slug":"exigen-justicia-para-victima-de-hostigamiento-sexual-en-tototlan-jalisco","status":"publish","type":"post","link":"https:\/\/redsemlac.com\/semmexico\/exigen-justicia-para-victima-de-hostigamiento-sexual-en-tototlan-jalisco\/","title":{"rendered":"Exigen justicia para v\u00edctima de hostigamiento sexual en Tototl\u00e1n, Jalisco"},"content":{"rendered":"\n<p class=\"wp-block-paragraph\">Guadalajara, Jalisco al 5 de febrero del 2021<\/p>\n\n\n\n<p class=\"wp-block-paragraph\">El Comit\u00e9 de Am\u00e9rica Latina y el Caribe para la Defensa de los Derechos de las Mujeres (CLADEM), G 10 X Jalisco, Mujeres por la Justicia Social: Atala Apodaca, y diversas organizaciones feministas de Jalisco y a t\u00edtulo individual expresan su indignaci\u00f3n por las evidentes violaciones a los derechos humanos cometidas en contra de una trabajadora del Ayuntamiento de Tototl\u00e1n, Jalisco y exigen que las autoridades competentes realicen acciones para que la v\u00edctima de hostigamiento sexual y violencia institucional por parte de diversos funcionarios, obtenga justicia y la reparaci\u00f3n del da\u00f1o a las violaciones a sus derechos humanos cometidas.<\/p>\n\n\n\n<p class=\"wp-block-paragraph\">En un comunicado las organizaciones y mujeres exigen que se inicien las denuncias y los procedimientos jur\u00eddicos procedentes en contra del presidente Municipal Sergio Quezada Mendoza, el director de Padr\u00f3n y licencias Municipal Efra\u00edn Mart\u00ednez I\u00f1iguez y en contra de todas y todos los funcionarios que con sus acciones y omisiones han permitido la reiterada violencia institucional y ejercicio de violencia sexual en contra de la trabajadora que desde marzo de 2020 present\u00f3 las denuncias correspondientes en contra del hostigador sexual Efra\u00edn Mart\u00ednez en la Unidad de Investigaci\u00f3n de delitos contra las mujeres, el \u00f3rgano interno de control en Tototl\u00e1n y en diversas instituciones sin que ninguna hiciese eco de su denuncia y procediera en consecuencia para sancionar al agresor. <\/p>\n\n\n\n<p class=\"wp-block-paragraph\">El colmo de la violencia institucional es la manera en que el presidente del municipio, Sergio Quezada, intenta mediar el caso, exponiendo a la v\u00edctima frente a su agresor y cometiendo \u00e9l mismo, diversos actos de violencia sexual y de violencia pol\u00edtica e institucional contra la trabajadora.<\/p>\n\n\n\n<p class=\"wp-block-paragraph\">\u00abSin duda este caso muestra los pactos patriarcales entre machos mis\u00f3ginos y la naturalizaci\u00f3n del acoso, el hostigamiento y la violencia sexual entre ellos y en perjuicio de las mujeres. La presencia de funcionarios como Sergio Quezada y Efra\u00edn Mart\u00ednez en la administraci\u00f3n p\u00fablica, es un peligro y un riesgo para las ni\u00f1as y las mujeres, no solo del Ayuntamiento, sino, especialmente de la comunidad a la que supuestamente deben \u201cservir\u201d, en este caso, el municipio de Tototl\u00e1n, por lo que se hace urgente y necesario se inicien los procedimientos correspondientes para la separaci\u00f3n de sus cargos y de cara al proceso electoral en que nos encontramos, no vuelvan a ocupar un cargo de elecci\u00f3n popular ni en la administraci\u00f3n p\u00fablica municipal ni de otro nivel de gobierno\u00bb.<\/p>\n\n\n\n<p class=\"wp-block-paragraph\">Por ello exigen:  Del gobernador Enrique Alfaro, una investigaci\u00f3n puntual del accionar de la Fiscal\u00eda General del Estado, particularmente de la Unidad de Investigaci\u00f3n de Delitos Contra las Mujeres y en su caso iniciar los procedimientos de responsabilidad correspondientes.<\/p>\n\n\n\n<p class=\"wp-block-paragraph\">Accionar inmediato de la Secretar\u00eda de Igualdad Sustantiva entre Mujeres y Hombres (SISEMH) para brindar acompa\u00f1amiento integral a la v\u00edctima incluyendo la solicitud de emisi\u00f3n de las \u00f3rdenes de protecci\u00f3n necesarias que garanticen su seguridad e integridad f\u00edsica y emocional.<\/p>\n\n\n\n<p class=\"wp-block-paragraph\">Que las autoridades correspondientes inicien investigaci\u00f3n respecto del actuar de la Contralor\u00eda Interna y la Unidad de G\u00e9nero del Ayuntamiento de Tototl\u00e1n y se inicien las investigaciones de responsabilidad en contra de todas y todos los funcionarios omisos.<\/p>\n\n\n\n<p class=\"wp-block-paragraph\">Finalmente, solicitan a las autoridades competentes en casos de violencia pol\u00edtica contra las mujeres en raz\u00f3n de g\u00e9nero inicien los procedimientos de sanci\u00f3n de manera oficiosa, especialmente el Instituto Electoral y de Participaci\u00f3n Ciudadana del Estado de Jalisco IEPC.<\/p>\n\n\n\n<p class=\"wp-block-paragraph\">Como medida preventiva, exigen se separe del cargo de inmediato y se inicien los procesos de responsabilidad en contra Efra\u00edn Mart\u00ednez I\u00f1iguez director de padr\u00f3n y licencias.<\/p>\n\n\n\n<p class=\"wp-block-paragraph\">A la v\u00edctima y a todas las ni\u00f1as y mujeres en el estado de Jalisco, les reiteramos que no est\u00e1n solas en sus procesos de denuncia en contra de los agresores. Que reconocemos a la trabajadora del Ayuntamiento de Tototlan su valent\u00eda por hacer esta denuncia p\u00fablica que permite desnaturalizar la violencia sistem\u00e1tica y estructural que viven las ni\u00f1as y las mujeres todos los d\u00edas, ante la indolencia gubernamental y que no estamos dispuestas a seguir permitiendo ni un solo caso de acoso, hostigamiento, violencia sexual, violencia pol\u00edtica, violencia institucional o cualquier modalidad de violencia en contra de las ni\u00f1as y las mujeres en ning\u00fan \u00e1mbito, ni en el privado, ni el p\u00fablico.<\/p>\n\n\n\n<p class=\"wp-block-paragraph\">Las firmantes son:<\/p>\n\n\n\n<p class=\"wp-block-paragraph\">Eva Avil\u00e9s G-10 por Jalisco, Guadalupe Ramos Comit\u00e9 de Am\u00e9rica Latina y el Caribe para la defensa de los derechos de las Mujeres (CLADEM), Dolores P\u00e9rez Lazcarro Portavoces de Paz, Laura N. Plascencia Pacheco G-10 por Jalisco, Linda D\u00e1vila Consejo Ciudadano 100 por Jalisco, Jessica Alcaraz FEMAC Jalisco, Rosa Mar\u00eda Gonz\u00e1lez Mujeres por la Justicia Social: \u00c1tala Apodaca; Nadia Loera Asociaci\u00f3n Civil Mujer Estigma y Privilegio; Bertha Mariana L\u00f3pez Aguirre Colectivo REPADE Redes de Paz, Derechos Humanos e Igualdad; Sandra Qui\u00f1ones Colectivo Mujeres Puerto Vallarta..<\/p>\n","protected":false},"excerpt":{"rendered":"<p>Guadalajara, Jalisco al 5 de febrero del 2021 El Comit\u00e9 de Am\u00e9rica Latina y el Caribe para la Defensa de los Derechos de las Mujeres (CLADEM), G 10 X Jalisco, Mujeres por la Justicia Social: Atala Apodaca, y diversas organizaciones feministas de Jalisco y a t\u00edtulo individual expresan su indignaci\u00f3n por las evidentes violaciones a [&hellip;]<\/p>\n","protected":false},"author":3,"featured_media":31500,"comment_status":"open","ping_status":"open","sticky":false,"template":"","format":"standard","meta":{"_monsterinsights_skip_tracking":false,"footnotes":""},"categories":[692,47],"tags":[],"class_list":["post-31499","post","type-post","status-publish","format-standard","has-post-thumbnail","category-692","category-no-mas-impunidad"],"_links":{"self":[{"href":"https:\/\/redsemlac.com\/semmexico\/wp-json\/wp\/v2\/posts\/31499","targetHints":{"allow":["GET"]}}],"collection":[{"href":"https:\/\/redsemlac.com\/semmexico\/wp-json\/wp\/v2\/posts"}],"about":[{"href":"https:\/\/redsemlac.com\/semmexico\/wp-json\/wp\/v2\/types\/post"}],"author":[{"embeddable":true,"href":"https:\/\/redsemlac.com\/semmexico\/wp-json\/wp\/v2\/users\/3"}],"replies":[{"embeddable":true,"href":"https:\/\/redsemlac.com\/semmexico\/wp-json\/wp\/v2\/comments?post=31499"}],"version-history":[{"count":0,"href":"https:\/\/redsemlac.com\/semmexico\/wp-json\/wp\/v2\/posts\/31499\/revisions"}],"wp:featuredmedia":[{"embeddable":true,"href":"https:\/\/redsemlac.com\/semmexico\/wp-json\/wp\/v2\/media\/31500"}],"wp:attachment":[{"href":"https:\/\/redsemlac.com\/semmexico\/wp-json\/wp\/v2\/media?parent=31499"}],"wp:term":[{"taxonomy":"category","embeddable":true,"href":"https:\/\/redsemlac.com\/semmexico\/wp-json\/wp\/v2\/categories?post=31499"},{"taxonomy":"post_tag","embeddable":true,"href":"https:\/\/redsemlac.com\/semmexico\/wp-json\/wp\/v2\/tags?post=31499"}],"curies":[{"name":"wp","href":"https:\/\/api.w.org\/{rel}","templated":true}]}}