{"id":3149,"date":"2019-01-10T01:44:21","date_gmt":"2019-01-10T01:44:21","guid":{"rendered":"https:\/\/redsemlac.com\/semmexico\/?p=3149"},"modified":"2023-07-21T14:43:34","modified_gmt":"2023-07-21T19:43:34","slug":"exigen-justicia-para-monica-y-monserrat","status":"publish","type":"post","link":"https:\/\/redsemlac.com\/semmexico\/exigen-justicia-para-monica-y-monserrat\/","title":{"rendered":"Exigen justicia para M\u00f3nica y Monserrat"},"content":{"rendered":"\n<p class=\"wp-block-paragraph\"><a href=\"https:\/\/www.semmexico.com\/gallery-post.php?id=6799#\">Ana Alicia Osorio,<\/a><\/p>\n\n\n\n<p class=\"wp-block-paragraph\">SemM\u00e9xico, Veracruz, 10 enero 2019.- Las velas en las manos sirvieron para que algunas mujeres de Veracruz alzaran la voz contra los feminicidios, que se\u00f1alaron han incrementado en la entidad.<\/p>\n\n\n\n<p class=\"wp-block-paragraph\">Una vez m\u00e1s mujeres tuvieron que salir ahora a la macroplaza del malec\u00f3n de Veracruz para exigir justicia, seguridad y que se cumplan las alertas de violencia de g\u00e9nero que est\u00e1n activas en el estado de Veracruz, incluyendo la de violencia feminicida.<\/p>\n\n\n\n<p class=\"wp-block-paragraph\">\u201cNos solidarizamos con las familias y todas las v\u00edctimas y exigimos al gobierno del estado de Veracruz, la legislatura, a las autoridades responsables de los sistemas de seguridad y se publica, que cumpla con su responsabilidad de atender forma urgente con eficiencia y eficacia, este grave problema\u201d, asegur\u00f3 Ana Irene Muro Lagunes como vocera de las manifestantes, al leer el comunicado que firmaron organizaciones como Colectiva Colmena Verde, Movimiento Amplio de Mujeres, entre otros grupos.&nbsp;<\/p>\n\n\n\n<p class=\"wp-block-paragraph\">Adem\u00e1s, indic\u00f3 que de acuerdo con los datos de la sociedad civil los feminicidios han incrementado ya que tan s\u00f3lo durante el \u00faltimo a\u00f1o se presentaron m\u00e1s de 200 asesinatos de mujeres.<\/p>\n\n\n\n<p class=\"wp-block-paragraph\">Durante la manifestaci\u00f3n las mujeres pidieron justicia por M\u00f3nica y Monserrat dos j\u00f3venes que fueron asesinadas tan s\u00f3lo en las \u00faltimas semanas en el puerto de Veracruz, as\u00ed como por todas las mujeres que han sido v\u00edctimas de estos cr\u00edmenes.&nbsp;<\/p>\n\n\n\n<p class=\"wp-block-paragraph\">Ellas no han sido las \u00fanicas que han alzado la voz para exigir el cese a las violencias contra las mujeres pues tan s\u00f3lo en los \u00faltimos d\u00edas la Red de Mujeres Feministas del Estado de Veracruz y el Observatorio Ciudadano Nacional del Feminicidio tambi\u00e9n han emitido comunicados para indicar la necesidad de implementar medidas urgentes para detener estos delitos y brindar justicia a las v\u00edctimas.<\/p>\n\n\n\n<p class=\"wp-block-paragraph\">SEM\/aaog\/sj<br><\/p>\n","protected":false},"excerpt":{"rendered":"<p>Ana Alicia Osorio, SemM\u00e9xico, Veracruz, 10 enero 2019.- Las velas en las manos sirvieron para que algunas mujeres de Veracruz alzaran la voz contra los feminicidios, que se\u00f1alaron han incrementado en la entidad. Una vez m\u00e1s mujeres tuvieron que salir ahora a la macroplaza del malec\u00f3n de Veracruz para exigir justicia, seguridad y que se [&hellip;]<\/p>\n","protected":false},"author":3,"featured_media":3150,"comment_status":"open","ping_status":"open","sticky":false,"template":"","format":"standard","meta":{"_monsterinsights_skip_tracking":false,"footnotes":""},"categories":[690,48],"tags":[],"class_list":["post-3149","post","type-post","status-publish","format-standard","has-post-thumbnail","category-690","category-no-mas-impunidad-no-mas-impunidad"],"_links":{"self":[{"href":"https:\/\/redsemlac.com\/semmexico\/wp-json\/wp\/v2\/posts\/3149","targetHints":{"allow":["GET"]}}],"collection":[{"href":"https:\/\/redsemlac.com\/semmexico\/wp-json\/wp\/v2\/posts"}],"about":[{"href":"https:\/\/redsemlac.com\/semmexico\/wp-json\/wp\/v2\/types\/post"}],"author":[{"embeddable":true,"href":"https:\/\/redsemlac.com\/semmexico\/wp-json\/wp\/v2\/users\/3"}],"replies":[{"embeddable":true,"href":"https:\/\/redsemlac.com\/semmexico\/wp-json\/wp\/v2\/comments?post=3149"}],"version-history":[{"count":0,"href":"https:\/\/redsemlac.com\/semmexico\/wp-json\/wp\/v2\/posts\/3149\/revisions"}],"wp:featuredmedia":[{"embeddable":true,"href":"https:\/\/redsemlac.com\/semmexico\/wp-json\/wp\/v2\/media\/3150"}],"wp:attachment":[{"href":"https:\/\/redsemlac.com\/semmexico\/wp-json\/wp\/v2\/media?parent=3149"}],"wp:term":[{"taxonomy":"category","embeddable":true,"href":"https:\/\/redsemlac.com\/semmexico\/wp-json\/wp\/v2\/categories?post=3149"},{"taxonomy":"post_tag","embeddable":true,"href":"https:\/\/redsemlac.com\/semmexico\/wp-json\/wp\/v2\/tags?post=3149"}],"curies":[{"name":"wp","href":"https:\/\/api.w.org\/{rel}","templated":true}]}}