{"id":31474,"date":"2021-02-05T17:58:11","date_gmt":"2021-02-05T17:58:11","guid":{"rendered":"https:\/\/redsemlac.com\/semmexico\/?p=31474"},"modified":"2023-07-21T16:47:30","modified_gmt":"2023-07-21T21:47:30","slug":"el-parlamento-europeo-aprueba-dos-medidas-sobre-la-perspectiva-de-genero","status":"publish","type":"post","link":"https:\/\/redsemlac.com\/semmexico\/el-parlamento-europeo-aprueba-dos-medidas-sobre-la-perspectiva-de-genero\/","title":{"rendered":"El Parlamento Europeo aprueba dos medidas sobre la perspectiva de g\u00e9nero"},"content":{"rendered":"\n<p class=\"wp-block-paragraph\">Paula Berzal<\/p>\n\n\n\n<p class=\"wp-block-paragraph\">SemM\u00e9xico. Madrid, 05 febr. 21. AmecoPres.-\u00a0<em>El parlamento Europeo ha aprobado dos medidas fundamentales para el desarrollo de la igualdad de g\u00e9nero. La crisis del coronavirus ha provocado graves consecuencias, pero ha afectado de diferente manera en mujeres y hombres. La COVID ha tra\u00eddo consigo deficiencias respecto a la igualdad de g\u00e9nero y a los derechos humanos de las mujeres.<\/em><\/p>\n\n\n\n<p class=\"wp-block-paragraph\">La eurodiputada, Frances Fitzgerald present\u00f3 un informe sobre la perspectiva de g\u00e9nero en la crisis de la Covid y la situaci\u00f3n de las mujeres en el per\u00edodo posterior a la pandemia. Entre los diferentes puntos propuestos, destaca la insuficiencia de las acciones contra la violencia machista. Por ello, la Euroc\u00e1mara ha decidido que los Estados miembros construyan sistemas m\u00e1s seguros. Adem\u00e1s, la C\u00e1mara invita a ratificar el Convenio de Estambul y pide al Consejo que incluya la violencia machista como uno de los delitos penales de la UE.<\/p>\n\n\n\n<h3 class=\"wp-block-heading\"><strong>Despu\u00e9s de muchas horas de trabajo el Parlamento Europeo ha dado un paso<\/strong><\/h3>\n\n\n\n<p class=\"wp-block-paragraph\">Una vez aprobada la medida de la perspectiva de g\u00e9nero en la crisis de la covid-19 con 485 votos a favor, 86 en contra y 108 abstenciones, cabe destacar la resoluci\u00f3n de la estrategia de la UE para la igualdad de g\u00e9nero, en este caso: 464 votos a favor, 119 en contra y 93 abstenciones.<\/p>\n\n\n\n<p class=\"wp-block-paragraph\">Este segundo informe presenta la lucha contra la violencia y el acoso sexual, la igualdad laboral, el fin de la brecha salarial y la ruptura con el techo de cristal para conseguir que las mujeres asciendan a puestos directivos.<\/p>\n","protected":false},"excerpt":{"rendered":"<p>Paula Berzal SemM\u00e9xico. Madrid, 05 febr. 21. AmecoPres.-\u00a0El parlamento Europeo ha aprobado dos medidas fundamentales para el desarrollo de la igualdad de g\u00e9nero. La crisis del coronavirus ha provocado graves consecuencias, pero ha afectado de diferente manera en mujeres y hombres. La COVID ha tra\u00eddo consigo deficiencias respecto a la igualdad de g\u00e9nero y a [&hellip;]<\/p>\n","protected":false},"author":3,"featured_media":31475,"comment_status":"open","ping_status":"open","sticky":false,"template":"","format":"standard","meta":{"_monsterinsights_skip_tracking":false,"footnotes":""},"categories":[692,53],"tags":[],"class_list":["post-31474","post","type-post","status-publish","format-standard","has-post-thumbnail","category-692","category-internacional"],"_links":{"self":[{"href":"https:\/\/redsemlac.com\/semmexico\/wp-json\/wp\/v2\/posts\/31474","targetHints":{"allow":["GET"]}}],"collection":[{"href":"https:\/\/redsemlac.com\/semmexico\/wp-json\/wp\/v2\/posts"}],"about":[{"href":"https:\/\/redsemlac.com\/semmexico\/wp-json\/wp\/v2\/types\/post"}],"author":[{"embeddable":true,"href":"https:\/\/redsemlac.com\/semmexico\/wp-json\/wp\/v2\/users\/3"}],"replies":[{"embeddable":true,"href":"https:\/\/redsemlac.com\/semmexico\/wp-json\/wp\/v2\/comments?post=31474"}],"version-history":[{"count":0,"href":"https:\/\/redsemlac.com\/semmexico\/wp-json\/wp\/v2\/posts\/31474\/revisions"}],"wp:featuredmedia":[{"embeddable":true,"href":"https:\/\/redsemlac.com\/semmexico\/wp-json\/wp\/v2\/media\/31475"}],"wp:attachment":[{"href":"https:\/\/redsemlac.com\/semmexico\/wp-json\/wp\/v2\/media?parent=31474"}],"wp:term":[{"taxonomy":"category","embeddable":true,"href":"https:\/\/redsemlac.com\/semmexico\/wp-json\/wp\/v2\/categories?post=31474"},{"taxonomy":"post_tag","embeddable":true,"href":"https:\/\/redsemlac.com\/semmexico\/wp-json\/wp\/v2\/tags?post=31474"}],"curies":[{"name":"wp","href":"https:\/\/api.w.org\/{rel}","templated":true}]}}