{"id":31471,"date":"2021-02-05T17:55:11","date_gmt":"2021-02-05T17:55:11","guid":{"rendered":"https:\/\/redsemlac.com\/semmexico\/?p=31471"},"modified":"2023-07-21T16:47:30","modified_gmt":"2023-07-21T21:47:30","slug":"el-cuidado-tiene-rostro-de-mujer-y-esto-hay-que-cambiarlo","status":"publish","type":"post","link":"https:\/\/redsemlac.com\/semmexico\/el-cuidado-tiene-rostro-de-mujer-y-esto-hay-que-cambiarlo\/","title":{"rendered":"\u00abEl cuidado tiene rostro de mujer y esto hay que cambiarlo\u00bb"},"content":{"rendered":"\n<p class=\"wp-block-paragraph\">Paula Berzal<\/p>\n\n\n\n<p class=\"wp-block-paragraph\">Laura Baena y Carolina El\u00edas se unen para dar voz a la conciliaci\u00f3n\u00a0<\/p>\n\n\n\n<p class=\"wp-block-paragraph\">SemM\u00e9xico\/ AmecoPress. Madrid, 05 febr. 21. &#8211;<em>Calala Fondo de Mujeres ha reunido a dos activistas feministas que apoyan la conciliaci\u00f3n y el cuidado. Laura Baena fundadora del Club de MalasMadres destapa los roles tradicionales de la maternidad e insiste en la necesidad de crear nuevos sistemas que permitan conciliar el cuidado con el mundo laboral. Por otro lado, Carolina El\u00edas, presidenta de SEDOAC alza la voz para pedir equidad respecto a los derechos de las empleadas de hogar.<\/em><\/p>\n\n\n\n<p class=\"wp-block-paragraph\"><a href=\"https:\/\/amecopress.net\/IMG\/jpg\/baena-kbwf-u70431162801hdf-624x400_diario_20sur.jpg\"><\/a><br>Este encuentro ha sacado a la luz las barreras internas del hogar y los estereotipos de la educaci\u00f3n, porque como apunta Laura Baena: \u00abNo queremos renunciar al trabajo, nuestro objetivo es que el d\u00eda de ma\u00f1ana nuestras hijas no tengan que hacerlo\u00bb<\/p>\n\n\n\n<figure class=\"wp-block-image\"><a href=\"https:\/\/amecopress.net\/IMG\/jpg\/oif.jpg\"><img decoding=\"async\" src=\"https:\/\/amecopress.net\/local\/cache-vignettes\/L623xH430\/oif-0fb20.jpg\" alt=\"JPEG\"\/><\/a><\/figure>\n\n\n\n<h3 class=\"wp-block-heading\">La maternidad es el futuro y hay que construir un sistema que permita la conciliaci\u00f3n<\/h3>\n\n\n\n<p class=\"wp-block-paragraph\">A lo largo de la historia, las mujeres han tenido que renunciar a sus carreras profesionales para dedicarse \u00fanicamente al cuidado. \u00abEsta responsabilidad tiene rostro de mujer. No podemos permitirlo, porque las mujeres tambi\u00e9n podemos decidir no dedicarnos al cuidado\u00bb, subraya la presidenta del Club de MalasMadres. Pero para conseguirlo es necesario romper con los roles de g\u00e9nero y construir redes formales de cuidado.<\/p>\n\n\n\n<p class=\"wp-block-paragraph\">Por otro lado, Carolina El\u00edas se une al debate para se\u00f1alar la importancia de la creaci\u00f3n de pol\u00edticas que garanticen el cuidado y la equidad de derechos. \u00abEl estado debe de asegurar cuidados para toda la ciudadan\u00eda\u00bb, expone la presidenta de SEDOAC.<\/p>\n\n\n\n<h3 class=\"wp-block-heading\">Es una responsabilidad de mujeres, hombres, sociedad y Estado<\/h3>\n\n\n\n<p class=\"wp-block-paragraph\">Seg\u00fan El\u00edas el cuidado es como el aire, una necesidad invisible pero necesaria. Otra cuesti\u00f3n que ha sido dialogada es la falta de corresponsabilidad que conduce a una desigualdad muy marcada. Laura Baena afirma que para que exista un cambio, los hombres tienen que asumir sus privilegios y romper con ellos. \u00abNos faltan hombres que den pasos hacia adelante\u00bb, concluye.<\/p>\n\n\n\n<p class=\"wp-block-paragraph\">Carolina no ha querido acabar sin reconocer la labor de las empleadas de hogar, un trabajo que no est\u00e1 valorado econ\u00f3micamente, pol\u00edticamente, ni socialmente. \u00abSe debe de reconocer el valor de los cuidados para iniciar el cambio\u00bb, declara El\u00edas. Para ello, tambi\u00e9n hay que visibilizar a las mujeres que cuidan a nuestras hijas e hijos cuando estamos trabajando.<\/p>\n","protected":false},"excerpt":{"rendered":"<p>Paula Berzal Laura Baena y Carolina El\u00edas se unen para dar voz a la conciliaci\u00f3n\u00a0 SemM\u00e9xico\/ AmecoPress. Madrid, 05 febr. 21. &#8211;Calala Fondo de Mujeres ha reunido a dos activistas feministas que apoyan la conciliaci\u00f3n y el cuidado. Laura Baena fundadora del Club de MalasMadres destapa los roles tradicionales de la maternidad e insiste en [&hellip;]<\/p>\n","protected":false},"author":3,"featured_media":31472,"comment_status":"open","ping_status":"open","sticky":false,"template":"","format":"standard","meta":{"_monsterinsights_skip_tracking":false,"footnotes":""},"categories":[692,53],"tags":[],"class_list":["post-31471","post","type-post","status-publish","format-standard","has-post-thumbnail","category-692","category-internacional"],"_links":{"self":[{"href":"https:\/\/redsemlac.com\/semmexico\/wp-json\/wp\/v2\/posts\/31471","targetHints":{"allow":["GET"]}}],"collection":[{"href":"https:\/\/redsemlac.com\/semmexico\/wp-json\/wp\/v2\/posts"}],"about":[{"href":"https:\/\/redsemlac.com\/semmexico\/wp-json\/wp\/v2\/types\/post"}],"author":[{"embeddable":true,"href":"https:\/\/redsemlac.com\/semmexico\/wp-json\/wp\/v2\/users\/3"}],"replies":[{"embeddable":true,"href":"https:\/\/redsemlac.com\/semmexico\/wp-json\/wp\/v2\/comments?post=31471"}],"version-history":[{"count":0,"href":"https:\/\/redsemlac.com\/semmexico\/wp-json\/wp\/v2\/posts\/31471\/revisions"}],"wp:featuredmedia":[{"embeddable":true,"href":"https:\/\/redsemlac.com\/semmexico\/wp-json\/wp\/v2\/media\/31472"}],"wp:attachment":[{"href":"https:\/\/redsemlac.com\/semmexico\/wp-json\/wp\/v2\/media?parent=31471"}],"wp:term":[{"taxonomy":"category","embeddable":true,"href":"https:\/\/redsemlac.com\/semmexico\/wp-json\/wp\/v2\/categories?post=31471"},{"taxonomy":"post_tag","embeddable":true,"href":"https:\/\/redsemlac.com\/semmexico\/wp-json\/wp\/v2\/tags?post=31471"}],"curies":[{"name":"wp","href":"https:\/\/api.w.org\/{rel}","templated":true}]}}