{"id":31468,"date":"2021-02-05T17:52:08","date_gmt":"2021-02-05T17:52:08","guid":{"rendered":"https:\/\/redsemlac.com\/semmexico\/?p=31468"},"modified":"2023-07-21T16:47:30","modified_gmt":"2023-07-21T21:47:30","slug":"onu-mas-de-200-millones-de-ninas-y-mujeres-en-el-mundo-son-victimas-de-la-mutilacion-genital","status":"publish","type":"post","link":"https:\/\/redsemlac.com\/semmexico\/onu-mas-de-200-millones-de-ninas-y-mujeres-en-el-mundo-son-victimas-de-la-mutilacion-genital\/","title":{"rendered":"ONU: m\u00e1s de 200 millones de ni\u00f1as y mujeres en el mundo son v\u00edctimas de la mutilaci\u00f3n genital"},"content":{"rendered":"\n<p class=\"wp-block-paragraph\">Al menos 200 millones de mujeres y ni\u00f1as en 30 pa\u00edses han sido sometidas a la mutilaci\u00f3n genital femenina (MGF), seg\u00fan estimaciones de Naciones Unidas.<\/p>\n\n\n\n<p class=\"wp-block-paragraph\">Con motivo del D\u00eda Internacional de Tolerancia Cero contra esta pr\u00e1ctica, que se celebra ma\u00f1ana s\u00e1bado,&nbsp; de febrero de 2021, Entreculturas denuncia el riesgo de retroceder en la lucha contra esta lacra, que \u00abno es cultura, sino tortura\u00bb, informa Servimedia.<\/p>\n\n\n\n<p class=\"wp-block-paragraph\">\u00abEl aislamiento, el cierre de escuelas y la interrupci\u00f3n de los programas de prevenci\u00f3n\u00bb a causa de la pandemia producir\u00e1n trece millones de matrimonios forzados adicionales en los pr\u00f3ximos diez a\u00f1os; veinte millones de ni\u00f1as m\u00e1s sin escuela, que se sumar\u00e1n a los 129 millones de ni\u00f1as que ya estaban fuera del sistema educativo, y dos millones extra de mutilaciones genitales que podr\u00edan ser evitadas, alert\u00f3 la ONG.<\/p>\n\n\n\n<p class=\"wp-block-paragraph\">Destac\u00f3 que las tasas de adolescentes entre quince y diecinueve a\u00f1os sometidas a mutilaci\u00f3n genital femenina en los treinta pa\u00edses con mayor prevalencia de MGF bajaron de una de cada dos a una de cada tres en el per\u00edodo 2000-2017.<\/p>\n\n\n\n<p class=\"wp-block-paragraph\">\u00abLos datos eran esperanzadores\u00bb, pero la pandemia \u00abest\u00e1 frenando los avances relativos a la protecci\u00f3n de las ni\u00f1as y a la eliminaci\u00f3n de la MGF\u00bb, subray\u00f3 la ONG.<\/p>\n\n\n\n<p class=\"wp-block-paragraph\">Unos 240 millones de ni\u00f1as en todo el mundo est\u00e1n en peligro de padecer las formas m\u00e1s extremas de esta discriminaci\u00f3n, como matrimonios forzados, violencia sexual o mutilaci\u00f3n.<\/p>\n","protected":false},"excerpt":{"rendered":"<p>Al menos 200 millones de mujeres y ni\u00f1as en 30 pa\u00edses han sido sometidas a la mutilaci\u00f3n genital femenina (MGF), seg\u00fan estimaciones de Naciones Unidas. Con motivo del D\u00eda Internacional de Tolerancia Cero contra esta pr\u00e1ctica, que se celebra ma\u00f1ana s\u00e1bado,&nbsp; de febrero de 2021, Entreculturas denuncia el riesgo de retroceder en la lucha contra [&hellip;]<\/p>\n","protected":false},"author":3,"featured_media":31469,"comment_status":"open","ping_status":"open","sticky":false,"template":"","format":"standard","meta":{"_monsterinsights_skip_tracking":false,"footnotes":""},"categories":[692,53],"tags":[],"class_list":["post-31468","post","type-post","status-publish","format-standard","has-post-thumbnail","category-692","category-internacional"],"_links":{"self":[{"href":"https:\/\/redsemlac.com\/semmexico\/wp-json\/wp\/v2\/posts\/31468","targetHints":{"allow":["GET"]}}],"collection":[{"href":"https:\/\/redsemlac.com\/semmexico\/wp-json\/wp\/v2\/posts"}],"about":[{"href":"https:\/\/redsemlac.com\/semmexico\/wp-json\/wp\/v2\/types\/post"}],"author":[{"embeddable":true,"href":"https:\/\/redsemlac.com\/semmexico\/wp-json\/wp\/v2\/users\/3"}],"replies":[{"embeddable":true,"href":"https:\/\/redsemlac.com\/semmexico\/wp-json\/wp\/v2\/comments?post=31468"}],"version-history":[{"count":0,"href":"https:\/\/redsemlac.com\/semmexico\/wp-json\/wp\/v2\/posts\/31468\/revisions"}],"wp:featuredmedia":[{"embeddable":true,"href":"https:\/\/redsemlac.com\/semmexico\/wp-json\/wp\/v2\/media\/31469"}],"wp:attachment":[{"href":"https:\/\/redsemlac.com\/semmexico\/wp-json\/wp\/v2\/media?parent=31468"}],"wp:term":[{"taxonomy":"category","embeddable":true,"href":"https:\/\/redsemlac.com\/semmexico\/wp-json\/wp\/v2\/categories?post=31468"},{"taxonomy":"post_tag","embeddable":true,"href":"https:\/\/redsemlac.com\/semmexico\/wp-json\/wp\/v2\/tags?post=31468"}],"curies":[{"name":"wp","href":"https:\/\/api.w.org\/{rel}","templated":true}]}}