{"id":31465,"date":"2021-02-05T17:49:21","date_gmt":"2021-02-05T17:49:21","guid":{"rendered":"https:\/\/redsemlac.com\/semmexico\/?p=31465"},"modified":"2023-07-21T16:47:31","modified_gmt":"2023-07-21T21:47:31","slug":"capacitaran-a-candidatas-del-proceso-2021-en-guerrero","status":"publish","type":"post","link":"https:\/\/redsemlac.com\/semmexico\/capacitaran-a-candidatas-del-proceso-2021-en-guerrero\/","title":{"rendered":"Capacitar\u00e1n a candidatas del proceso 2021 en Guerrero"},"content":{"rendered":"\n<p class=\"wp-block-paragraph\">Josefina Aguilar Pastor<\/p>\n\n\n\n<p class=\"wp-block-paragraph\">SemM\u00e9xico. Chilpancingo, Guerrero, 4 de febrero de 20121.- El Instituto Electoral y Participaci\u00f3n Ciudadana (IEPC), en coordinaci\u00f3n con la organizaci\u00f3n Comunicaci\u00f3n Intercambio y Desarrollo Humano de Am\u00e9rica Latina (CIDHAL), capacitar\u00e1n a las aspirantes a contender por alg\u00fan cargo de elecci\u00f3n popular, el proceso 2021, ser\u00e1 hist\u00f3rico por el alto porcentaje de participaci\u00f3n de mujeres que buscar\u00e1n una representaci\u00f3n, destac\u00f3 el consejero presidente Nazar\u00edn Vargas Armenta.<\/p>\n\n\n\n<p class=\"wp-block-paragraph\">Este jueves, el IEPC, a trav\u00e9s de la Comisi\u00f3n para la Igualdad y no Discriminaci\u00f3n que encabeza la consejera Vicenta Molina Revuelta, y CIDHAL, hicieron la presentaci\u00f3n de lo que ser\u00e1 el programa de capacitaci\u00f3n que realizaran en el Estado de Guerrero, dirigido a las mujeres que aspiran a alg\u00fan cargo de elecci\u00f3n popular.<\/p>\n\n\n\n<p class=\"wp-block-paragraph\">El consejero presidente del IEPC, Nazar\u00edn Vargas Armenta, subray\u00f3 que el del 2021, es un proceso electoral sin precedentes para la democracia mexicana, adem\u00e1s de ser el m\u00e1s grande en cuanto a n\u00famero de cargos a elegir, ser\u00e1 hist\u00f3rico en cuanto a la participaci\u00f3n de las mujeres ya que nunca antes se hab\u00eda contado con un marco normativo, dise\u00f1ado exclusivamente para garantizarles su leg\u00edtimo derecho a formar parte activa de manera paritaria y libre de violencia en los procesos para acceder a los espacios pol\u00edtico en pleno ejercicio de los mismos.<\/p>\n\n\n\n<p class=\"wp-block-paragraph\">Coment\u00f3 que el programa de capacitaci\u00f3n a impartir, tiene como finalidad difundir el curso virtual \u201cHerramientas para brindar la participaci\u00f3n pol\u00edtica de las Mujeres, cuyo objeto ser\u00e1 capacitar a mujeres porticas sobre la defensa de los derechos humanos y brindarles conocimiento sobre materia de paridad y erradicaci\u00f3n de la violencia pol\u00edtica en raz\u00f3n de g\u00e9nero.<\/p>\n\n\n\n<p class=\"wp-block-paragraph\">Vargas Armenta destac\u00f3 que esta capacitaci\u00f3n, fortalecer\u00e1 el desempe\u00f1o y participaci\u00f3n de las mujeres guerrerenses apara competir por candidaturas de elecci\u00f3n popular, en condiciones de igualdad blindadas desde el conocimiento para defender su derecho a participar en el \u00e1mbito p\u00fablico libre de violencia y de discriminaci\u00f3n.<\/p>\n\n\n\n<p class=\"wp-block-paragraph\">Ang\u00e9lica S\u00e1nchez Santiago coordinadora general de CIDHAL, desglos\u00f3 que son tres proyectos de capacitaci\u00f3n que dicha organizaci\u00f3n ejecuta con recursos del Instituto Nacional Electoral (INE), a trav\u00e9s del programa para el impulso de la participaci\u00f3n pol\u00edtica de las mujeres.<\/p>\n\n\n\n<p class=\"wp-block-paragraph\">El proyecto que ejecutar\u00e1n&nbsp;&nbsp;este a\u00f1o en Guerrero,&nbsp;&nbsp;est\u00e1 enfocado a dotar a las mujeres que aspiran participar en el proceso electoral por alg\u00fan cargo de elecci\u00f3n popular, de herramientas te\u00f3ricas y pr\u00e1ctica para el fortalecimiento de su liderazgo pol\u00edtico, que consistir\u00e1 en un curso virtual de 42 horas dividido en 7 m\u00f3dulos, sesiones los d\u00edas lunes de 6 a 8 de la noche, en los que abordar\u00e1n temas como derechos humanos, derechos pol\u00edtico-electorales, participaci\u00f3n pol\u00edtica de las mujeres, liderazgo pol\u00edtico y negociaci\u00f3n, an\u00e1lisis de documentos, entre otros.<\/p>\n\n\n\n<p class=\"wp-block-paragraph\">Entre las facilitadoras de la capacitaci\u00f3n, S\u00e1nchez Santiago mencion\u00f3 a Rita L\u00f3pez Vences, ex consejera electoral de Oaxaca, la consejera electoral Miriam Hinojosa, Adriana Favela Herrera del INE, Daniel D\u00edaz Cuevas, director general&nbsp;&nbsp;jur\u00eddico de la Fiscal\u00eda especializada en delitos electorales (FEPADE), Alma Delia Eugenio Alcaraz, magistrada del Tribunal electoral del Estado de Guerrero, entre otras y otros ponentes.<\/p>\n\n\n\n<p class=\"wp-block-paragraph\">Vicenta Molina Revuelta, consejera presidenta de la Comisi\u00f3n para la Igualdad y no Discriminaci\u00f3n el IEPC, se\u00f1alo que participaci\u00f3n de la sociedad civil, es vital para la vida democr\u00e1tica del estado de Guerrero, al considerar que sin ciudadan\u00eda no hay democracia, y a la autoridad electoral, le corresponde sentar las bases que posibiliten la participaci\u00f3n pol\u00edtica&nbsp;&nbsp;de las mujeres, que en la actualidad, est\u00e1 garantizada por un robusto cuerpo normativo que asegura por una parte la igualdad y paridad entre los g\u00e9neros y por otra, prev\u00e9 y sanciona la violencia pol\u00edtica contra las mujeres por el solo hecho&nbsp;&nbsp;de ser mujeres.<\/p>\n\n\n\n<p class=\"wp-block-paragraph\">Sin embargo, indic\u00f3 que el trabajo no termina ah\u00ed, debe de crear los puentes para que las mujeres conozcan cu\u00e1les son sus derechos pol\u00edticos, con ejercerlos, que necesitan para hacerlos, saber ante que instancia deben acudir para denunciar y demandar justicia, de ah\u00ed la importancia de este tipo de capacitaci\u00f3n que impartir\u00e1 el IEPC, en coordinaci\u00f3n con CIdhal.<\/p>\n\n\n\n<p class=\"wp-block-paragraph\">Las consejeras Cinthya D\u00edaz fuentes y Dulce Merary Villalobos Tlatempa, coincidieron la necesidad de dotar a las mujeres de las herramientas que les penita participar en el \u00e1mbito pol\u00edtico-electoral, en mejores condiciones de igualdad y libres de violencia.<\/p>\n","protected":false},"excerpt":{"rendered":"<p>Josefina Aguilar Pastor SemM\u00e9xico. Chilpancingo, Guerrero, 4 de febrero de 20121.- El Instituto Electoral y Participaci\u00f3n Ciudadana (IEPC), en coordinaci\u00f3n con la organizaci\u00f3n Comunicaci\u00f3n Intercambio y Desarrollo Humano de Am\u00e9rica Latina (CIDHAL), capacitar\u00e1n a las aspirantes a contender por alg\u00fan cargo de elecci\u00f3n popular, el proceso 2021, ser\u00e1 hist\u00f3rico por el alto porcentaje de participaci\u00f3n [&hellip;]<\/p>\n","protected":false},"author":3,"featured_media":31466,"comment_status":"open","ping_status":"open","sticky":false,"template":"","format":"standard","meta":{"_monsterinsights_skip_tracking":false,"footnotes":""},"categories":[692,141],"tags":[],"class_list":["post-31465","post","type-post","status-publish","format-standard","has-post-thumbnail","category-692","category-elecciones-2020-2021"],"_links":{"self":[{"href":"https:\/\/redsemlac.com\/semmexico\/wp-json\/wp\/v2\/posts\/31465","targetHints":{"allow":["GET"]}}],"collection":[{"href":"https:\/\/redsemlac.com\/semmexico\/wp-json\/wp\/v2\/posts"}],"about":[{"href":"https:\/\/redsemlac.com\/semmexico\/wp-json\/wp\/v2\/types\/post"}],"author":[{"embeddable":true,"href":"https:\/\/redsemlac.com\/semmexico\/wp-json\/wp\/v2\/users\/3"}],"replies":[{"embeddable":true,"href":"https:\/\/redsemlac.com\/semmexico\/wp-json\/wp\/v2\/comments?post=31465"}],"version-history":[{"count":0,"href":"https:\/\/redsemlac.com\/semmexico\/wp-json\/wp\/v2\/posts\/31465\/revisions"}],"wp:featuredmedia":[{"embeddable":true,"href":"https:\/\/redsemlac.com\/semmexico\/wp-json\/wp\/v2\/media\/31466"}],"wp:attachment":[{"href":"https:\/\/redsemlac.com\/semmexico\/wp-json\/wp\/v2\/media?parent=31465"}],"wp:term":[{"taxonomy":"category","embeddable":true,"href":"https:\/\/redsemlac.com\/semmexico\/wp-json\/wp\/v2\/categories?post=31465"},{"taxonomy":"post_tag","embeddable":true,"href":"https:\/\/redsemlac.com\/semmexico\/wp-json\/wp\/v2\/tags?post=31465"}],"curies":[{"name":"wp","href":"https:\/\/api.w.org\/{rel}","templated":true}]}}