{"id":3143,"date":"2019-01-21T01:41:08","date_gmt":"2019-01-21T01:41:08","guid":{"rendered":"https:\/\/redsemlac.com\/semmexico\/?p=3143"},"modified":"2023-07-21T14:41:00","modified_gmt":"2023-07-21T19:41:00","slug":"como-hace-42-anos-casi-nada-ha-cambiado-se-sigue-culpando-a-las-victimas","status":"publish","type":"post","link":"https:\/\/redsemlac.com\/semmexico\/como-hace-42-anos-casi-nada-ha-cambiado-se-sigue-culpando-a-las-victimas\/","title":{"rendered":"Como hace 42 a\u00f1os casi nada ha cambiado, se sigue culpando a las v\u00edctimas"},"content":{"rendered":"\n<p class=\"wp-block-paragraph\"><a href=\"https:\/\/www.semmexico.com\/gallery-post.php?id=6913#\">Soledad Jarqu\u00edn Edgar<\/a><\/p>\n\n\n\n<p class=\"wp-block-paragraph\">-Primera Parte-<\/p>\n\n\n\n<p class=\"wp-block-paragraph\">SemM\u00e9xico, Oaxaca, 21 enero 2019.- En marzo pr\u00f3ximo se cumplir\u00e1n 42 a\u00f1os del asesinato de la enfermera Bertha Alvarado P\u00e9rez el cual qued\u00f3 impune.<\/p>\n\n\n\n<p class=\"wp-block-paragraph\">A las puertas de su casa, el 25 de marzo de 1977, la enfermera de la Direcci\u00f3n de Seguridad P\u00fablica, de 34 a\u00f1os de edad, recibi\u00f3 nueve tiros expansivos que terminaron en segundos con su vida. Su asesino plenamente identificado, Macario Dom\u00ednguez Gonz\u00e1lez era un guardia de la Papelera Tuxtepec y vecino.<\/p>\n\n\n\n<p class=\"wp-block-paragraph\">Patricia Jim\u00e9nez Alvarado cuestiona a la distancia c\u00f3mo los medios, la sociedad y el personal de diversas instituciones fueron los primeros en culpabilizar a la v\u00edctima de lo que hoy estar\u00eda plenamente tipificado como un feminicidio.<\/p>\n\n\n\n<p class=\"wp-block-paragraph\">Por a\u00f1os, refiere a SemM\u00e9xico que a partir de esta historia presentar\u00e1 cinco casos, las hijas e hijos de Bertha Alvarado fueron obligados a callar y referir la violenta muerte de su madre como producto de un lamentable accidente.<\/p>\n\n\n\n<p class=\"wp-block-paragraph\">Patricia Jim\u00e9nez quien a la postre se convertir\u00eda en secretaria de la Universidad Aut\u00f3noma Benito Ju\u00e1rez de Oaxaca, actualmente maestra en la misma instituci\u00f3n y feminista, habla sobre lo sucedido aquella ma\u00f1ana y que habr\u00eda de cambiar la historia de su familia.<\/p>\n\n\n\n<p class=\"wp-block-paragraph\">Recuerda c\u00f3mo su abuela, Concepci\u00f3n P\u00e9rez, se encarg\u00f3 de realizar las gestiones ante las autoridades pues entonces ella, la segunda hija de Bertha, era apenas una adolescente. Pero \u201cmam\u00e1 Concha nunca tuvo ninguna respuesta de las autoridades, el expediente de aquel terrible asesinato simplemente se durmi\u00f3 en la impunidad\u201d.<\/p>\n\n\n\n<p class=\"wp-block-paragraph\">Mis hermanos y yo nos prepar\u00e1bamos para ir a la escuela, yo iba a la secundaria y mi hermano Juan ya hab\u00eda salido de la casa. Tocaron a la puerta y mi mam\u00e1 que estaba cerca, se dispuso a abrir, puso a mi hermano de un a\u00f1o en el suelo. Luego escuch\u00e9 los gritos de Rufi, una muchacha que viv\u00eda con mi abuela, despu\u00e9s se escucharon los disparos. Corr\u00ed y alcanc\u00e9 a abrazar a mi madre quien vomit\u00f3 sangre y en un instante muri\u00f3, dice mientras revive el dolor profundo y la impotencia.<\/p>\n\n\n\n<p class=\"wp-block-paragraph\"><strong>Los d\u00edas previos<\/strong><\/p>\n\n\n\n<p class=\"wp-block-paragraph\">En los primeros d\u00edas de aquella semana, Patricia acompa\u00f1\u00f3 a su abuela a Tuxtepec para visitar a su t\u00eda. Al volver se encontraron con Rufina quien les inform\u00f3 que Bertha y una de sus hijas hab\u00edan sido secuestrada por Macario.<\/p>\n\n\n\n<p class=\"wp-block-paragraph\">Patricia acompa\u00f1ada de un hermano salieron de la casa para buscar a su madre, a quien vieron venir hacia la vivienda ubicada en la calle de Alcal\u00e1, \u201cven\u00eda muy golpeada jalando a mi hermana\u201d.<\/p>\n\n\n\n<p class=\"wp-block-paragraph\">No supimos m\u00e1s. Ella y mi abuela se encerraron para hablar y nos dejaron fuera de la conversaci\u00f3n. Decidieron que mi mam\u00e1 no ir\u00eda a trabajar y que se quedar\u00eda resguardada.<\/p>\n\n\n\n<p class=\"wp-block-paragraph\">Dos d\u00edas despu\u00e9s cuando iba a la tienda con mi hermano de 13 a\u00f1os, nos encontramos a Macario. Nos amenaz\u00f3:<\/p>\n\n\n\n<p class=\"wp-block-paragraph\">\u201cLes voy a hacer algo que nunca se les va a olvida en toda su vida\u201d, nunca nos imaginamos que la asesinar\u00eda.<\/p>\n\n\n\n<p class=\"wp-block-paragraph\">La noche del 24 de marzo le ped\u00ed a mi mam\u00e1 que me explicara y que denunciara a Macario, pero me dijo que hab\u00eda cosas que yo no entend\u00eda.<\/p>\n\n\n\n<p class=\"wp-block-paragraph\">La ma\u00f1ana del 25 de marzo, tras el asesinato de Bertha, la abuela Concepci\u00f3n orden\u00f3 que no me quedara, que me fuera a la escuela, que ella se encargar\u00eda. Pero Patricia se sali\u00f3 de la escuela, lleg\u00f3 a su casa y ya no hab\u00eda nadie, las autoridades ya se hab\u00edan llevado el cuerpo de su mam\u00e1. Le dijeron que estaba en el anfiteatro hasta donde camin\u00f3 para ver el cuerpo de su mam\u00e1.<\/p>\n\n\n\n<p class=\"wp-block-paragraph\">\u201cMe acuerdo que el ayudante del m\u00e9dico legista que estaba en el anfiteatro me dice: pasa. \u00bfQuieres ver c\u00f3mo qued\u00f3 tu mam\u00e1, para que te sirva de ejemplo? Para luego tomar el coraz\u00f3n en sus manos y mostr\u00e1rselo.<\/p>\n\n\n\n<p class=\"wp-block-paragraph\">La misma noche del velorio un compa\u00f1ero del PRT (Partido Revolucionario de los Trabajadores) le dijo: \u201cpara que lloras tanto, no s\u00e9 en que andaba tu mam\u00e1\u201d.<\/p>\n\n\n\n<p class=\"wp-block-paragraph\">Al d\u00eda siguiente fue la prensa la que cuestion\u00f3 la \u201cposible relaci\u00f3n\u201d entre Macario y su madre, voceando la fatal noticia alrededor de la casa familiar.<\/p>\n\n\n\n<p class=\"wp-block-paragraph\">Y despu\u00e9s la prohibici\u00f3n de hablar del asesinato de su madre y el invento de que hab\u00eda muerto, para quienes no lo sab\u00edan, que hab\u00eda sido en un accidente. Incluso por parte de su pareja quien le dijo que nunca deb\u00eda dec\u00edrselo ni a su familia ni a sus hijos.<\/p>\n\n\n\n<p class=\"wp-block-paragraph\">Un \u201cpacto\u201d que ella misma rompi\u00f3 con los a\u00f1os, porque deb\u00eda reivindicar a su madre.<\/p>\n\n\n\n<p class=\"wp-block-paragraph\"><strong>La vida se trastoc\u00f3 para siempre<\/strong><\/p>\n\n\n\n<p class=\"wp-block-paragraph\">Ese d\u00eda se termin\u00f3 todo, la vida de mis hermanos y hermanas peque\u00f1as se trastoc\u00f3 para siempre, un para siempre donde la justicia nunca lleg\u00f3, porque el asesino nunca fue detenido y nadie supo nada de \u00e9l.<\/p>\n\n\n\n<p class=\"wp-block-paragraph\">A mi familia la lacer\u00f3 la impunidad, la falta de justicia, dice Patricia Jim\u00e9nez, quien se\u00f1ala que hace 42 a\u00f1os como ahora la justicia sigue en manos de los hombres que no comprenden, la sociedad normaliza la violencia y culpabiliza a las v\u00edctimas, porque, aunque se reconoce la violencia contra las mujeres casi nada ha cambiado.<\/p>\n\n\n\n<p class=\"wp-block-paragraph\">Aun con todos los derechos ganados, las declaraciones y tratados internacionales, en los hechos se sigue actuando y dejando la mayor\u00eda de los casos en la impunidad, persiste la burocratizaci\u00f3n, adem\u00e1s de la insensibilidad de quienes atienden en las instancias de justicia que, en el lugar de acompa\u00f1ar, culpabilizan a la familia y a las v\u00edctimas. La sociedad te se\u00f1ala.<\/p>\n\n\n\n<p class=\"wp-block-paragraph\">En mi caso me arrebatan a mi madre y tengo que callarlo, ocultarlo, cargar con verg\u00fcenza por muchos a\u00f1os, hasta que entend\u00ed que no ten\u00eda que callar, que no deb\u00eda sentirme avergonzada, que tambi\u00e9n era, junto con mis hermanos y hermanas, una v\u00edctima.<\/p>\n\n\n\n<p class=\"wp-block-paragraph\">SEM\/sj<\/p>\n","protected":false},"excerpt":{"rendered":"<p>Soledad Jarqu\u00edn Edgar -Primera Parte- SemM\u00e9xico, Oaxaca, 21 enero 2019.- En marzo pr\u00f3ximo se cumplir\u00e1n 42 a\u00f1os del asesinato de la enfermera Bertha Alvarado P\u00e9rez el cual qued\u00f3 impune. A las puertas de su casa, el 25 de marzo de 1977, la enfermera de la Direcci\u00f3n de Seguridad P\u00fablica, de 34 a\u00f1os de edad, recibi\u00f3 [&hellip;]<\/p>\n","protected":false},"author":3,"featured_media":3144,"comment_status":"open","ping_status":"open","sticky":false,"template":"","format":"standard","meta":{"_monsterinsights_skip_tracking":false,"footnotes":""},"categories":[690,75,48],"tags":[],"class_list":["post-3143","post","type-post","status-publish","format-standard","has-post-thumbnail","category-690","category-soledad-jarquin-edgar","category-no-mas-impunidad-no-mas-impunidad"],"_links":{"self":[{"href":"https:\/\/redsemlac.com\/semmexico\/wp-json\/wp\/v2\/posts\/3143","targetHints":{"allow":["GET"]}}],"collection":[{"href":"https:\/\/redsemlac.com\/semmexico\/wp-json\/wp\/v2\/posts"}],"about":[{"href":"https:\/\/redsemlac.com\/semmexico\/wp-json\/wp\/v2\/types\/post"}],"author":[{"embeddable":true,"href":"https:\/\/redsemlac.com\/semmexico\/wp-json\/wp\/v2\/users\/3"}],"replies":[{"embeddable":true,"href":"https:\/\/redsemlac.com\/semmexico\/wp-json\/wp\/v2\/comments?post=3143"}],"version-history":[{"count":0,"href":"https:\/\/redsemlac.com\/semmexico\/wp-json\/wp\/v2\/posts\/3143\/revisions"}],"wp:featuredmedia":[{"embeddable":true,"href":"https:\/\/redsemlac.com\/semmexico\/wp-json\/wp\/v2\/media\/3144"}],"wp:attachment":[{"href":"https:\/\/redsemlac.com\/semmexico\/wp-json\/wp\/v2\/media?parent=3143"}],"wp:term":[{"taxonomy":"category","embeddable":true,"href":"https:\/\/redsemlac.com\/semmexico\/wp-json\/wp\/v2\/categories?post=3143"},{"taxonomy":"post_tag","embeddable":true,"href":"https:\/\/redsemlac.com\/semmexico\/wp-json\/wp\/v2\/tags?post=3143"}],"curies":[{"name":"wp","href":"https:\/\/api.w.org\/{rel}","templated":true}]}}