{"id":31349,"date":"2021-02-02T20:56:55","date_gmt":"2021-02-02T20:56:55","guid":{"rendered":"https:\/\/redsemlac.com\/semmexico\/?p=31349"},"modified":"2023-07-21T16:47:33","modified_gmt":"2023-07-21T21:47:33","slug":"ni-un-violador-debe-ser-gobernador","status":"publish","type":"post","link":"https:\/\/redsemlac.com\/semmexico\/ni-un-violador-debe-ser-gobernador\/","title":{"rendered":"Ni un violador debe ser gobernador"},"content":{"rendered":"\n<p class=\"wp-block-paragraph\"><strong>Por: Martha Tagle<\/strong><\/p>\n\n\n\n<p class=\"wp-block-paragraph\">SemM\u00e9xico\/El Sol de M\u00e9xico. Cd. de M\u00e9xico. 02 de febrero 2021.- Un violador deber\u00eda ir a la c\u00e1rcel, no ser postulado para un cargo de elecci\u00f3n popular, ni ser ascendido en su trabajo, ni seguir dando clases, ni dormir en el cuarto de a lado o en la misma cama de su v\u00edctima, ni estar en la calle acosando a mujeres, ni dirigiendo proyectos, ni siendo jueces, ni seguir con una vida normal, pero el hecho es que en el sistema patriarcal: la violaci\u00f3n, la violencia, el control y abuso de los cuerpos de las mujeres es algo que sigue siendo normal, y es por ello que acabar con la violencia y garantizar el acceso de las mujeres a la justicia es hoy la demanda central de los movimientos feministas.<\/p>\n\n\n\n<p class=\"wp-block-paragraph\">La ratificaci\u00f3n de la candidatura a F\u00e9lix Salgado Macedonio a la gubernatura de Guerrero, a pesar de ser se\u00f1alado por diversas acusaciones de violaci\u00f3n, cobra relevancia pues lejos de ser sancionado es premiado con una candidatura, desestimando las denuncias de abuso por no haber sentencias a pesar de que existen testimonios y denuncias formales. Se manda un mensaje claro, para Salgado si vale la ley y est\u00e1n salvo sus derechos pol\u00edticos, mientras que con las victimas de abuso no hay justicia.<\/p>\n\n\n\n<p class=\"wp-block-paragraph\">El argumento de que no se pueden limitar los derechos pol\u00edticos de Salgado Macedonio por que no ha sido sentenciado y que se debe privilegiar el principio de inocencia, choca con la realidad en la que la impunidad es la constante, pues 99% de las violaciones no se atienden.<\/p>\n\n\n\n<p class=\"wp-block-paragraph\">En M\u00e9xico, de acuerdo al m\u00e1s reciente reporte del secretariado ejecutivo del Sistema Nacional de Seguridad P\u00fablica, durante 2020 hubo 16 mil 543 denuncias por violaci\u00f3n; mientras que de acuerdo a la Encuesta Nacional de Seguridad P\u00fablica Urbana del INEGI, 21.6 % de las mujeres de 18 a\u00f1os y m\u00e1s, en el segundo semestre del 2020, enfrent\u00f3 alguna situaci\u00f3n de acoso y\/o violencia sexual, es decir, al menos 1 de cada 5 mexicanas mayores de edad, esto significa que el 99 % de los casos de violaci\u00f3n no hay denuncias o no se inici\u00f3 una investigaci\u00f3n.<\/p>\n\n\n\n<p class=\"wp-block-paragraph\">De los casos denunciados, pocos se judicializan y muchos menos terminan en una sentencia condenatoria. De acuerdo con el estudio \u2018Impunidad feminicida: radiograf\u00eda de los datos oficiales sobre violencia contra las mujeres\u2019, en el caso de&nbsp;<strong>abuso sexual,<\/strong>&nbsp;entre 2017 y 2019, se document\u00f3 que las fiscal\u00edas estatales recibieron 28 mil 977 denuncias; sin embargo, el nivel de sentencias condenatorias conseguidas en el mismo periodo de tiempo fue de apenas 785. Es decir, solo el 2.7% de las denuncias por abuso sexual documentadas acabaron en una sentencia a favor de la v\u00edctima. El 97% restante contin\u00faa impune.<\/p>\n\n\n\n<p class=\"wp-block-paragraph\">En los datos de violencia presentados hay muchos violadores, comunes y corrientes, que se saben impunes, pero en el caso de quienes aspiran ocupar cargos p\u00fablicos adem\u00e1s es un acto de violencia de Estado, pues son las autoridades, de los diferentes niveles y \u00e1mbitos de gobierno, quienes permiten se encumbre un pol\u00edtico con antecedentes de abuso en la total impunidad, pero adem\u00e1s con licencia para seguir haci\u00e9ndolo desde el poder que detenta.<\/p>\n\n\n\n<p class=\"wp-block-paragraph\">Es un hecho que Salgado no es el \u00fanico pol\u00edtico con antecedentes de abuso y violencia, por ello desde la sociedad civil se impuls\u00f3 la iniciativa 3 de 3 contra la violencia, a fin de exigir que quienes aspiren a un cargo de elecci\u00f3n popular no sean deudores alimentarios; no tengan antecedentes de violencia familiar, o cualquier agresi\u00f3n de g\u00e9nero en el \u00e1mbito privado o p\u00fablico; ni de delitos sexuales. Esta iniciativa qued\u00f3 incorporada en los lineamientos del INE contra la violencia pol\u00edtica hacia las mujeres, por lo que los candidatos deber\u00e1n incluir en su registro una declaraci\u00f3n, bajo protesta de decir verdad, de no tener antecedentes de violencia. Es previsible que Salgado, con total desfachatez, la presente. Pero habremos de seguir las v\u00edas legales para impugnarlo, pues las mujeres hemos decidido poner un alto y no permitir que un violador sea gobernador.<\/p>\n","protected":false},"excerpt":{"rendered":"<p>Un violador deber\u00eda ir a la c\u00e1rcel, no ser postulado para un cargo de elecci\u00f3n popular<\/p>\n","protected":false},"author":3,"featured_media":31350,"comment_status":"open","ping_status":"open","sticky":false,"template":"","format":"standard","meta":{"_monsterinsights_skip_tracking":false,"footnotes":""},"categories":[692,110,35],"tags":[],"class_list":["post-31349","post","type-post","status-publish","format-standard","has-post-thumbnail","category-692","category-la-opinion-columnas","category-opinion"],"_links":{"self":[{"href":"https:\/\/redsemlac.com\/semmexico\/wp-json\/wp\/v2\/posts\/31349","targetHints":{"allow":["GET"]}}],"collection":[{"href":"https:\/\/redsemlac.com\/semmexico\/wp-json\/wp\/v2\/posts"}],"about":[{"href":"https:\/\/redsemlac.com\/semmexico\/wp-json\/wp\/v2\/types\/post"}],"author":[{"embeddable":true,"href":"https:\/\/redsemlac.com\/semmexico\/wp-json\/wp\/v2\/users\/3"}],"replies":[{"embeddable":true,"href":"https:\/\/redsemlac.com\/semmexico\/wp-json\/wp\/v2\/comments?post=31349"}],"version-history":[{"count":0,"href":"https:\/\/redsemlac.com\/semmexico\/wp-json\/wp\/v2\/posts\/31349\/revisions"}],"wp:featuredmedia":[{"embeddable":true,"href":"https:\/\/redsemlac.com\/semmexico\/wp-json\/wp\/v2\/media\/31350"}],"wp:attachment":[{"href":"https:\/\/redsemlac.com\/semmexico\/wp-json\/wp\/v2\/media?parent=31349"}],"wp:term":[{"taxonomy":"category","embeddable":true,"href":"https:\/\/redsemlac.com\/semmexico\/wp-json\/wp\/v2\/categories?post=31349"},{"taxonomy":"post_tag","embeddable":true,"href":"https:\/\/redsemlac.com\/semmexico\/wp-json\/wp\/v2\/tags?post=31349"}],"curies":[{"name":"wp","href":"https:\/\/api.w.org\/{rel}","templated":true}]}}