{"id":3134,"date":"2019-01-24T01:34:59","date_gmt":"2019-01-24T01:34:59","guid":{"rendered":"https:\/\/redsemlac.com\/semmexico\/?p=3134"},"modified":"2023-07-21T14:38:36","modified_gmt":"2023-07-21T19:38:36","slug":"desde-noviembre-denuncio-el-acosar-sigue-laborando-en-el-ieepo","status":"publish","type":"post","link":"https:\/\/redsemlac.com\/semmexico\/desde-noviembre-denuncio-el-acosar-sigue-laborando-en-el-ieepo\/","title":{"rendered":"Desde noviembre denunci\u00f3, el acosar sigue laborando en el IEEPO."},"content":{"rendered":"\n<p class=\"wp-block-paragraph\"><a href=\"https:\/\/www.semmexico.com\/gallery-post.php?id=6952#\">Nadia Altamirano<\/a><\/p>\n\n\n\n<p class=\"wp-block-paragraph\">SemM\u00e9xico, Oaxaca, 24 enero 2019.- Grisel M\u00e9ndez Santos, trabajadora del Instituto Estatal de Educaci\u00f3n P\u00fablica de Oaxaca (IEEPO), denunci\u00f3 p\u00fablicamente las repercusiones laborales e intimidaciones a las que se ha enfrentado luego de que el 14 de noviembre pasado denunci\u00f3 por acoso y abuso sexual al Jefe del \u00c1rea de Recursos Humanos de Educaci\u00f3n Secundaria, Benito S. V.<\/p>\n\n\n\n<p class=\"wp-block-paragraph\">En una conferencia de prensa frente a Palacio de Gobierno extern\u00f3 el temor que tiene de ser v\u00edctima de un feminicidio y el riesgo que enfrentan sus dos hijas menores.<\/p>\n\n\n\n<p class=\"wp-block-paragraph\">\u00abMe han perseguido, voy en mi auto manejando, han llegado a colgar oficios a mi tendedero, han llegado a tocar fuertemente a mi puerta con mentadas de madre, que yo abra, me he resguardado porque tengo dos menores hijas y temo por mi vida y las de mis hijas\u00bb, relat\u00f3.<\/p>\n\n\n\n<p class=\"wp-block-paragraph\">De acuerdo con Grisel M\u00e9ndez Santos, desde septiembre pasado fue objeto de agresiones verbales de parte del contador Benito S. V., quien la ma\u00f1ana del 13 de noviembre, que acudi\u00f3 a registrar su llegada \u00abma\u00f1osamente \u00e9l se encontraba ah\u00ed\u00bb porque \u00absab\u00eda qu\u00e9 compa\u00f1eras llegamos temprano\u00bb y ten\u00eda entre abierta la puerta de su oficina.<\/p>\n\n\n\n<p class=\"wp-block-paragraph\">\u00abEn el momento en que me estaba registrando se para, da la vuelta, me agarra el seno, baja las manos para tocarme mis partes \u00edntimas, posteriormente me da en el gluteo y es donde yo reacciono con un golpe y me salgo\u00bb. En ese momento Benito la amenaza de tener influencias con el gobernador y que la iba a poner a disposici\u00f3n.<\/p>\n\n\n\n<p class=\"wp-block-paragraph\">As\u00ed ocurri\u00f3, el 14 de noviembre que M\u00e9ndez Santos se present\u00f3 a laborar su nombre ya no aparec\u00eda en la lista.<\/p>\n\n\n\n<p class=\"wp-block-paragraph\">Los hechos fueron denunciados por la v\u00edctima en varias instancias: la Fiscal\u00eda General del Estado, la Defensor\u00eda de Derechos Humanos del Pueblo de Oaxaca y la Junta Local de Conciliaci\u00f3n y Arbitraje.<\/p>\n\n\n\n<p class=\"wp-block-paragraph\">Denunci\u00f3 la protecci\u00f3n que la titular de la Unidad de Educaci\u00f3n Secundaria, Tania Lizbeth L. A. otorga al contador Benito, solapando \u00abla violencia de g\u00e9nero y el atropello que le hizo a mi persona\u00bb.<\/p>\n\n\n\n<p class=\"wp-block-paragraph\">Aunque en el IEEPO pusieron \u00aba disposici\u00f3n\u00bb a Griselda, no le especificaron a d\u00f3nde: \u00abMe dejaron a la deriva violentando mis derechos humanos. No me permitieron hacer la entrega de mis bienes inmuebles a mi cargo ni me dejaron sacar mis pertenencias\u201d.<\/p>\n\n\n\n<p class=\"wp-block-paragraph\">Aunque Grisel M\u00e9ndez Santos sabe que existen otros cinco casos de trsbajadoras que como ellas enfrentaron acoso sexual, hasta el momento s\u00f3lo ella presento una denuncia formal ante la Fiscal\u00eda General del Estado, la cual est\u00e1 por judicializar la carpeta de investigaci\u00f3n.<\/p>\n\n\n\n<p class=\"wp-block-paragraph\">Por su parte, a trav\u00e9s de un comunicado el IEEPO asegur\u00f3 que \u00abel servidor p\u00fablico se\u00f1alado, se encuentra temporalmente separado de sus funciones, para facilitar las investigaciones de las instancias competentes\u00bb.<\/p>\n\n\n\n<p class=\"wp-block-paragraph\">A trav\u00e9s de la titular de Derechos Humanos del IEEPO, Marlene Aldeco Reyes Retana, se se\u00f1al\u00f3 que el 13 de noviembre de 2018 \u00abG.S.M. fue citada para ser notificada, con pleno respeto a sus derechos laborales, sobre su nuevo centro de trabajo (CT) ya que de acuerdo con la clave Presupuestal que ostenta, pertenece al Nivel de Secundarias Generales; sin embargo, no se present\u00f3 mostrando una actitud de desacato administrativo\u00bb.<\/p>\n\n\n\n<p class=\"wp-block-paragraph\">En torno a la situaci\u00f3n laboral de Grisel \u00abfue asignada a una instituci\u00f3n educativa de su nivel, con la finalidad de que cumpla con su obligaci\u00f3n de estar frente a grupo como lo establece su clave\u00bb de docente.<\/p>\n\n\n\n<p class=\"wp-block-paragraph\">SEM\/na\/sj<br><\/p>\n","protected":false},"excerpt":{"rendered":"<p>Nadia Altamirano SemM\u00e9xico, Oaxaca, 24 enero 2019.- Grisel M\u00e9ndez Santos, trabajadora del Instituto Estatal de Educaci\u00f3n P\u00fablica de Oaxaca (IEEPO), denunci\u00f3 p\u00fablicamente las repercusiones laborales e intimidaciones a las que se ha enfrentado luego de que el 14 de noviembre pasado denunci\u00f3 por acoso y abuso sexual al Jefe del \u00c1rea de Recursos Humanos de [&hellip;]<\/p>\n","protected":false},"author":3,"featured_media":3135,"comment_status":"open","ping_status":"open","sticky":false,"template":"","format":"standard","meta":{"_monsterinsights_skip_tracking":false,"footnotes":""},"categories":[690,48],"tags":[],"class_list":["post-3134","post","type-post","status-publish","format-standard","has-post-thumbnail","category-690","category-no-mas-impunidad-no-mas-impunidad"],"_links":{"self":[{"href":"https:\/\/redsemlac.com\/semmexico\/wp-json\/wp\/v2\/posts\/3134","targetHints":{"allow":["GET"]}}],"collection":[{"href":"https:\/\/redsemlac.com\/semmexico\/wp-json\/wp\/v2\/posts"}],"about":[{"href":"https:\/\/redsemlac.com\/semmexico\/wp-json\/wp\/v2\/types\/post"}],"author":[{"embeddable":true,"href":"https:\/\/redsemlac.com\/semmexico\/wp-json\/wp\/v2\/users\/3"}],"replies":[{"embeddable":true,"href":"https:\/\/redsemlac.com\/semmexico\/wp-json\/wp\/v2\/comments?post=3134"}],"version-history":[{"count":0,"href":"https:\/\/redsemlac.com\/semmexico\/wp-json\/wp\/v2\/posts\/3134\/revisions"}],"wp:featuredmedia":[{"embeddable":true,"href":"https:\/\/redsemlac.com\/semmexico\/wp-json\/wp\/v2\/media\/3135"}],"wp:attachment":[{"href":"https:\/\/redsemlac.com\/semmexico\/wp-json\/wp\/v2\/media?parent=3134"}],"wp:term":[{"taxonomy":"category","embeddable":true,"href":"https:\/\/redsemlac.com\/semmexico\/wp-json\/wp\/v2\/categories?post=3134"},{"taxonomy":"post_tag","embeddable":true,"href":"https:\/\/redsemlac.com\/semmexico\/wp-json\/wp\/v2\/tags?post=3134"}],"curies":[{"name":"wp","href":"https:\/\/api.w.org\/{rel}","templated":true}]}}