{"id":3131,"date":"2019-01-24T01:33:26","date_gmt":"2019-01-24T01:33:26","guid":{"rendered":"https:\/\/redsemlac.com\/semmexico\/?p=3131"},"modified":"2023-07-21T14:38:38","modified_gmt":"2023-07-21T19:38:38","slug":"inconcebible-que-el-priista-enfrente-los-cargos-en-libertad","status":"publish","type":"post","link":"https:\/\/redsemlac.com\/semmexico\/inconcebible-que-el-priista-enfrente-los-cargos-en-libertad\/","title":{"rendered":"Inconcebible que el priista enfrente los cargos en libertad"},"content":{"rendered":"\n<p class=\"wp-block-paragraph\"><a href=\"https:\/\/www.semmexico.com\/gallery-post.php?id=6955#\">Soledad Jarqu\u00edn Edgar<\/a><\/p>\n\n\n\n<p class=\"wp-block-paragraph\"><em>-Cuarta parte-<\/em><\/p>\n\n\n\n<p class=\"wp-block-paragraph\">SemM\u00e9xico, Oaxaca, 24 enero 2019.- Mi hogar est\u00e1 incompleto, dice Silvia L\u00f3pez madre de Silvia Ivanna Mingo L\u00f3pez, quien muri\u00f3 en un accidente automovil\u00edstico el pasado 21 de octubre.<\/p>\n\n\n\n<p class=\"wp-block-paragraph\">Su novio Alfredo D.C. l\u00edder de la Red de J\u00f3venes por M\u00e9xico del Partido Revolucionario Institucional (PRI) conduc\u00eda su autom\u00f3vil tipo Jeep sobre la avenida de Las Etnias en la ciudad de Oaxaca, perdi\u00f3 el control al salir de una curva y se estrell\u00f3 contra un \u00e1rbol.<\/p>\n\n\n\n<p class=\"wp-block-paragraph\">El accidente ocurri\u00f3 cuando faltaban unos minutos para las 03:00 de la ma\u00f1ana, sin embargo, Alfredo D.C. apareci\u00f3 con el autom\u00f3vil a las puertas del Hospital General Dr. Aurelio Valdivieso hasta las 07:00 horas de aquel fat\u00eddico domingo para luego desaparecer.<\/p>\n\n\n\n<p class=\"wp-block-paragraph\">Hasta esa hora me llamaron, dice la madre.<\/p>\n\n\n\n<p class=\"wp-block-paragraph\">\u00bfQu\u00e9 sucedi\u00f3 en esas cuatro horas? Se pregunta y cuestiona la dilaci\u00f3n de las autoridades quienes consideran una injusticia que el culpable de la muerte de su hija enfrente el juicio en libertad.<\/p>\n\n\n\n<p class=\"wp-block-paragraph\">Silvia Ivanna ten\u00eda 26 a\u00f1os, maquillista profesional, ten\u00eda un papel muy importante en la familia de cuatro mujeres por ser la mayor, dice la madre congojada por la tristeza. \u201cSus consejos me ayudaban mucho con sus hermanas menores, me hac\u00eda sentirme fuerte, apoyada\u201d.<\/p>\n\n\n\n<p class=\"wp-block-paragraph\">\u201cUna cree que como persona mayor nos toca irnos primero, pero cuando sucedi\u00f3 el accidente la vida trastoc\u00f3 todo, mi hogar hoy est\u00e1 incompleto y tengo coraje por la forma en que actu\u00f3\u201d (dice refiri\u00e9ndose a Alfredo D.C.).<\/p>\n\n\n\n<p class=\"wp-block-paragraph\">Alfredo D.C. quien reci\u00e9n hab\u00eda ocupado el lugar n\u00famero seis en la lista de candidatos a una diputaci\u00f3n plurinominal por su partido pol\u00edtico, contaba, adem\u00e1s con el apoyo de su mam\u00e1, Rebeca Cervantes, entonces delegada de la Procuradur\u00eda Federal del Consumidor y con el senador del PRI, Ra\u00fal Bola\u00f1os Cacho Cu\u00e9, a quien acompa\u00f1\u00f3 en su campa\u00f1a pol\u00edtica en 2018, tarea que tambi\u00e9n realizara para el hoy gobernador Alejandro Murat.<\/p>\n\n\n\n<p class=\"wp-block-paragraph\">De Alfredo D.C. no volvieron a saber nada hasta que fue obligado legalmente a presentarse en noviembre pasado a la audiencia de vinculaci\u00f3n a proceso, donde el juez determin\u00f3 que llevar\u00eda el proceso en libertad, luego de que su abogado alegara que no se configuraba el \u201cabandono de persona\u201d, considerando que Silvia Ivanna iba dentro del autom\u00f3vil y no hab\u00eda sido atropellada.<\/p>\n\n\n\n<p class=\"wp-block-paragraph\">Lo otro que determin\u00f3 el juez fue que, en la pr\u00f3xima audiencia, a finales de abril pr\u00f3ximo, se presente de manera puntual.<\/p>\n\n\n\n<p class=\"wp-block-paragraph\">La familia de Silvia Ivanna, as\u00ed como diversos abogados no comprenden el proceder del juez y esperan que en abril la justicia llegue.<\/p>\n\n\n\n<p class=\"wp-block-paragraph\">La familia sostiene que aquella ma\u00f1ana, ninguna autoridad lo detuvo, que nunca se le hicieron ex\u00e1menes toxicol\u00f3gicos al inculpado y siguen sin saber \u00bfa d\u00f3nde se llev\u00f3 a Silvia Ivanna durante cuatro horas?&nbsp; Para luego dejarla a las puertas del hospital general Dr. Aurelio Valdivieso, lugar del que huy\u00f3 junto con su mam\u00e1.<\/p>\n\n\n\n<p class=\"wp-block-paragraph\">En diciembre pasado, durante la visita realizada por el presidente Andr\u00e9s Manuel L\u00f3pez Obrador, la familia de Silvia Ivanna le entreg\u00f3 una carta exigiendo justicia.<\/p>\n\n\n\n<p class=\"wp-block-paragraph\">SEM\/sj<br><\/p>\n","protected":false},"excerpt":{"rendered":"<p>Soledad Jarqu\u00edn Edgar -Cuarta parte- SemM\u00e9xico, Oaxaca, 24 enero 2019.- Mi hogar est\u00e1 incompleto, dice Silvia L\u00f3pez madre de Silvia Ivanna Mingo L\u00f3pez, quien muri\u00f3 en un accidente automovil\u00edstico el pasado 21 de octubre. Su novio Alfredo D.C. l\u00edder de la Red de J\u00f3venes por M\u00e9xico del Partido Revolucionario Institucional (PRI) conduc\u00eda su autom\u00f3vil tipo [&hellip;]<\/p>\n","protected":false},"author":3,"featured_media":3132,"comment_status":"open","ping_status":"open","sticky":false,"template":"","format":"standard","meta":{"_monsterinsights_skip_tracking":false,"footnotes":""},"categories":[690,75,48],"tags":[],"class_list":["post-3131","post","type-post","status-publish","format-standard","has-post-thumbnail","category-690","category-soledad-jarquin-edgar","category-no-mas-impunidad-no-mas-impunidad"],"_links":{"self":[{"href":"https:\/\/redsemlac.com\/semmexico\/wp-json\/wp\/v2\/posts\/3131","targetHints":{"allow":["GET"]}}],"collection":[{"href":"https:\/\/redsemlac.com\/semmexico\/wp-json\/wp\/v2\/posts"}],"about":[{"href":"https:\/\/redsemlac.com\/semmexico\/wp-json\/wp\/v2\/types\/post"}],"author":[{"embeddable":true,"href":"https:\/\/redsemlac.com\/semmexico\/wp-json\/wp\/v2\/users\/3"}],"replies":[{"embeddable":true,"href":"https:\/\/redsemlac.com\/semmexico\/wp-json\/wp\/v2\/comments?post=3131"}],"version-history":[{"count":0,"href":"https:\/\/redsemlac.com\/semmexico\/wp-json\/wp\/v2\/posts\/3131\/revisions"}],"wp:featuredmedia":[{"embeddable":true,"href":"https:\/\/redsemlac.com\/semmexico\/wp-json\/wp\/v2\/media\/3132"}],"wp:attachment":[{"href":"https:\/\/redsemlac.com\/semmexico\/wp-json\/wp\/v2\/media?parent=3131"}],"wp:term":[{"taxonomy":"category","embeddable":true,"href":"https:\/\/redsemlac.com\/semmexico\/wp-json\/wp\/v2\/categories?post=3131"},{"taxonomy":"post_tag","embeddable":true,"href":"https:\/\/redsemlac.com\/semmexico\/wp-json\/wp\/v2\/tags?post=3131"}],"curies":[{"name":"wp","href":"https:\/\/api.w.org\/{rel}","templated":true}]}}