{"id":31306,"date":"2021-02-01T20:38:52","date_gmt":"2021-02-01T20:38:52","guid":{"rendered":"https:\/\/redsemlac.com\/semmexico\/?p=31306"},"modified":"2023-07-21T16:47:34","modified_gmt":"2023-07-21T21:47:34","slug":"hoy-se-instalo-el-iii-parlamento-de-mujeres-en-la-ciudad-de-mexico-2021","status":"publish","type":"post","link":"https:\/\/redsemlac.com\/semmexico\/hoy-se-instalo-el-iii-parlamento-de-mujeres-en-la-ciudad-de-mexico-2021\/","title":{"rendered":"Hoy se instal\u00f3 el III Parlamento de Mujeres en la Ciudad de M\u00e9xico 2021"},"content":{"rendered":"\n<ul class=\"wp-block-list\"><li><strong>La presidenta de la Comisi\u00f3n de Derechos humanos capitalina pidi\u00f3 leyes que erradiquen las violencias feminicidas<\/strong><\/li><li><strong>Piden actualizar la Ley de Acceso de las Mujeres a una vida sin Violencia<\/strong><\/li><\/ul>\n\n\n\n<p class=\"wp-block-paragraph\"><strong>Por: Lizbeth \u00c1lvarez Mart\u00ednez.<\/strong><\/p>\n\n\n\n<p class=\"wp-block-paragraph\">SemM\u00e9xico, Cd. de M\u00e9xico, 1\u00ba. de febrero, 2021.-Con los datos del Censo de Poblacional y Vivienda 2020, las mujeres son m\u00e1s de la mitad de todos los habitantes de la Ciudad de M\u00e9xico y a las que se suman 2 millones de mujeres que transitan a diario en la capital del pa\u00eds, y a quienes tambi\u00e9n protege la Constituci\u00f3n local.<\/p>\n\n\n\n<p class=\"wp-block-paragraph\">La Comisi\u00f3n de Derechos Humanos de la Ciudad de M\u00e9xico (CDHCM) al participar en la instalaci\u00f3n del Parlamento de Mujeres de la Ciudad de M\u00e9xico 2021 se congratul\u00f3 por este ejercicio, por los trabajos que emprenden 66 legisladoras sobre la agenda de derechos de este grupo de atenci\u00f3n prioritaria.<\/p>\n\n\n\n<p class=\"wp-block-paragraph\">La Presidenta de este Organismo, Nashieli Ram\u00edrez Hern\u00e1ndez, estuvo presente como invitada a la transmisi\u00f3n de la Sesi\u00f3n en que instal\u00f3 el III Parlamento, en coincidencia con las acciones y la promoci\u00f3n de la agenda de sus derechos.&nbsp;<\/p>\n\n\n\n<p class=\"wp-block-paragraph\">No podremos decir \u2018todas\u2019, ni \u2018todas seguras\u2019, \u2018todas acompa\u00f1adas\u2019, \u2018todas escuchadas\u2019 y \u2018todas representadas\u2019, advirti\u00f3 la Defensora, si no se legisla bajo una mirada que no excluya absolutamente a ninguna, de entre toda la diversidad de mujeres que somos.<\/p>\n\n\n\n<p class=\"wp-block-paragraph\">Llam\u00f3 a trabajar para erradicar las violencias que enfrentan las mujeres en las diferentes modalidades y espacios, incluido el digital \u201cen el contexto de la pandemia, como reflejo de todas las violencias, incluida la institucional y la de la propia casa; que en la pandemia se registra de manera cr\u00edtica\u201d.<\/p>\n\n\n\n<p class=\"wp-block-paragraph\">Las violencias, insisti\u00f3, tienen que atacarse desde la cotidianidad, desde los espacios m\u00e1s \u00edntimos y hasta los m\u00e1s p\u00fablicos; desde las instituciones y hasta las que se registran en la calle, que es d\u00f3nde se refleja el avance de la lucha feminista.<\/p>\n\n\n\n<p class=\"wp-block-paragraph\">En la Sesi\u00f3n tambi\u00e9n intervino la titular de la Secretar\u00eda de las Mujeres en la Ciudad de M\u00e9xico, Ingrid G\u00f3mez Sarac\u00edbar, quien llam\u00f3 a revisar y, en su caso, actualizar la Ley de Acceso a las Mujeres a una Vida Libre de Violencia, as\u00ed como a promover su derecho al tiempo libre, a la cultura y al descanso.<\/p>\n\n\n\n<h3 class=\"wp-block-heading\"><strong>Este mes se cumplen\u00a014 a\u00f1os de la primera Ley General de Acceso de las Mueres a una Vida sin Violencia<\/strong><\/h3>\n\n\n\n<p class=\"wp-block-paragraph\">La Comisi\u00f3n que preside Nashieli Ram\u00edrez Hern\u00e1ndez, destac\u00f3, por otro lado,&nbsp; los&nbsp; &nbsp;14 a\u00f1os transcurridos desde la publicaci\u00f3n de la primera Ley general y 13 de la primera Ley local de acceso de las mujeres a una vida libre de violencia.<\/p>\n\n\n\n<p class=\"wp-block-paragraph\">Dijo que la existencia y publicaci\u00f3n de las leyes que reconocen y promueven los derechos de la mitad de la poblaci\u00f3n, fueron pensadas a la luz de los m\u00e1s altos est\u00e1ndares en la materia.<\/p>\n\n\n\n<p class=\"wp-block-paragraph\">La existencia de un marco normativo nacional y local que encuadre las violencias contra las mujeres, reconozca que esta se puede dar en \u00e1mbitos tradicionalmente catalogados como privados, articule los esfuerzos institucionales y establezca como eje de actuaci\u00f3n la perspectiva de g\u00e9nero, es fundamental.<\/p>\n\n\n\n<p class=\"wp-block-paragraph\">Si bien las leyes son necesarias, detall\u00f3, queda mucho camino por andar en la prevenci\u00f3n, sanci\u00f3n y erradicaci\u00f3n de la violencia contra las mujeres.<\/p>\n\n\n\n<p class=\"wp-block-paragraph\">Por ejemplo en el contexto de la &nbsp;violencia en la familia o de pareja, \u00e9sta&nbsp; se intensific\u00f3 por el confinamiento debido a la emergencia sanitaria. Dio a conocer que &nbsp;la CDHCM abri\u00f3 la L\u00ednea Amiga para atender, otorgar contenci\u00f3n psicoemocional y en su caso, canalizar los casos de violencia contra quienes se encuentran aisladas con sus agresores.<\/p>\n\n\n\n<p class=\"wp-block-paragraph\">El derecho a una vida libre de violencia de las mujeres en la ley de la Ciudad de M\u00e9xico articula&nbsp; pol\u00edticas p\u00fablicas, prev\u00e9 el trabajo en coordinaci\u00f3n interinstitucional y crea el consejo para&nbsp; prevenir, atender, sancionar y erradicar la violencia feminicida.<\/p>\n\n\n\n<p class=\"wp-block-paragraph\">De la violencia contra las mujeres, desde antes de la Bel\u00e9m Do Par\u00e1, se identific\u00f3 que se trata de problema estructural arraigado en la desigualdad de g\u00e9nero y el machismo.<\/p>\n\n\n\n<p class=\"wp-block-paragraph\">Por ello esa Convenci\u00f3n, de car\u00e1cter interamericano, se enfoc\u00f3 en la necesidad &nbsp;de un entendimiento de los derechos humanos y reconoci\u00f3 por primera vez el derecho a una vida libre de violencia de las mujeres, tanto en el \u00e1mbito p\u00fablico como el privado. Fue precedente en el Derecho Internacional de los Derechos Humanos. Particularmente porque la violencia de g\u00e9nero impide y anula el ejercicio de otros derechos.<\/p>\n\n\n\n<p class=\"wp-block-paragraph\">La &nbsp;Ley mexicana, de 2007, estipula con claridad &nbsp;las obligaciones estatales de prevenir, sancionar y erradicar la violencia &nbsp;como establece &nbsp;la Convenci\u00f3n; se armoniz\u00f3 en todas &nbsp;las entidades federativas, la Ciudad de M\u00e9xico.<\/p>\n\n\n\n<p class=\"wp-block-paragraph\">Aprovech\u00f3 la funcionaria para decir que la &nbsp;CDHCM refrenda su deber de defensa, protecci\u00f3n, promoci\u00f3n, respeto y garant\u00eda de los derechos humanos de las mujeres a trav\u00e9s de acciones que cumplan con el contenido y contexto de estas leyes en la emisi\u00f3n de Recomendaciones, Informes tem\u00e1ticos, boletines, acciones transversales y capacitaciones en la materia.<\/p>\n","protected":false},"excerpt":{"rendered":"<p>La presidenta de la Comisi\u00f3n de Derechos humanos capitalina pidi\u00f3 leyes que erradiquen las violencias feminicidas<\/p>\n","protected":false},"author":3,"featured_media":31307,"comment_status":"open","ping_status":"open","sticky":false,"template":"","format":"standard","meta":{"_monsterinsights_skip_tracking":false,"footnotes":""},"categories":[692,50],"tags":[],"class_list":["post-31306","post","type-post","status-publish","format-standard","has-post-thumbnail","category-692","category-congreso"],"_links":{"self":[{"href":"https:\/\/redsemlac.com\/semmexico\/wp-json\/wp\/v2\/posts\/31306","targetHints":{"allow":["GET"]}}],"collection":[{"href":"https:\/\/redsemlac.com\/semmexico\/wp-json\/wp\/v2\/posts"}],"about":[{"href":"https:\/\/redsemlac.com\/semmexico\/wp-json\/wp\/v2\/types\/post"}],"author":[{"embeddable":true,"href":"https:\/\/redsemlac.com\/semmexico\/wp-json\/wp\/v2\/users\/3"}],"replies":[{"embeddable":true,"href":"https:\/\/redsemlac.com\/semmexico\/wp-json\/wp\/v2\/comments?post=31306"}],"version-history":[{"count":0,"href":"https:\/\/redsemlac.com\/semmexico\/wp-json\/wp\/v2\/posts\/31306\/revisions"}],"wp:featuredmedia":[{"embeddable":true,"href":"https:\/\/redsemlac.com\/semmexico\/wp-json\/wp\/v2\/media\/31307"}],"wp:attachment":[{"href":"https:\/\/redsemlac.com\/semmexico\/wp-json\/wp\/v2\/media?parent=31306"}],"wp:term":[{"taxonomy":"category","embeddable":true,"href":"https:\/\/redsemlac.com\/semmexico\/wp-json\/wp\/v2\/categories?post=31306"},{"taxonomy":"post_tag","embeddable":true,"href":"https:\/\/redsemlac.com\/semmexico\/wp-json\/wp\/v2\/tags?post=31306"}],"curies":[{"name":"wp","href":"https:\/\/api.w.org\/{rel}","templated":true}]}}