{"id":31299,"date":"2021-02-01T20:26:25","date_gmt":"2021-02-01T20:26:25","guid":{"rendered":"https:\/\/redsemlac.com\/semmexico\/?p=31299"},"modified":"2023-07-21T16:47:34","modified_gmt":"2023-07-21T21:47:34","slug":"la-eleccion-de-famosos-no-demeritaria-mas-al-congreso-de-la-union","status":"publish","type":"post","link":"https:\/\/redsemlac.com\/semmexico\/la-eleccion-de-famosos-no-demeritaria-mas-al-congreso-de-la-union\/","title":{"rendered":"La elecci\u00f3n de famosos no demeritar\u00eda m\u00e1s al Congreso de la Uni\u00f3n"},"content":{"rendered":"\n<h2 class=\"wp-block-heading\"><strong>Miradas de reportero<\/strong><\/h2>\n\n\n\n<p class=\"wp-block-paragraph\"><strong>Por Rogelio Hern\u00e1ndez L\u00f3pez<\/strong><\/p>\n\n\n\n<p class=\"wp-block-paragraph\">SemM\u00e9xico, Cd. de M\u00e9xico, 1\u00ba. de febrero, 2021.- Exageran periodistas y analistas hipercr\u00edticos al descalificar que pr\u00e1cticamente todos los partidos promuevan, como nunca, al menos a 30 personas famosas en el deporte y la far\u00e1ndula como candidatos a cargos de elecci\u00f3n popular, la mayor\u00eda a diputaciones federales.<\/p>\n\n\n\n<p class=\"wp-block-paragraph\">Pocos entienden que \u00e9se es otro fen\u00f3meno nuevo en el actual ciclo de mutaciones en la pol\u00edtica mexicana y que encausa los amagos de violencia f\u00edsica de la polarizaci\u00f3n actual hacia la zona de cambios pac\u00edficos por la v\u00eda electoral.<\/p>\n\n\n\n<p class=\"wp-block-paragraph\">Los disgustados por esas candidaturas arguyen que carecen de formaci\u00f3n acad\u00e9mica y pol\u00edtica y no sabr\u00e1n polemizar y menos legislar, que el Congreso bajar\u00e1 de calidad. En eso tienen cierta raz\u00f3n, pero no ser\u00e1 por los \u00eddolos porque ya ha ca\u00eddo demasiado el nivel cualitativo desde la hist\u00f3rica LIII Legislatura. Por eso los partidos y los diputados est\u00e1n en el \u00faltimo escal\u00f3n de aceptaci\u00f3n ciudadana.<\/p>\n\n\n\n<p class=\"wp-block-paragraph\"><strong>Aquella legislatura<\/strong><\/p>\n\n\n\n<p class=\"wp-block-paragraph\">Una constancia de reportero. En julio de 1982, poco despu\u00e9s de haber hecho la cobertura period\u00edstica de toda la campa\u00f1a de Arnoldo Mart\u00ednez Verdugo a la presidencia de la Rep\u00fablica, Roberto Rock Lech\u00f3n y yo hicimos un libro que se llam\u00f3 <em>Z\u00f3calo Rojo<\/em>. Despu\u00e9s fui designado por el director de Exc\u00e9lsior para hacer la cr\u00f3nica parlamentaria de las legislaturas LII y LIII en la C\u00e1mara de Diputados.<\/p>\n\n\n\n<p class=\"wp-block-paragraph\">En aquella LIII Legislatura se reflejaba un v\u00f3rtice de cambios sustanciales del r\u00e9gimen pol\u00edtico del pa\u00eds, como el que se vive actualmente, con la diferencia de que entonces la C\u00e1mara de Diputados se integr\u00f3 con una aut\u00e9ntica pl\u00e9yade de pol\u00edticos con ideolog\u00edas firmes, unos bien formados en el ejercicio de gobierno y otros en las oposiciones de izquierda y derecha.<\/p>\n\n\n\n<p class=\"wp-block-paragraph\">El pragmatismo rampl\u00f3n y hasta corrupto para obtener votos y empleos estaba lejos de permear al Congreso y a todas las capas de pol\u00edticos.<\/p>\n\n\n\n<p class=\"wp-block-paragraph\">De los debates y las leyes resultantes de esa legislatura fuimos testigos privilegiados durante tres a\u00f1os. No fueron pocos quienes destacaron como conocedores de leyes, como polemistas, fueron al menos 75 tribunos de alta calidad en los tres polos pol\u00edticos.<\/p>\n\n\n\n<p class=\"wp-block-paragraph\"><strong>Los 30 del gobierno<\/strong><\/p>\n\n\n\n<p class=\"wp-block-paragraph\">En esa legislatura el partido del gobierno (PRI) y sus adl\u00e1teres (PARM y PPS) contaban con por lo menos 30 conocedores de sus temas y polemistas del mejor nivel: Beatriz Paredes Rangel, C\u00e9sar Augusto Santiago, Dante Alfonso Delgado Rannauro, Eduardo Robledo Rinc\u00f3n, Elba Esther Gordillo, Eliseo Mendoza Berrueto, Fernando Ortiz Arana, Germ\u00e1n Corona del Rosal, Guillermo Cos\u00edo Vidaurri, Guillermo Fonseca \u00c1lvarez.<\/p>\n\n\n\n<p class=\"wp-block-paragraph\">Tambi\u00e9n descollaban Luis Donaldo Colosio, Jes\u00fas Murillo Karam, Jos\u00e9 \u00c1ngel Pescador Osuna, Juan Jos\u00e9 Bremer, Manuel Gurr\u00eda Ord\u00f3\u00f1ez, Mar\u00eda Esther Sherman, Mar\u00eda Luisa (La China) Mendoza, Miguel \u00c1ngel Barberena Vega, Nicol\u00e1s Reyn\u00e9s Berezaluce, Renato Vega Alvarado, Ricardo Canavatti, Santiago O\u00f1ate Laborde, S\u00f3crates Rizzo y V\u00edctor Hugo Islas entre otros.<\/p>\n\n\n\n<p class=\"wp-block-paragraph\"><strong>Los 20 del PAN dem\u00f3crata<\/strong><\/p>\n\n\n\n<p class=\"wp-block-paragraph\">El Partido Acci\u00f3n Nacional (PAN) estaba unido, contaba con muchos abogados y ten\u00eda centros de capacitaci\u00f3n jur\u00eddica, adem\u00e1s concentraba familias desarrolladas en la oposici\u00f3n. Bernardo B\u00e1tiz y Jes\u00fas Gonz\u00e1lez Schmall nos presum\u00edan que era una \u201ccorriente de mexicanos que se alejaban de su posici\u00f3n de derecha extrema y promov\u00eda la democratizaci\u00f3n del r\u00e9gimen pol\u00edtico m\u00e1s que combatir a ultranza al partido del gobierno\u201d.<\/p>\n\n\n\n<p class=\"wp-block-paragraph\">De este partido dieron batallas memorables como tribunos al menos 20 de sus legisladores, pero destac\u00f3 siempre por su sapiencia y formas de argumentar Juan de Dios Castro Lozano. A \u00e9l lo reforzaban Pablo Emilio Madero, Alejandro Ca\u00f1edo Ben\u00edtez, Cecilia Romero Castillo, Consuelo Botello de Flores, Federico Ling Altamirano, Gabriel Jim\u00e9nez Remus, Ricardo Garc\u00eda Cervantes, Gonzalo Altamirano Dimas, H\u00e9ctor Ter\u00e1n Ter\u00e1n, Jes\u00fas Gonz\u00e1lez Schmall, Gabriel Jim\u00e9nez Remus, Jorge Eugenio Ortiz Gallegos, Jos\u00e9 \u00c1ngel Conchello y Manuel Orci G\u00e1ndara con otros m\u00e1s.<\/p>\n\n\n\n<p class=\"wp-block-paragraph\"><strong>La izquierda con ideolog\u00eda<\/strong><\/p>\n\n\n\n<p class=\"wp-block-paragraph\">Esa legislatura represent\u00f3 el ensanchamiento de espacios para personas con ideolog\u00eda de izquierda. Confluyeron los l\u00edderes m\u00e1s destacados de todas las corrientes de las izquierdas pol\u00edticas, obreras, campesinas universitarias y populares. Sus tribunos y legisladores m\u00e1s resaltantes fueron al menos 25:<\/p>\n\n\n\n<p class=\"wp-block-paragraph\">La fracci\u00f3n del Partido Socialista Unificado de M\u00e9xico (PSUM) la encabezaba su l\u00edder Arnoldo Mart\u00ednez Verdugo. Formaban parte Alejandro Encinas Rodr\u00edguez (actual subsecretario de Derechos Humanos en la Segob) quien supli\u00f3 al l\u00edder ferrocarrilero Demetrio Vallejo. Fueron notorios tambi\u00e9n Arturo Whaley Mart\u00ednez, Eraclio Zepeda, Gerardo Unzueta Lorenzana, Jorge Alcocer Villanueva, Jos\u00e9 Camilo Valenzuela, Juan Nicasio Guerra Ochoa, Leopoldo de Gyvez de la Cruz, Manuel Terrazas Guerrero, Pablo Pascual Moncayo, Ram\u00f3n Danzos Palomino.<\/p>\n\n\n\n<p class=\"wp-block-paragraph\">El grupo del Partido Mexicano de los Trabajadores (PMT), que luego se disolvi\u00f3 en el PMS, lo presid\u00eda Heberto Castillo Mart\u00ednez y le segu\u00eda Alejandro Gasc\u00f3n Mercado, Miguel Eduardo Valle Espinoza (El B\u00faho), Miguel Osorio Marb\u00e1n, Jos\u00e9 Luis D\u00edaz Moll. En el grupo del Partido Revolucionario de los Trabajadores (PRT) destac\u00f3 m\u00e1s a\u00fan Rosario Ibarra de Piedra y le segu\u00edan, tambi\u00e9n como polemistas destacados: Mar\u00eda Rebeca Ramos M\u00e1rquez, Pedro Jos\u00e9 Pe\u00f1aloza, Ricardo Pascoe Pierce.<\/p>\n\n\n\n<p class=\"wp-block-paragraph\">Era una C\u00e1mara de Diputados que, en sus debates y productos, reflejaba alta calidad en la definici\u00f3n ideol\u00f3gica, en la formaci\u00f3n acad\u00e9mica, pol\u00edtica y de liderazgo social de sus integrantes. No se ha repetido ese nivel y s\u00ed ha deca\u00eddo.<\/p>\n\n\n\n<p class=\"wp-block-paragraph\"><strong>\u00bfQu\u00e9 viene?<\/strong><\/p>\n\n\n\n<p class=\"wp-block-paragraph\">Hasta los primeros d\u00edas de abril se validar\u00e1n las candidaturas a la C\u00e1mara de Diputados del Congreso de la Uni\u00f3n e iniciar\u00e1n las campa\u00f1as.<\/p>\n\n\n\n<p class=\"wp-block-paragraph\">De acuerdo con reportes m\u00e1s recientes de los partidos pol\u00edticos, 448 de los 500 diputados actuales quiere reelegirse. Eso lo decidir\u00e1n los dirigentes de sus partidos. Muchos seguir\u00e1n.<\/p>\n\n\n\n<p class=\"wp-block-paragraph\">Mientras tanto los dirigentes de Encuentro Solidario (PES), Redes Sociales Progresistas (RSP), Movimiento Ciudadano, la coalici\u00f3n del PRI-PAN-PRD y hasta Morena siguen buscando famosos con rating para que les arrimen m\u00e1s votos.<\/p>\n\n\n\n<figure class=\"wp-block-image size-large\"><a href=\"https:\/\/redsemlac.com\/semmexico\/wp-content\/uploads\/2021\/02\/para-columna-de-rogelio.png\"><img loading=\"lazy\" decoding=\"async\" width=\"685\" height=\"260\" src=\"https:\/\/redsemlac.com\/semmexico\/wp-content\/uploads\/2021\/02\/para-columna-de-rogelio.png\" alt=\"\" class=\"wp-image-31302\"\/><\/a><\/figure>\n\n\n\n<p class=\"wp-block-paragraph\">Las estrategias de la oposici\u00f3n quieren arrebatar la mayor\u00eda a Morena en esa c\u00e1mara. Y quiz\u00e1, con m\u00e1s votos y con la combinaci\u00f3n de candidatos famosos y otros con arraigo social logren sacar del actual descr\u00e9dito a los partidos y diputados.<\/p>\n\n\n\n<p class=\"wp-block-paragraph\">Seg\u00fan encuesta de Consulta Mitofsky en diciembre de 2020, la polic\u00eda ya no est\u00e1 en el fondo de la aceptaci\u00f3n ciudadana. Cuando inicien las campa\u00f1as los diputados y los partidos pol\u00edticos estar\u00e1n hasta abajo en la confianza social, en pen\u00faltimo y \u00faltimo lugares.<\/p>\n\n\n\n<p class=\"wp-block-paragraph\">Los nuevos legisladores normalmente reciben de sus partidos cursillos de una o varias semanas para prepararlos. Lo que resulta absolutamente insuficiente si no cuentan previamente con algunas virtudes:<\/p>\n\n\n\n<p class=\"wp-block-paragraph\"><strong>Cuatro condiciones para el buen legislador<\/strong><\/p>\n\n\n\n<p class=\"wp-block-paragraph\">Pol\u00edticos experimentados y te\u00f3ricos aseguran que toda persona que ingrese a la pol\u00edtica sea o no famosa o provenga de capas sociales humildes deber\u00eda contar con al menos las siguientes caracter\u00edsticas:<\/p>\n\n\n\n<p class=\"wp-block-paragraph\">1.&nbsp; Sensibilidad social para entender los padecimientos de los grupos sociales a los que quieran representar:<\/p>\n\n\n\n<p class=\"wp-block-paragraph\">2. Capacidad para mantener comunicaci\u00f3n con sus representados y elevar su organizaci\u00f3n ciudadana, m\u00e1s all\u00e1 de disciplinas partidistas;<\/p>\n\n\n\n<p class=\"wp-block-paragraph\">3. Actitud y visi\u00f3n amplia para correlacionar los distintos problemas sociales y derivar propuestas de soluci\u00f3n, y<\/p>\n\n\n\n<p class=\"wp-block-paragraph\">4. Consultar a personas estudiosas o expertas en todo momento para suplir las oquedades de conocimiento que tienen todas las personas en diversos temas.<\/p>\n\n\n\n<p class=\"wp-block-paragraph\">Esas peculiaridades son las que debemos observar las y los periodistas en cada persona electa o por elegirse, sean \u00eddolos del deporte, del espect\u00e1culo o deriven de grupos sociales de las actividades cotidianas. As\u00ed que no exageremos cuando los tiempos nos obligan a buscar otros m\u00e9todos de an\u00e1lisis para no descalificar sin entender. Ustedes \u00bfqu\u00e9 opinan?<\/p>\n","protected":false},"excerpt":{"rendered":"<p>Exageran periodistas y analistas hipercr\u00edticos al descalificar que pr\u00e1cticamente todos los partidos promuevan, como nunca, al menos a 30 personas famosas en el deporte y la far\u00e1ndula<\/p>\n","protected":false},"author":3,"featured_media":8473,"comment_status":"open","ping_status":"open","sticky":false,"template":"","format":"standard","meta":{"_monsterinsights_skip_tracking":false,"footnotes":""},"categories":[692,106,35,85],"tags":[],"class_list":["post-31299","post","type-post","status-publish","format-standard","has-post-thumbnail","category-692","category-mirada-de-reportero","category-opinion","category-rogelio-hernandez-lopez"],"_links":{"self":[{"href":"https:\/\/redsemlac.com\/semmexico\/wp-json\/wp\/v2\/posts\/31299","targetHints":{"allow":["GET"]}}],"collection":[{"href":"https:\/\/redsemlac.com\/semmexico\/wp-json\/wp\/v2\/posts"}],"about":[{"href":"https:\/\/redsemlac.com\/semmexico\/wp-json\/wp\/v2\/types\/post"}],"author":[{"embeddable":true,"href":"https:\/\/redsemlac.com\/semmexico\/wp-json\/wp\/v2\/users\/3"}],"replies":[{"embeddable":true,"href":"https:\/\/redsemlac.com\/semmexico\/wp-json\/wp\/v2\/comments?post=31299"}],"version-history":[{"count":0,"href":"https:\/\/redsemlac.com\/semmexico\/wp-json\/wp\/v2\/posts\/31299\/revisions"}],"wp:featuredmedia":[{"embeddable":true,"href":"https:\/\/redsemlac.com\/semmexico\/wp-json\/wp\/v2\/media\/8473"}],"wp:attachment":[{"href":"https:\/\/redsemlac.com\/semmexico\/wp-json\/wp\/v2\/media?parent=31299"}],"wp:term":[{"taxonomy":"category","embeddable":true,"href":"https:\/\/redsemlac.com\/semmexico\/wp-json\/wp\/v2\/categories?post=31299"},{"taxonomy":"post_tag","embeddable":true,"href":"https:\/\/redsemlac.com\/semmexico\/wp-json\/wp\/v2\/tags?post=31299"}],"curies":[{"name":"wp","href":"https:\/\/api.w.org\/{rel}","templated":true}]}}