{"id":3128,"date":"2019-01-25T01:31:41","date_gmt":"2019-01-25T01:31:41","guid":{"rendered":"https:\/\/redsemlac.com\/semmexico\/?p=3128"},"modified":"2023-07-21T14:37:35","modified_gmt":"2023-07-21T19:37:35","slug":"de-los-dos-detenidos-uno-fue-liberado-el-ano-pasado-ellas-no-aparecen","status":"publish","type":"post","link":"https:\/\/redsemlac.com\/semmexico\/de-los-dos-detenidos-uno-fue-liberado-el-ano-pasado-ellas-no-aparecen\/","title":{"rendered":"De los dos detenidos, uno fue liberado el a\u00f1o pasado. Ellas no aparecen"},"content":{"rendered":"\n<p class=\"wp-block-paragraph\"><a href=\"https:\/\/www.semmexico.com\/gallery-post.php?id=6967#\">Soledad Jarqu\u00edn Edgar<\/a><\/p>\n\n\n\n<p class=\"wp-block-paragraph\"><em>Quinta parte<\/em><\/p>\n\n\n\n<p class=\"wp-block-paragraph\">SemM\u00e9xico. Oaxaca, 25 enero 2019.- Este a\u00f1o, el 5 de julio, se cumplir\u00e1n 12 a\u00f1os de la desaparici\u00f3n de Daniela y Virginia Ortiz Ram\u00edrez, durante un trayecto entre su casa en la comunidad de El Rastrojo, San Juan Copala, y la poblaci\u00f3n de San Marcos Xinicuesta, en la regi\u00f3n de la mixteca oaxaque\u00f1a.<\/p>\n\n\n\n<p class=\"wp-block-paragraph\">De ambas j\u00f3venes pertenecientes a la etnia triqui, que entonces ten\u00eda 20 y 14 a\u00f1os de edad, nada se sabe desde que su madre Antonia Ram\u00edrez las vio alejarse en un taxi color amarillo.<\/p>\n\n\n\n<p class=\"wp-block-paragraph\">Desde la denuncia de su desaparici\u00f3n interpuesta el 13 de julio de 2007 en subdelegaci\u00f3n de la Procuradur\u00eda General de Justicia del Estado en Putla, donde se abri\u00f3 la averiguaci\u00f3n 187\/2007, al menos tres procuradores de Justicia y un fiscal, as\u00ed como tres gobernadores (Ulises Ruiz Ortiz, Gabino Cu\u00e9 Monteagudo y el actual Alejandro Murat Hinojosa) han conocido del caso, pero las respuestas institucionales reflejan el m\u00e1s alto grado de impunidad.<\/p>\n\n\n\n<p class=\"wp-block-paragraph\">Emelia Ortiz, su prima, hace un recuento de la actuaci\u00f3n de los tres procuradores y del fiscal que pueden resumirse de esta manera:<\/p>\n\n\n\n<p class=\"wp-block-paragraph\">Evencio Nicol\u00e1s Mart\u00ednez Ram\u00edrez, quien era procurador de Oaxaca cuando sucedieron los hechos, en una reuni\u00f3n con familiares de las dos j\u00f3venes desaparecidas dijo que no pod\u00edan arriesgar a su gente (considerando el conflicto que viv\u00eda la etnia triqui en aquel momento). \u201cSi quieren encontrar a su gente, busquen comunidad por comunidad y que si las encuentran les voy a aplaudir\u201d.<\/p>\n\n\n\n<p class=\"wp-block-paragraph\">Fue con el procurador Manuel de Jes\u00fas L\u00f3pez L\u00f3pez fueron detenidos dos personas: Miguel \u00c1ngel Velasco fue detenido el 19 de diciembre de 2011 y Francisco Herrera Mart\u00ednez el 9 de enero de 2012. Ellos fueron se\u00f1alados por testigos de haber sido vistos cuando llevaban, en una camioneta con los ojos vendados y las manos atadas a las hermanas Ortiz Ram\u00edrez. Otros dos implicados no fueron detenidos, se trataba de Jos\u00e9 Ram\u00edrez Flores y Timoteo Alejandro Ram\u00edrez, quien fue asesinado en Yosoyuxi el 20 de mayo de 2010 y sobre quien en 2006 pesaba una denuncia por la violaci\u00f3n tumultuaria a una menor de 13 a\u00f1os.<\/p>\n\n\n\n<p class=\"wp-block-paragraph\">El siguiente procurador fue H\u00e9ctor Joaqu\u00edn Carrillo, con \u00e9l refiere Emelia Ortiz, nos reunimos en febrero de 2013, acordamos que nos volver\u00edamos a ver en un mes, entre tanto, el funcionario anunci\u00f3 buscar\u00eda a su homologo veracruzano para que apoyara con una \u201ccuerdas\u201d con las cu\u00e1les, personal de la fiscal\u00eda deber\u00eda descender en una barranca para buscar a las j\u00f3venes, donde supuestamente hab\u00edan sido arrojadas. Pero nunca hubo la cuerda ni hubo otra reuni\u00f3n.<\/p>\n\n\n\n<p class=\"wp-block-paragraph\">Con el Fiscal Rub\u00e9n Vasconcelos M\u00e9ndez las cosas no mejoraron.&nbsp; En la \u00faltima reuni\u00f3n de octubre pasado, la respuesta fue que valorar\u00edan si hab\u00eda condiciones para entrar a investigar en el barranco ubicado en la comunidad de Yerba Santa. En tanto que el poder judicial liber\u00f3 a Francisco Herrera Merino, uno de los dos detenidos, el 28 de diciembre 2018, porque la juez asegur\u00f3 que lo dicho por los testigos no es ver\u00eddico.<\/p>\n\n\n\n<p class=\"wp-block-paragraph\">En suma, Emelia Ortiz refiere que para su familia la ausencia de sus primas ha sido una pesadilla, pues nadie tiene la certeza de que fueron asesinadas.<\/p>\n\n\n\n<p class=\"wp-block-paragraph\">Se refiere a Antonia Ram\u00edrez, la madre de sus primas, quien desde aquel d\u00eda vive un calvario, la tristeza y las enfermedades han estado presentes en ella de manera permanente.<\/p>\n\n\n\n<p class=\"wp-block-paragraph\">El 5 de julio de 2007, Daniela de 14 a\u00f1os acompa\u00f1\u00f3 a su hermana Virginia, de 20 a\u00f1os de edad y profesora biling\u00fce, a la poblaci\u00f3n de San Marcos Xinicuesta, a donde nunca llegaron. Lo que indica que fueron desparecidas en el trayecto. Como no regresaban Antonia llam\u00f3 al celular de su hija mayor el s\u00e1bado por la ma\u00f1ana desde la caseta telef\u00f3nica de la poblaci\u00f3n, un hombre contest\u00f3 y colg\u00f3.<\/p>\n\n\n\n<p class=\"wp-block-paragraph\">Pens\u00f3 que se hab\u00eda equivocado, volvi\u00f3 a marcar a su hija y esta vez una mujer respondi\u00f3 dici\u00e9ndole que no conoc\u00eda a Virginia, \u201cme preocup\u00f3 que mientras me respond\u00edan, se escuchaban voces de hombres, m\u00fasica y de botellas\u201d.<\/p>\n\n\n\n<p class=\"wp-block-paragraph\">Ese mismo d\u00eda inici\u00f3 la b\u00fasqueda de sus hijas. En la comunidad le dijeron que tal vez ya ten\u00edan novio y que se habr\u00edan ido con ellos. Antonia no crey\u00f3 porque sus hijas le habr\u00edan avisado. Por eso sali\u00f3 de su casa e inici\u00f3 la b\u00fasqueda en las terminales de transporte donde ellas transbordar\u00edan un taxi, pero nadie le dio una respuesta.<\/p>\n\n\n\n<p class=\"wp-block-paragraph\">D\u00edas despu\u00e9s, le informaron que sus hijas fueron vistas cuando eran llevadas en una camioneta con los ojos vendados y las manos atadas. Al paso del tiempo, Antonia Ram\u00edrez recibi\u00f3 la noticia de que sus hijas hab\u00edan sido asesinadas y sus cuerpos arrojados a un barranco en Cumbre Hierba Santa.<\/p>\n\n\n\n<p class=\"wp-block-paragraph\">Antonia se sostiene de una esperanza: volver a ver a sus hijas.<\/p>\n\n\n\n<p class=\"wp-block-paragraph\">Emelia dice que un factor determinante para que la impunidad persista es el hecho de ser pobres, ind\u00edgenas y mujeres.<\/p>\n\n\n\n<p class=\"wp-block-paragraph\">SEM\/sj<\/p>\n","protected":false},"excerpt":{"rendered":"<p>Soledad Jarqu\u00edn Edgar Quinta parte SemM\u00e9xico. Oaxaca, 25 enero 2019.- Este a\u00f1o, el 5 de julio, se cumplir\u00e1n 12 a\u00f1os de la desaparici\u00f3n de Daniela y Virginia Ortiz Ram\u00edrez, durante un trayecto entre su casa en la comunidad de El Rastrojo, San Juan Copala, y la poblaci\u00f3n de San Marcos Xinicuesta, en la regi\u00f3n de [&hellip;]<\/p>\n","protected":false},"author":3,"featured_media":3129,"comment_status":"open","ping_status":"open","sticky":false,"template":"","format":"standard","meta":{"_monsterinsights_skip_tracking":false,"footnotes":""},"categories":[690,75,48],"tags":[],"class_list":["post-3128","post","type-post","status-publish","format-standard","has-post-thumbnail","category-690","category-soledad-jarquin-edgar","category-no-mas-impunidad-no-mas-impunidad"],"_links":{"self":[{"href":"https:\/\/redsemlac.com\/semmexico\/wp-json\/wp\/v2\/posts\/3128","targetHints":{"allow":["GET"]}}],"collection":[{"href":"https:\/\/redsemlac.com\/semmexico\/wp-json\/wp\/v2\/posts"}],"about":[{"href":"https:\/\/redsemlac.com\/semmexico\/wp-json\/wp\/v2\/types\/post"}],"author":[{"embeddable":true,"href":"https:\/\/redsemlac.com\/semmexico\/wp-json\/wp\/v2\/users\/3"}],"replies":[{"embeddable":true,"href":"https:\/\/redsemlac.com\/semmexico\/wp-json\/wp\/v2\/comments?post=3128"}],"version-history":[{"count":0,"href":"https:\/\/redsemlac.com\/semmexico\/wp-json\/wp\/v2\/posts\/3128\/revisions"}],"wp:featuredmedia":[{"embeddable":true,"href":"https:\/\/redsemlac.com\/semmexico\/wp-json\/wp\/v2\/media\/3129"}],"wp:attachment":[{"href":"https:\/\/redsemlac.com\/semmexico\/wp-json\/wp\/v2\/media?parent=3128"}],"wp:term":[{"taxonomy":"category","embeddable":true,"href":"https:\/\/redsemlac.com\/semmexico\/wp-json\/wp\/v2\/categories?post=3128"},{"taxonomy":"post_tag","embeddable":true,"href":"https:\/\/redsemlac.com\/semmexico\/wp-json\/wp\/v2\/tags?post=3128"}],"curies":[{"name":"wp","href":"https:\/\/api.w.org\/{rel}","templated":true}]}}