{"id":31253,"date":"2021-01-30T21:05:16","date_gmt":"2021-01-30T21:05:16","guid":{"rendered":"https:\/\/redsemlac.com\/semmexico\/?p=31253"},"modified":"2023-07-21T16:46:22","modified_gmt":"2023-07-21T21:46:22","slug":"la-violencia-contra-las-mujeres-en-mexico-no-hay-idea","status":"publish","type":"post","link":"https:\/\/redsemlac.com\/semmexico\/la-violencia-contra-las-mujeres-en-mexico-no-hay-idea\/","title":{"rendered":"La violencia contra las mujeres en M\u00e9xico. No hay idea"},"content":{"rendered":"\n<h2 class=\"wp-block-heading\">Desde la mano izquierda<\/h2>\n\n\n\n<p class=\"wp-block-paragraph\"><strong>Por: Claudia Almaguer<\/strong><\/p>\n\n\n\n<p class=\"wp-block-paragraph\">SemM\u00e9xico. San Luis Potos\u00ed. 30 de enero 2021.- No hay circunstancias inexplicables cuando se quiere responder a fen\u00f3menos alarmantes como la violencia contra las mujeres, ninguna de sus pr\u00e1cticas surge de la nada o del azar, el agravamiento percibido en M\u00e9xico y en San Luis Potos\u00ed, tampoco.<\/p>\n\n\n\n<p class=\"wp-block-paragraph\">Durante todo el a\u00f1o 2020, diversos espacios dedicados a su an\u00e1lisis tanto a nivel internacional y nacional, desde la sociedad civil, la academia, el periodismo y la militancia feminista, advirtieron reiteradamente y al mismo tiempo en que se produjeron los cambios de vida debido a la Covid-19, que algunas de sus medidas y sus consecuencias afectar\u00edan a las mujeres de manera desproporcionada, principalmente a quienes fuesen ya v\u00edctimas de agresiones.<\/p>\n\n\n\n<p class=\"wp-block-paragraph\">Partimos de reconocer la previa existencia de esa otra pandemia caracterizada por la desigualdad y la violencia machista contra las mujeres como circunstancia cotidiana e invisible pero creciente desde hace m\u00e1s de una d\u00e9cada. Naciones Unidas registra su presencia en por lo menos 106 pa\u00edses, manifestando a nivel mundial que un 35% de las mujeres ha experimentado violencia f\u00edsica o sexual por parte de su pareja y que diariamente son asesinadas 137 mujeres a manos de miembros de su familia, justo por eso las mujeres salimos a protestar el pasado 8 de marzo por millones y una semana despu\u00e9s, aunque esa segunda crisis no nos call\u00f3, pareciera haber conseguido que las sociedades se olvidaran del problema.<\/p>\n\n\n\n<p class=\"wp-block-paragraph\">De ese mes tambi\u00e9n proviene una aproximaci\u00f3n realizada por el Fondo de Poblaci\u00f3n de las Naciones Unidas, un informe t\u00e9cnico que indica como mensaje central la misma advertencia:&nbsp;<strong>\u201cLa pandemia exacerbar\u00e1 las desigualdades de g\u00e9nero existentes y aumentar\u00e1 los riesgos de violencia de g\u00e9nero. Es necesario priorizar la protecci\u00f3n y la promoci\u00f3n de los derechos de las mujeres y las ni\u00f1as.\u201d<\/strong>&nbsp;Para lo que se propuso hacer frente a la discriminaci\u00f3n contra las mujeres en la respuesta al Covid-19 mediante la asociaci\u00f3n con organizaciones defensoras de sus derechos, integrar a las mujeres en la participaci\u00f3n y la toma de decisiones, fortalecer los medios de protecci\u00f3n social y econ\u00f3mica para enfrentar la desigualdad, as\u00ed como asegurarse de que los sistemas para proteger a las mujeres de la violencia puedan continuar con su labor.<\/p>\n\n\n\n<p class=\"wp-block-paragraph\">As\u00ed mismo, un informe de la ONU de julio de 2020 recomend\u00f3 a los pa\u00edses abordar como prioridad pol\u00edtica los planes de respuesta a la Covid-19 en consonancia con el llamamiento de su Secretario General para&nbsp;<strong>declarar los refugios de mujeres servicios esenciales, crear sistemas de alerta en espacios p\u00fablicos, invertir en servicios en l\u00ednea, asegurar que los sistemas judiciales contin\u00faen procesando a los maltratadores, impedir la liberaci\u00f3n de presos por violencia machista entre otras.<\/strong><\/p>\n\n\n\n<p class=\"wp-block-paragraph\">La mala broma es que consta un documento emitido por la Secretar\u00eda de Relaciones Exteriores&nbsp;<a href=\"https:\/\/www.unwomen.org\/-\/media\/headquarters\/attachments\/sections\/library\/publications\/2020\/a-75-274-submission-mexico-es.pdf?la=es&amp;vs=4209\">https:\/\/www.unwomen.org\/-\/media\/headquarters\/attachments\/sections\/library\/publications\/2020\/a-75-274-submission-mexico-es.pdf?la=es&amp;vs=4209<\/a>&nbsp;en calidad de \u201caportaci\u00f3n\u201d donde se dijo que M\u00e9xico estaba respondiendo mediante la existencia de la Ley General de Acceso de las Mujeres, el Programa de Acci\u00f3n Espec\u00edfico de Salud Sexual y Reproductiva as\u00ed como la Intervenci\u00f3n de Prevenci\u00f3n de la Violencia de G\u00e9nero en la Juventud y la Adolescencia. Es decir, la dichosa respuesta se dio mentando una legislaci\u00f3n que tiene vigente desde 2007.<\/p>\n\n\n\n<p class=\"wp-block-paragraph\">Igualmente dijeron que el Instituto Nacional de las Mujeres estaba dando a conocer que el hostigamiento y el acoso sexual son delitos, que en las entidades ya hab\u00eda leyes de acceso a la vida libre de violencia y que M\u00e9xico se sumaba a elaborar un Plan de Acci\u00f3n para poner fin al maltrato infantil.&nbsp;<strong>Nuevamente una mezcla de respuestas incoherentes con lo recomendado por la ONU pero que a su vez demuestran que el Gobierno Federal no tiene claro ni siquiera que las mujeres no son un grupo en situaci\u00f3n de vulnerabilidad ni una minor\u00eda, adem\u00e1s de que la discriminaci\u00f3n padecida tiene ra\u00edces bien distintas.<\/strong><\/p>\n\n\n\n<p class=\"wp-block-paragraph\">Lo que s\u00ed hay es la informaci\u00f3n sobre violencia contra las mujeres del Secretariado Ejecutivo Nacional de Seguridad P\u00fablica, de sus datos actualizados al 31 de diciembre de 2020 se registraron 260, 067 llamadas al 911 por incidentes de violencia,&nbsp;<strong>940 feminicidios, 2783 homicidios dolosos de mujeres, 57, 495 lesiones dolosas, 220,028 por violencia familiar, 16543 violaciones y 4050 por violencia de g\u00e9nero.<\/strong><\/p>\n\n\n\n<p class=\"wp-block-paragraph\">Es decir, de estos hechos y circunstancias producidas en M\u00e9xico durante 2020 en las que se agredi\u00f3 a una o m\u00e1s mujeres mediante golpes, patadas, estrangulaci\u00f3n, violaci\u00f3n o asesinato, resultaron 3723 mujeres que perdieron la vida a manos de otros y 298116 mujeres que fueron victimizadas por la violencia machista.<\/p>\n\n\n\n<p class=\"wp-block-paragraph\">Repetimos lo mismo que hace unos a\u00f1os, para erradicar la violencia contra las mujeres, se necesita dinero, estrategia y convicci\u00f3n, pero tambi\u00e9n voluntad pol\u00edtica. Y ninguno de estos elementos est\u00e1 presente ahora ni al servicio de esta causa. A m\u00e1s ver.<\/p>\n","protected":false},"excerpt":{"rendered":"<p>Desde la mano izquierda<\/p>\n","protected":false},"author":3,"featured_media":30045,"comment_status":"open","ping_status":"open","sticky":false,"template":"","format":"standard","meta":{"_monsterinsights_skip_tracking":false,"footnotes":""},"categories":[692,131,35],"tags":[],"class_list":["post-31253","post","type-post","status-publish","format-standard","has-post-thumbnail","category-692","category-claudia-almaguer","category-opinion"],"_links":{"self":[{"href":"https:\/\/redsemlac.com\/semmexico\/wp-json\/wp\/v2\/posts\/31253","targetHints":{"allow":["GET"]}}],"collection":[{"href":"https:\/\/redsemlac.com\/semmexico\/wp-json\/wp\/v2\/posts"}],"about":[{"href":"https:\/\/redsemlac.com\/semmexico\/wp-json\/wp\/v2\/types\/post"}],"author":[{"embeddable":true,"href":"https:\/\/redsemlac.com\/semmexico\/wp-json\/wp\/v2\/users\/3"}],"replies":[{"embeddable":true,"href":"https:\/\/redsemlac.com\/semmexico\/wp-json\/wp\/v2\/comments?post=31253"}],"version-history":[{"count":0,"href":"https:\/\/redsemlac.com\/semmexico\/wp-json\/wp\/v2\/posts\/31253\/revisions"}],"wp:featuredmedia":[{"embeddable":true,"href":"https:\/\/redsemlac.com\/semmexico\/wp-json\/wp\/v2\/media\/30045"}],"wp:attachment":[{"href":"https:\/\/redsemlac.com\/semmexico\/wp-json\/wp\/v2\/media?parent=31253"}],"wp:term":[{"taxonomy":"category","embeddable":true,"href":"https:\/\/redsemlac.com\/semmexico\/wp-json\/wp\/v2\/categories?post=31253"},{"taxonomy":"post_tag","embeddable":true,"href":"https:\/\/redsemlac.com\/semmexico\/wp-json\/wp\/v2\/tags?post=31253"}],"curies":[{"name":"wp","href":"https:\/\/api.w.org\/{rel}","templated":true}]}}