{"id":31250,"date":"2021-01-30T00:25:19","date_gmt":"2021-01-30T00:25:19","guid":{"rendered":"https:\/\/redsemlac.com\/semmexico\/?p=31250"},"modified":"2023-07-21T16:46:22","modified_gmt":"2023-07-21T21:46:22","slug":"austeridad-y-pandemia-para-las-mujeres-indigenas-en-tlaola-puebla","status":"publish","type":"post","link":"https:\/\/redsemlac.com\/semmexico\/austeridad-y-pandemia-para-las-mujeres-indigenas-en-tlaola-puebla\/","title":{"rendered":"Austeridad y pandemia para las mujeres ind\u00edgenas en Tlaola, Puebla"},"content":{"rendered":"\n<p class=\"wp-block-paragraph\">Por: Lizbeth \u00c1lvarez Mart\u00ednez.<\/p>\n\n\n\n<p class=\"wp-block-paragraph\">SemM\u00e9xico. 29 de enero de 2021.- Las mujeres ind\u00edgenas son violentadas de manera particular, pues adem\u00e1s de ser objeto de violencia f\u00edsica, psicol\u00f3gica o emocional, patrimonial, econ\u00f3mica, sexual, violencia obst\u00e9trica y pol\u00edtica por ser mujeres, se les discrimina por ser ind\u00edgenas.<\/p>\n\n\n\n<p class=\"wp-block-paragraph\">Margarita y Luc\u00eda, son parte del grupo de mujeres que atienden la Casa de la Mujer Ind\u00edgena en Tlaola, Puebla.&nbsp;<\/p>\n\n\n\n<p class=\"wp-block-paragraph\">Ya ten\u00edan el caldo de pollo en la estufa y el caf\u00e9 caliente para platicar sobre los casos de violencia que viven las mujeres en esa comunidad.&nbsp;<\/p>\n\n\n\n<p class=\"wp-block-paragraph\">Margarita es la que acompa\u00f1a a las mujeres que han sido violentadas al Ministerio P\u00fablico: \u201cMe levanto muy temprano para dar acompa\u00f1amiento a esas mujeres que necesitan ayuda, pero a veces me da coraje, pasa el tiempo y regresan con su agresor. S\u00e9 que no es f\u00e1cil salir de ese c\u00edrculo de violencia en el que viven, pero poco a poco van conociendo sus derechos humanos y dejando atr\u00e1s la violencia en la que viven.\u201d<\/p>\n\n\n\n<p class=\"wp-block-paragraph\">Por su parte, Mar\u00eda Luc\u00eda de la Cruz, es la que realiza las traducciones del espa\u00f1ol al n\u00e1huatl: \u201cDoy las capacitaciones tanto en n\u00e1huatl como en espa\u00f1ol para que todas las mujeres conozcan de sus derechos. Me gusta el trabajo que realizo. Cuando se necesita voy al Ministerio P\u00fablico a realizar alguna traducci\u00f3n para que se eviten injusticias en las declaraciones de las denunciantes. Cuando viene a la CAMIS les preparo un caf\u00e9 aquellas mujeres, un agua caliente para que ellas se sientan seguras y tranquilas\u201d.&nbsp;<\/p>\n\n\n\n<p class=\"wp-block-paragraph\">La pandemia por covid-19 provoc\u00f3 un aumento de los casos de violencia contra las ind\u00edgenas en sus comunidades, constata Rub\u00ed Nolasco Cruz, representante legal de la Casa de la Mujer Ind\u00edgena (CAMI) \u201cYoltica\u201d, en Tlaola, Puebla, por lo que han tratado de mantener sus servicios, pese a los riesgos que corren y al recorte de 350 mil pesos que el gobierno federal les aplic\u00f3 el a\u00f1o pasado.<\/p>\n\n\n\n<p class=\"wp-block-paragraph\">Iniciando el a\u00f1o 2021, las responsables de la Casa Yoltica hab\u00edan decidido cerrar por unos d\u00edas. Sin embargo, en menos de ochos d\u00edas tuvieron que abrir: \u201cLas mujeres fueron a tocarnos las puertas de nuestras casas. Es una groser\u00eda dejarlas afuera. Saben que damos acompa\u00f1amientos, que trabajamos los temas de violencia\u201d, se\u00f1al\u00f3 la abogada, entrevistada para SEMMEXICO en la sede de la CAMI.&nbsp;<\/p>\n\n\n\n<p class=\"wp-block-paragraph\">\u201cVarios hombres que trabajaban fuera de la comunidad regresaron por la falta de empleo. Entonces, la falta de trabajo y la incertidumbre son detonantes de la violencia\u201d y llegan a agredir a sus esposas y dem\u00e1s integrantes de la familia, reconoci\u00f3 la especialista.<\/p>\n\n\n\n<p class=\"wp-block-paragraph\">Aunado a lo anterior, \u201clas cargas de trabajo aumentan para las mujeres. Le sumas tambi\u00e9n que ellas son las que se encargan de la educaci\u00f3n de sus hijos y, luego, sin acceso a internet\u201d, relata.<\/p>\n\n\n\n<p class=\"wp-block-paragraph\">\u201cDecidimos regresarnos a la casa haciendo guardias\u201d, explica, por lo que la casa fue acondicionada con las medidas necesarias, entre otras: tapete y gel desinfectantes y las indicaciones para el uso correcto del cubrebocas.<\/p>\n\n\n\n<p class=\"wp-block-paragraph\">Quienes atienden los CAMI no solo enfrentan el tema de la pandemia por covid-19. Nolasco Cruz refiere que, debido a la pol\u00edtica de austeridad del gobierno federal, hubo un recorte entre el 25 y 30 por ciento a instancias que atienden la violencia contra las mujeres.<\/p>\n\n\n\n<p class=\"wp-block-paragraph\">\u201cNosotras, cada a\u00f1o metemos un proyecto, pero nos avisaron que probablemente no iba a ver recursos para las CAMI\u201d. Debido a ello, dijo, \u201cIniciamos un cabildeo con autoridades a nivel federal, con el apoyo de mujeres representantes que est\u00e1n como diputadas, que legislan. Armamos esta red de apoyo\u201d. No obstante, el a\u00f1o pasado les quitaron 350 mil pesos para operar la CAMI.&nbsp;<\/p>\n\n\n\n<p class=\"wp-block-paragraph\">La Secretaria de Hacienda y Cr\u00e9dito P\u00fablico hab\u00eda hecho este recorte, pero \u201cen esta pelea de presupuesto nos autorizan un recurso emergente. Se recuperaron las becas que les dan a las integrantes de la casa de la mujer. Abonamos as\u00ed al tema de la prevenci\u00f3n de la violencia contra la mujer\u201d, recalc\u00f3.<\/p>\n\n\n\n<p class=\"wp-block-paragraph\">A pesar de la pandemia y el recorte presupuestal, la CAMI ha mantenido el 80 por ciento del ritmo de trabajo. El a\u00f1o pasado recibieron entre 45 y 60 mujeres a quienes les dieron apoyo jur\u00eddico y psicol\u00f3gico, adem\u00e1s de los acompa\u00f1amientos al Ministerio P\u00fablico o a hospitales, se\u00f1ala Nolasco Cruz.<\/p>\n\n\n\n<p class=\"wp-block-paragraph\">A\u00f1ade que en los talleres de capacitaci\u00f3n que dan en las comunidades atienden de 200 a 300 mujeres por a\u00f1o. Los temas que abordan son, entre otros, derechos humanos, salud sexual reproductiva, prevenci\u00f3n de abuso sexual en escuelas, empoderamiento de ni\u00f1a.<\/p>\n\n\n\n<p class=\"wp-block-paragraph\">Las acciones de las CAMI constituyen una herramienta para el acceso a los derechos de las ind\u00edgenas. Son un espacio donde se brinda atenci\u00f3n con pertinencia cultural, perspectiva de g\u00e9nero y de derechos humanos para prevenir la violencia contra las mujeres y garantizar el ejercicio de derechos sexuales y reproductivos.&nbsp;<\/p>\n","protected":false},"excerpt":{"rendered":"<p>Por: Lizbeth \u00c1lvarez Mart\u00ednez. SemM\u00e9xico. 29 de enero de 2021.- Las mujeres ind\u00edgenas son violentadas de manera particular, pues adem\u00e1s de ser objeto de violencia f\u00edsica, psicol\u00f3gica o emocional, patrimonial, econ\u00f3mica, sexual, violencia obst\u00e9trica y pol\u00edtica por ser mujeres, se les discrimina por ser ind\u00edgenas. Margarita y Luc\u00eda, son parte del grupo de mujeres que [&hellip;]<\/p>\n","protected":false},"author":3,"featured_media":31251,"comment_status":"open","ping_status":"open","sticky":false,"template":"","format":"standard","meta":{"_monsterinsights_skip_tracking":false,"footnotes":""},"categories":[692,54],"tags":[],"class_list":["post-31250","post","type-post","status-publish","format-standard","has-post-thumbnail","category-692","category-mujeres"],"_links":{"self":[{"href":"https:\/\/redsemlac.com\/semmexico\/wp-json\/wp\/v2\/posts\/31250","targetHints":{"allow":["GET"]}}],"collection":[{"href":"https:\/\/redsemlac.com\/semmexico\/wp-json\/wp\/v2\/posts"}],"about":[{"href":"https:\/\/redsemlac.com\/semmexico\/wp-json\/wp\/v2\/types\/post"}],"author":[{"embeddable":true,"href":"https:\/\/redsemlac.com\/semmexico\/wp-json\/wp\/v2\/users\/3"}],"replies":[{"embeddable":true,"href":"https:\/\/redsemlac.com\/semmexico\/wp-json\/wp\/v2\/comments?post=31250"}],"version-history":[{"count":0,"href":"https:\/\/redsemlac.com\/semmexico\/wp-json\/wp\/v2\/posts\/31250\/revisions"}],"wp:featuredmedia":[{"embeddable":true,"href":"https:\/\/redsemlac.com\/semmexico\/wp-json\/wp\/v2\/media\/31251"}],"wp:attachment":[{"href":"https:\/\/redsemlac.com\/semmexico\/wp-json\/wp\/v2\/media?parent=31250"}],"wp:term":[{"taxonomy":"category","embeddable":true,"href":"https:\/\/redsemlac.com\/semmexico\/wp-json\/wp\/v2\/categories?post=31250"},{"taxonomy":"post_tag","embeddable":true,"href":"https:\/\/redsemlac.com\/semmexico\/wp-json\/wp\/v2\/tags?post=31250"}],"curies":[{"name":"wp","href":"https:\/\/api.w.org\/{rel}","templated":true}]}}