{"id":31247,"date":"2021-01-30T00:22:05","date_gmt":"2021-01-30T00:22:05","guid":{"rendered":"https:\/\/redsemlac.com\/semmexico\/?p=31247"},"modified":"2023-07-21T16:46:22","modified_gmt":"2023-07-21T21:46:22","slug":"cuahutemoc-blanco-violento-los-derechos-de-las-victimas-al-incumplir-con-el-pago-del-fondo-de-apoyos","status":"publish","type":"post","link":"https:\/\/redsemlac.com\/semmexico\/cuahutemoc-blanco-violento-los-derechos-de-las-victimas-al-incumplir-con-el-pago-del-fondo-de-apoyos\/","title":{"rendered":"Cuahut\u00e9moc Blanco  violent\u00f3 los derechos de las v\u00edctimas al incumplir con el pago del fondo de apoyos"},"content":{"rendered":"\n<p class=\"wp-block-paragraph\">Estrella Pedroza<\/p>\n\n\n\n<p class=\"wp-block-paragraph\">SemM\u00e9xico. Morelos. 29 de enero de 2021.- El gobernador de Morelos Cuauht\u00e9moc\u00a0Blanco violent\u00f3 los derechos de las v\u00edctimas al incumplir con el pago del\u00a0Fideicomiso del Fondo de Ayuda, Asistencia y Reparaci\u00f3n Integral del Estado de Morelos y adem\u00e1s rechaz\u00f3 una recomendaci\u00f3n emitida por la Comisi\u00f3n de Derechos Humanos del Estado de Morelos (CDHEM).\u00a0De acuerdo con el ombudsperson\u00a0\u00a0Ra\u00fal Israel Hern\u00e1ndez Cruz,\u00a0\u00a0se violentaron los derechos de las v\u00edctimas y el derecho a la seguridad jur\u00eddica. Entre las recomendaciones figuran:<\/p>\n\n\n\n<p class=\"wp-block-paragraph\">\u00a0 \u00a0\u00a0Instruir a los integrantes del Comit\u00e9 T\u00e9cnico del Fideicomiso del Fondo de Ayuda, Asistencia y Reparaci\u00f3n Integral del Estado de Morelos para que se cumpla en sus t\u00e9rminos la determinaci\u00f3n relativa al pago de compensaci\u00f3n subsidiaria a favor de las quejosa.<\/p>\n\n\n\n<p class=\"wp-block-paragraph\">\u00b7\u00a0\u00a0\u00a0\u00a0\u00a0\u00a0\u00a0Se brinde la reparaci\u00f3n integral por los da\u00f1os causados a la v\u00edctima, incluyendo una compensaci\u00f3n justa y suficiente con motivo de los actos y omisiones cometidas por parte de los integrantes del Comit\u00e9 T\u00e9cnico.\u00a0<\/p>\n\n\n\n<p class=\"wp-block-paragraph\">\u00b7&nbsp;&nbsp;&nbsp;&nbsp;&nbsp;&nbsp;&nbsp;Actualizar la inscripci\u00f3n en el Registro de V\u00edctimas, incorporando los nuevos hechos victimizantes.<\/p>\n\n\n\n<p class=\"wp-block-paragraph\">\u00b7&nbsp;&nbsp;&nbsp;&nbsp;&nbsp;&nbsp;&nbsp;Inicie el procedimiento administrativo por los actos y omisiones en contra de los servidores p\u00fablicos implicados.<\/p>\n\n\n\n<p class=\"wp-block-paragraph\">Han pasado los 10 d\u00edas h\u00e1biles desde que fue notificado&nbsp;&nbsp;el Poder Ejecutivo &nbsp;y no hay respuesta o solicitud de ampliaci\u00f3n de plazo, con ello autom\u00e1ticamente&nbsp;se &nbsp;da por rechazada.<\/p>\n","protected":false},"excerpt":{"rendered":"<p>Estrella Pedroza SemM\u00e9xico. Morelos. 29 de enero de 2021.- El gobernador de Morelos Cuauht\u00e9moc\u00a0Blanco violent\u00f3 los derechos de las v\u00edctimas al incumplir con el pago del\u00a0Fideicomiso del Fondo de Ayuda, Asistencia y Reparaci\u00f3n Integral del Estado de Morelos y adem\u00e1s rechaz\u00f3 una recomendaci\u00f3n emitida por la Comisi\u00f3n de Derechos Humanos del Estado de Morelos (CDHEM).\u00a0De [&hellip;]<\/p>\n","protected":false},"author":3,"featured_media":31248,"comment_status":"open","ping_status":"open","sticky":false,"template":"","format":"standard","meta":{"_monsterinsights_skip_tracking":false,"footnotes":""},"categories":[692,51],"tags":[],"class_list":["post-31247","post","type-post","status-publish","format-standard","has-post-thumbnail","category-692","category-ejecutivo"],"_links":{"self":[{"href":"https:\/\/redsemlac.com\/semmexico\/wp-json\/wp\/v2\/posts\/31247","targetHints":{"allow":["GET"]}}],"collection":[{"href":"https:\/\/redsemlac.com\/semmexico\/wp-json\/wp\/v2\/posts"}],"about":[{"href":"https:\/\/redsemlac.com\/semmexico\/wp-json\/wp\/v2\/types\/post"}],"author":[{"embeddable":true,"href":"https:\/\/redsemlac.com\/semmexico\/wp-json\/wp\/v2\/users\/3"}],"replies":[{"embeddable":true,"href":"https:\/\/redsemlac.com\/semmexico\/wp-json\/wp\/v2\/comments?post=31247"}],"version-history":[{"count":0,"href":"https:\/\/redsemlac.com\/semmexico\/wp-json\/wp\/v2\/posts\/31247\/revisions"}],"wp:featuredmedia":[{"embeddable":true,"href":"https:\/\/redsemlac.com\/semmexico\/wp-json\/wp\/v2\/media\/31248"}],"wp:attachment":[{"href":"https:\/\/redsemlac.com\/semmexico\/wp-json\/wp\/v2\/media?parent=31247"}],"wp:term":[{"taxonomy":"category","embeddable":true,"href":"https:\/\/redsemlac.com\/semmexico\/wp-json\/wp\/v2\/categories?post=31247"},{"taxonomy":"post_tag","embeddable":true,"href":"https:\/\/redsemlac.com\/semmexico\/wp-json\/wp\/v2\/tags?post=31247"}],"curies":[{"name":"wp","href":"https:\/\/api.w.org\/{rel}","templated":true}]}}