{"id":31239,"date":"2021-01-29T22:31:59","date_gmt":"2021-01-29T22:31:59","guid":{"rendered":"https:\/\/redsemlac.com\/semmexico\/?p=31239"},"modified":"2023-07-21T16:46:22","modified_gmt":"2023-07-21T21:46:22","slug":"el-genero-tambien-es-una-forma-de-exclusion-del-acceso-a-la-justicia-ana-laura-magaloni","status":"publish","type":"post","link":"https:\/\/redsemlac.com\/semmexico\/el-genero-tambien-es-una-forma-de-exclusion-del-acceso-a-la-justicia-ana-laura-magaloni\/","title":{"rendered":"El g\u00e9nero tambi\u00e9n es una forma de exclusi\u00f3n en el acceso a la justicia: Ana Laura Magaloni"},"content":{"rendered":"\n<p class=\"wp-block-paragraph\">Elda Montiel&nbsp;<\/p>\n\n\n\n<p class=\"wp-block-paragraph\">SemM\u00e9xico. Cd. de M\u00e9xico. 29 de enero 2021.- En M\u00e9xico el g\u00e9nero es otra forma de exclusi\u00f3n para acceder a la justicia, si bien hay instituciones de primera instancia como ministerios p\u00fablicos o juzgados, los criterios son totalmente sesgados, no acaban de entender la problem\u00e1tica de las mujeres como los prejuicios en torno a la autonom\u00eda de la mujer, las capacidades para demandar sus derechos, pero el m\u00e1s importante es la falta de asesor\u00eda jur\u00eddica.\u00a0<\/p>\n\n\n\n<p class=\"wp-block-paragraph\">La acad\u00e9mica y abogada Ana Laura Magaloni Kerpel celebr\u00f3 lo que hacen organizaciones feministas como Equis Justicia que defiende a las mujeres y ponen al descubierto  las historias incre\u00edbles que argumentan los jueces. Cit\u00f3 como ejemplo que en caso de divorcio o pensi\u00f3n alimenticia si la demandante tiene una pareja mujer ya no se puede.\u00a0<\/p>\n\n\n\n<p class=\"wp-block-paragraph\">En la conferencia magistral \u201cDemocracia y Derechos Humanos\u201d, organizada por el Instituto Nacional Electoral (INE), Magaloni se refiri\u00f3 a la gran paradoja de nuestro pa\u00eds&nbsp;de contar con un marco constitucional de&nbsp;avanzada en materia de Derechos Humanos, la reforma al Art\u00edculo 1ero. constitucional de 2011, y al mismo tiempo, la mayor\u00eda de los mexicanos viven en contexto de exclusi\u00f3n y desigualdad.<\/p>\n\n\n\n<p class=\"wp-block-paragraph\">Desde su perspectiva el primer paso es colocar la mirada en los barrios pobres,&nbsp;conflictivos y hacinados de las poblaciones urbanas, ah\u00ed donde prevalece la ausencia de Estado, \u201cpues si nunca han tenido acceso pleno a servicios b\u00e1sicos menos a defensa legal y a la justicia\u201d, acot\u00f3.&nbsp;<\/p>\n\n\n\n<p class=\"wp-block-paragraph\">Pregunt\u00f3 c\u00f3mo le hace una madre para demandar al padre la pensi\u00f3n para su hijo. C\u00f3mo le hacen para tener derecho a servicios p\u00fablicos&nbsp;tan b\u00e1sicos como el agua, la recolecci\u00f3n de basura, la polic\u00eda, el transporte, el alumbrado, ya no se diga las cl\u00ednicas de salud, chiquitas y medicinas, son muy malos, muy escasos.<\/p>\n\n\n\n<p class=\"wp-block-paragraph\">Una buena parte de estos servicios es responsabilidad de las autoridades locales y municipales y sin embargo nuestra agenda de inclusi\u00f3n, nuestra agenda de derechos humanos casi siempre est\u00e1 concentrada en el \u00e1mbito federal.<\/p>\n\n\n\n<p class=\"wp-block-paragraph\">En este contexto critic\u00f3 que no se haya construido un aparato m\u00ednimo de defensor\u00edas p\u00fablicas, fiscal\u00edas locales, juzgados c\u00edvicos, ni las primeras instancias que logren proteger a la poblaci\u00f3n que hagan realidad lo que comandan los derechos humanos.<\/p>\n\n\n\n<p class=\"wp-block-paragraph\">Al respecto, consider\u00f3 que la Comisi\u00f3n Nacional de los Derechos Humanos se podr\u00eda transformar en una muy buena defensor\u00eda p\u00fablica, porque el modelo actual est\u00e1 agotado.&nbsp;<\/p>\n\n\n\n<p class=\"wp-block-paragraph\">Reflexion\u00f3 tambi\u00e9n que ser\u00eda bueno que los abogados al igual que los m\u00e9dicos que se capacitan en los hospitales p\u00fablicos, en lugar de tesis, se iniciaran en los juzgados de forma gratuita.\u00a0\u00a0<\/p>\n\n\n\n<p class=\"wp-block-paragraph\">Tambi\u00e9n advirti\u00f3 que la pandemia va a colapsar las brechas de desigualdad en el acceso a la justicia, pero que tambi\u00e9n en tiempos de crisis son los momentos de acci\u00f3n para la reconstrucci\u00f3n del pa\u00eds y del mundo<\/p>\n","protected":false},"excerpt":{"rendered":"<p>Elda Montiel&nbsp; SemM\u00e9xico. Cd. de M\u00e9xico. 29 de enero 2021.- En M\u00e9xico el g\u00e9nero es otra forma de exclusi\u00f3n para acceder a la justicia, si bien hay instituciones de primera instancia como ministerios p\u00fablicos o juzgados, los criterios son totalmente sesgados, no acaban de entender la problem\u00e1tica de las mujeres como los prejuicios en torno [&hellip;]<\/p>\n","protected":false},"author":3,"featured_media":31240,"comment_status":"open","ping_status":"open","sticky":false,"template":"","format":"standard","meta":{"_monsterinsights_skip_tracking":false,"footnotes":""},"categories":[692,54],"tags":[],"class_list":["post-31239","post","type-post","status-publish","format-standard","has-post-thumbnail","category-692","category-mujeres"],"_links":{"self":[{"href":"https:\/\/redsemlac.com\/semmexico\/wp-json\/wp\/v2\/posts\/31239","targetHints":{"allow":["GET"]}}],"collection":[{"href":"https:\/\/redsemlac.com\/semmexico\/wp-json\/wp\/v2\/posts"}],"about":[{"href":"https:\/\/redsemlac.com\/semmexico\/wp-json\/wp\/v2\/types\/post"}],"author":[{"embeddable":true,"href":"https:\/\/redsemlac.com\/semmexico\/wp-json\/wp\/v2\/users\/3"}],"replies":[{"embeddable":true,"href":"https:\/\/redsemlac.com\/semmexico\/wp-json\/wp\/v2\/comments?post=31239"}],"version-history":[{"count":0,"href":"https:\/\/redsemlac.com\/semmexico\/wp-json\/wp\/v2\/posts\/31239\/revisions"}],"wp:featuredmedia":[{"embeddable":true,"href":"https:\/\/redsemlac.com\/semmexico\/wp-json\/wp\/v2\/media\/31240"}],"wp:attachment":[{"href":"https:\/\/redsemlac.com\/semmexico\/wp-json\/wp\/v2\/media?parent=31239"}],"wp:term":[{"taxonomy":"category","embeddable":true,"href":"https:\/\/redsemlac.com\/semmexico\/wp-json\/wp\/v2\/categories?post=31239"},{"taxonomy":"post_tag","embeddable":true,"href":"https:\/\/redsemlac.com\/semmexico\/wp-json\/wp\/v2\/tags?post=31239"}],"curies":[{"name":"wp","href":"https:\/\/api.w.org\/{rel}","templated":true}]}}