{"id":31236,"date":"2021-01-29T22:26:43","date_gmt":"2021-01-29T22:26:43","guid":{"rendered":"https:\/\/redsemlac.com\/semmexico\/?p=31236"},"modified":"2023-07-21T16:46:22","modified_gmt":"2023-07-21T21:46:22","slug":"buscara-sandra-vaca-acusada-de-enganchar-mujeres-para-cuauhtemoc-gutierrez-diputacion-federal-por-el-pri","status":"publish","type":"post","link":"https:\/\/redsemlac.com\/semmexico\/buscara-sandra-vaca-acusada-de-enganchar-mujeres-para-cuauhtemoc-gutierrez-diputacion-federal-por-el-pri\/","title":{"rendered":"Buscar\u00e1 Sandra Vaca acusada de enganchar mujeres para Cuauht\u00e9moc Gutierrez diputaci\u00f3n federal por el PRI"},"content":{"rendered":"\n<p class=\"wp-block-paragraph\">NORA BUCIO<\/p>\n\n\n\n<p class=\"wp-block-paragraph\">Ciudad de MeXico.- Sandra Vaca Cort\u00e9s, quien fuera secretaria particular de Cuahut\u00e9moc Guti\u00e9rrez de la Torre \u201cEl Rey de la Basura\u201d y acusada de reclutar a mujeres para la red de prostituci\u00f3n que serv\u00eda al entonces l\u00edder pri\u00edsta, registr\u00f3 su aspiraci\u00f3n para obtener una precandidatura a una diputaci\u00f3n federal por el PRI, sin embargo, existe una orden para tender un manto de silencio a su alrededor.<\/p>\n\n\n\n<p class=\"wp-block-paragraph\">A trav\u00e9s de un video difundido en sus redes sociales, el PRI CDMX muestra la jornada de pre-registro de los y las aspirantes a una diputaci\u00f3n federal. Sandra Vaca sale en el mismo mostrando el documento del tr\u00e1mite, sin embargo las listas no son p\u00fablicas y de acuerdo a fuentes del Comit\u00e9 Ejecutivo Nacional del PRI, a cargo de Alejandro Moreno C\u00e1rdenas, \u201cles ordenaron no tocar el tema ni siquiera entre ellos y mucho menos con la prensa\u201d.<\/p>\n\n\n\n<p class=\"wp-block-paragraph\">Ana Yeli P\u00e9rez Garrido, asesora jur\u00eddica del Observatorio Ciudadano Nacional del Feminicidio, asegur\u00f3 en entrevista que si el PRI permite la candidatura de Sandra Vaca, se estar\u00e1 enviando un mensaje de impunidad y reafirmar\u00e1 que esta red de prostituci\u00f3n de Guti\u00e9rrez de la Torre no habr\u00eda sido posible si no existiera impunidad y protecci\u00f3n desde el partido.<\/p>\n\n\n\n<p class=\"wp-block-paragraph\">Adem\u00e1s recrimin\u00f3 que los lineamientos para que los partidos pol\u00edticos no postulen violentadores de mujeres, no sean claros y pidi\u00f3 revisar las normas. En esto coincide Sara Lovera, feminista, activista, ex candidata al Nobel de la Paz en 2005 y ex integrante del comit\u00e9 t\u00e9cnico de evaluaci\u00f3n del INE, quien lament\u00f3 que los lineamientos de este instituto no obligan al PRI a aplicarlos.<\/p>\n\n\n\n<p class=\"wp-block-paragraph\">Se\u00f1al\u00f3 adem\u00e1s que permitir por parte del PRI, siquiera el registro de la precandidatura de Sandra Vaca, muestra que desde la dirigencia existe complicidad y encubrimiento en la red de trata y prostituci\u00f3n de Guti\u00e9rrez de la Torre y de quien habr\u00eda fungido como su \u201cenganchadora\u201d.<\/p>\n\n\n\n<p class=\"wp-block-paragraph\">Las dos activistas coincidieron en la necesidad de impulsar un movimiento para impedir la candidatura de Sandra Vaca Cort\u00e9s.<\/p>\n\n\n\n<p class=\"wp-block-paragraph\">El CEN del PRI ya concluy\u00f3 el registro de aspirantes a las precandidatura a a diputaciones federales y antes del 6 de febrero la Comisi\u00f3n Nacional de Procesos Internos har\u00e1 la declaratoria de validez y expedir\u00e1 las constancias de las personas que obtengan a su favor el proceso de postulaci\u00f3n, la cual se notificar\u00e1 en estrados f\u00edsicos y en la p\u00e1gina del partido a m\u00e1s tardar el 7 de febrero.<\/p>\n\n\n\n<p class=\"wp-block-paragraph\">El 11 de septiembre del 2020, la Fiscal\u00eda General de Justicia a cargo de Ernestina Godoy anunci\u00f3 que retomar\u00eda y ampliar\u00eda la investigaci\u00f3n en contra de Cuahut\u00e9moc Guti\u00e9rrez de la Torre por el delito de trata de personas al considerar la ausencia de actos dirigidos al esclarecimiento de los hechos, actuaciones defectuosas de la autoridad investigadora y omisiones, entre otras irregularidades.<\/p>\n","protected":false},"excerpt":{"rendered":"<p>NORA BUCIO Ciudad de MeXico.- Sandra Vaca Cort\u00e9s, quien fuera secretaria particular de Cuahut\u00e9moc Guti\u00e9rrez de la Torre \u201cEl Rey de la Basura\u201d y acusada de reclutar a mujeres para la red de prostituci\u00f3n que serv\u00eda al entonces l\u00edder pri\u00edsta, registr\u00f3 su aspiraci\u00f3n para obtener una precandidatura a una diputaci\u00f3n federal por el PRI, sin [&hellip;]<\/p>\n","protected":false},"author":3,"featured_media":31237,"comment_status":"open","ping_status":"open","sticky":false,"template":"","format":"standard","meta":{"_monsterinsights_skip_tracking":false,"footnotes":""},"categories":[692,141],"tags":[],"class_list":["post-31236","post","type-post","status-publish","format-standard","has-post-thumbnail","category-692","category-elecciones-2020-2021"],"_links":{"self":[{"href":"https:\/\/redsemlac.com\/semmexico\/wp-json\/wp\/v2\/posts\/31236","targetHints":{"allow":["GET"]}}],"collection":[{"href":"https:\/\/redsemlac.com\/semmexico\/wp-json\/wp\/v2\/posts"}],"about":[{"href":"https:\/\/redsemlac.com\/semmexico\/wp-json\/wp\/v2\/types\/post"}],"author":[{"embeddable":true,"href":"https:\/\/redsemlac.com\/semmexico\/wp-json\/wp\/v2\/users\/3"}],"replies":[{"embeddable":true,"href":"https:\/\/redsemlac.com\/semmexico\/wp-json\/wp\/v2\/comments?post=31236"}],"version-history":[{"count":0,"href":"https:\/\/redsemlac.com\/semmexico\/wp-json\/wp\/v2\/posts\/31236\/revisions"}],"wp:featuredmedia":[{"embeddable":true,"href":"https:\/\/redsemlac.com\/semmexico\/wp-json\/wp\/v2\/media\/31237"}],"wp:attachment":[{"href":"https:\/\/redsemlac.com\/semmexico\/wp-json\/wp\/v2\/media?parent=31236"}],"wp:term":[{"taxonomy":"category","embeddable":true,"href":"https:\/\/redsemlac.com\/semmexico\/wp-json\/wp\/v2\/categories?post=31236"},{"taxonomy":"post_tag","embeddable":true,"href":"https:\/\/redsemlac.com\/semmexico\/wp-json\/wp\/v2\/tags?post=31236"}],"curies":[{"name":"wp","href":"https:\/\/api.w.org\/{rel}","templated":true}]}}