{"id":31231,"date":"2021-01-29T19:21:42","date_gmt":"2021-01-29T19:21:42","guid":{"rendered":"https:\/\/redsemlac.com\/semmexico\/?p=31231"},"modified":"2023-07-21T16:46:22","modified_gmt":"2023-07-21T21:46:22","slug":"la-voz-de-la-mujer-chatina-un-medio-alternativo-para-la-promocion-de-la-cultura-y-el-rescate-de-la-lengua-indigena-chatina","status":"publish","type":"post","link":"https:\/\/redsemlac.com\/semmexico\/la-voz-de-la-mujer-chatina-un-medio-alternativo-para-la-promocion-de-la-cultura-y-el-rescate-de-la-lengua-indigena-chatina\/","title":{"rendered":"\u00abLa voz de la mujer chatina\u201d un medio alternativo para la promoci\u00f3n de la cultura y el rescate de la lengua ind\u00edgena chatina"},"content":{"rendered":"\n<p class=\"wp-block-paragraph\">Patricia Brise\u00f1o <\/p>\n\n\n\n<p class=\"wp-block-paragraph\">SemM\u00e9xico. OAXACA, Oax. 29 de enero de 2021.- , El Instituto Federal de Telecomunicaciones (IFT) entreg\u00f3 a la comunidad chatina de Rancho Viejo, ubicada en el municipio de Santa Cruz Zenzontepec, Oaxaca, una concesi\u00f3n para uso social ind\u00edgena, que sirva para prestar el servicio de radiodifusi\u00f3n sonora en frecuencia modulada (FM)<\/p>\n\n\n\n<p class=\"wp-block-paragraph\">A trav\u00e9s de un comunicado, el organismo explic\u00f3 que el objetivo de la nueva radiodifusora, TI \u0301I KUN\u00c1 \u00c4 TSA \u0301NJ\u00c4 o \u201cLa voz de la mujer chatina\u201d ser\u00e1 ofrecer un medio alternativo para la promoci\u00f3n de la cultura y el rescate de la lengua ind\u00edgena chatina, y as\u00ed promover la importancia de salvaguardar el patrimonio inmaterial de la regi\u00f3n Sierra Sur.<\/p>\n\n\n\n<p class=\"wp-block-paragraph\">\u201cEsta radiodifusora pretende convertirse en una herramienta de empoderamiento para las mujeres de la comunidad, quienes participar\u00e1n activamente en las actividades de la emisora, adquiriendo conocimientos en los campos de la informaci\u00f3n y la tecnolog\u00eda, y promoviendo que ellas se involucren en la toma de decisiones de los proyectos comunitarios\u201d.<\/p>\n\n\n\n<p class=\"wp-block-paragraph\">El pleno del Instituto en sesi\u00f3n virtual tambi\u00e9n autoriz\u00f3 el permiso para operar servicios similares a las comunidades de Ejido Ignacio Allende, en Tenosique, Tabasco, y a Huecorio, en P\u00e1tzcuaro, Michoac\u00e1n,<\/p>\n\n\n\n<p class=\"wp-block-paragraph\">La emisora del Ejido Ignacio Allende se propone rescatar las manifestaciones culturales que dan identidad a su pueblo originario y servir\u00e1\u0301 como un canal de comunicaci\u00f3n entre los habitantes y las autoridades, para dar a conocer diversos programas sociales en las lenguas zen tal, chol, y tzotzil. Sus audiencias est\u00e1n localizadas en el Ejido Ignacio Allende, \u00c1lvaro Obreg\u00f3n, Estancia, Cort\u00e1zar y Francisco I. Madero.<\/p>\n\n\n\n<p class=\"wp-block-paragraph\">Destac\u00f3 la relevancia de la equidad de g\u00e9nero en esta nueva emisora, al incluir dentro de la programaci\u00f3n, espacios producidos y dirigidos por mujeres<\/p>\n\n\n\n<p class=\"wp-block-paragraph\">En tanto, la emisora \u201cUekorheni\u201d, en P\u00e1tzcuaro, Michoac\u00e1n se propone contribuir a restablecer el tejido social de su comunidad, preservar y fomentar la cultura, lengua, costumbres y saberes de los pueblos originarios de esa entidad.<\/p>\n\n\n\n<p class=\"wp-block-paragraph\">\u201cEl proyecto de la estaci\u00f3n reivindica el respeto a la diferencia y el reconocimiento a la pluralidad social, cultural y ling\u00fc\u00edstica de la naci\u00f3n mexicana, teniendo como principios fundamentales la pluralidad, igualdad de g\u00e9nero y equidad.<\/p>\n\n\n\n<p class=\"wp-block-paragraph\">Con estos otorgamientos suman 19 concesiones en materia de radiodifusi\u00f3n entregados por el IFT para la operaci\u00f3n de estaciones de radio de uso social ind\u00edgena, las cuales, no solo son un medio para ofrecer informaci\u00f3n a sus habitantes sobre temas comunes, sino que, realizan una trascedente labor para preservar su lengua materna, promover y rescatar las manifestaciones culturales que dan identidad a los pueblos originarios.<\/p>\n\n\n\n<p class=\"wp-block-paragraph\">Asimismo, se promueven y garantizan los derechos de los pueblos ind\u00edgenas al libre acceso a la informaci\u00f3n plural y libre manifestaci\u00f3n de sus ideas, establecidos en los art\u00edculos 2\u00b0, 6\u00b0 y 7\u00b0 de la Constituci\u00f3n Pol\u00edtica de los Estados Unidos Mexicanos.<\/p>\n","protected":false},"excerpt":{"rendered":"<p>Patricia Brise\u00f1o SemM\u00e9xico. OAXACA, Oax. 29 de enero de 2021.- , El Instituto Federal de Telecomunicaciones (IFT) entreg\u00f3 a la comunidad chatina de Rancho Viejo, ubicada en el municipio de Santa Cruz Zenzontepec, Oaxaca, una concesi\u00f3n para uso social ind\u00edgena, que sirva para prestar el servicio de radiodifusi\u00f3n sonora en frecuencia modulada (FM) A trav\u00e9s [&hellip;]<\/p>\n","protected":false},"author":3,"featured_media":31232,"comment_status":"open","ping_status":"open","sticky":false,"template":"","format":"standard","meta":{"_monsterinsights_skip_tracking":false,"footnotes":""},"categories":[692,54],"tags":[],"class_list":["post-31231","post","type-post","status-publish","format-standard","has-post-thumbnail","category-692","category-mujeres"],"_links":{"self":[{"href":"https:\/\/redsemlac.com\/semmexico\/wp-json\/wp\/v2\/posts\/31231","targetHints":{"allow":["GET"]}}],"collection":[{"href":"https:\/\/redsemlac.com\/semmexico\/wp-json\/wp\/v2\/posts"}],"about":[{"href":"https:\/\/redsemlac.com\/semmexico\/wp-json\/wp\/v2\/types\/post"}],"author":[{"embeddable":true,"href":"https:\/\/redsemlac.com\/semmexico\/wp-json\/wp\/v2\/users\/3"}],"replies":[{"embeddable":true,"href":"https:\/\/redsemlac.com\/semmexico\/wp-json\/wp\/v2\/comments?post=31231"}],"version-history":[{"count":0,"href":"https:\/\/redsemlac.com\/semmexico\/wp-json\/wp\/v2\/posts\/31231\/revisions"}],"wp:featuredmedia":[{"embeddable":true,"href":"https:\/\/redsemlac.com\/semmexico\/wp-json\/wp\/v2\/media\/31232"}],"wp:attachment":[{"href":"https:\/\/redsemlac.com\/semmexico\/wp-json\/wp\/v2\/media?parent=31231"}],"wp:term":[{"taxonomy":"category","embeddable":true,"href":"https:\/\/redsemlac.com\/semmexico\/wp-json\/wp\/v2\/categories?post=31231"},{"taxonomy":"post_tag","embeddable":true,"href":"https:\/\/redsemlac.com\/semmexico\/wp-json\/wp\/v2\/tags?post=31231"}],"curies":[{"name":"wp","href":"https:\/\/api.w.org\/{rel}","templated":true}]}}