{"id":31225,"date":"2021-01-29T19:13:38","date_gmt":"2021-01-29T19:13:38","guid":{"rendered":"https:\/\/redsemlac.com\/semmexico\/?p=31225"},"modified":"2023-07-21T16:46:22","modified_gmt":"2023-07-21T21:46:22","slug":"en-el-senado-un-rezago-de-247-minutas-de-la-camara-de-diputados-entre-ellas-las-de-los-derechos-reproductivos-y-la-libertad-sexual-a-desahogar-a-partir-del-lunes","status":"publish","type":"post","link":"https:\/\/redsemlac.com\/semmexico\/en-el-senado-un-rezago-de-247-minutas-de-la-camara-de-diputados-entre-ellas-las-de-los-derechos-reproductivos-y-la-libertad-sexual-a-desahogar-a-partir-del-lunes\/","title":{"rendered":"En el Senado un rezago de 247 minutas de la C\u00e1mara de Diputados, entre ellas las de los derechos reproductivos y la libertad sexual a desahogar a partir del lunes"},"content":{"rendered":"\n<p class=\"wp-block-paragraph\">Importante la Reforma Judicial y un posible C\u00f3digo Penal Nacional, donde se discutir\u00e1 la Interrupci\u00f3n Legal del Embarazo<\/p>\n\n\n\n<p class=\"wp-block-paragraph\">&nbsp;Adem\u00e1s, expedir\u00e1n la nueva Ley de Consulta Previa, Libre, Informada, Culturalmente Adecuada y de Buena Fe a los Pueblos Ind\u00edgenas y Afroamericanos<\/p>\n\n\n\n<p class=\"wp-block-paragraph\">Libertad L\u00f3pez<\/p>\n\n\n\n<p class=\"wp-block-paragraph\">SemM\u00e9xico, Cd. de M\u00e9xico, 29 de enero, 2021.- En el periodo ordinario de sesiones que inicia el pr\u00f3ximo lunes, las y los senadores se han planteado desahogar una agenda muy ambiciosa y diversa. Un reto importante si tomamos en cuenta que tienen un rezago de 247 minutas de la C\u00e1mara de Diputados, reformas obligadas por mandato judicial, varios nombramientos diplom\u00e1ticos, como la ratificaci\u00f3n de Esteban Moctezuma como embajador de M\u00e9xico ante Estados Unidos y de Carmen Moreno Toscano como subsecretaria de Relaciones Exteriores.<\/p>\n\n\n\n<p class=\"wp-block-paragraph\">Igualmente tienen un paquete de iniciativas pendientes de la Comisi\u00f3n de Igualdad de G\u00e9nero, de la C\u00e1mara de Diputados, sobre derechos sexuales y reproductivos; pendientes complementar marco legal para la paridad y el financiamiento a partidos pol\u00edticos, que este a\u00f1o, por lineamientos del Instituto Nacional Electoral, deben destinar el 40 por ciento de sus presupuestos para las campa\u00f1as de las mujeres.<\/p>\n\n\n\n<p class=\"wp-block-paragraph\">Adem\u00e1s de las que son de inter\u00e9s del grupo parlamentario de Morena y por ende del gobierno Federal. Por ello, el coordinador de Morena en la C\u00e1mara alta, Ricardo Monreal present\u00f3 un documento que contiene 50 temas prioritarios.<\/p>\n\n\n\n<p class=\"wp-block-paragraph\">Nos referiremos a las de mandato judicial. La primera es una iniciativa que reforma y adiciona el art\u00edculo 149 Ter del C\u00f3digo Penal Federal, esta fue enviada por el Ejecutivo y enriquecida con propuestas de varios legisladores. Su objetivo es la tipificaci\u00f3n de la discriminaci\u00f3n racial como delito.<\/p>\n\n\n\n<p class=\"wp-block-paragraph\">Adem\u00e1s, permitir\u00e1 que nuestro pa\u00eds de cumplimiento a la Convenci\u00f3n Internacional sobre la Eliminaci\u00f3n de todas las Formas de Discriminaci\u00f3n Racial. Y con ella se atiende la orden de la SCJN para legislar en torno a sancionar penalmente los actos de difusi\u00f3n de ideas basadas en la superioridad o en el odio racial.<\/p>\n\n\n\n<p class=\"wp-block-paragraph\">Esto sin contar que tiene casi un a\u00f1o de retraso, dado que el plazo que le dio la Suprema Corte al Congreso para su resoluci\u00f3n venci\u00f3 el 3 de julio 2020.<\/p>\n\n\n\n<p class=\"wp-block-paragraph\">Igualmente, para cumplir con una resoluci\u00f3n de la Suprema Corte los senadores crear\u00e1n la nueva Ley sobre la Consulta Previa, Libre, Informada, Culturalmente Adecuada y de Buena Fe a los Pueblos Ind\u00edgenas y Afroamericanos, en atenci\u00f3n a la sentencia de amparo en relaci\u00f3n con la omisi\u00f3n del Legislativo para expedir esta nueva Ley.<\/p>\n\n\n\n<p class=\"wp-block-paragraph\">Otros dicen que quien cumpli\u00f3 su palabra fue el l\u00edder parlamentario de Morena en el Senado Ricardo Monreal pues hizo p\u00fablico un documento donde da cuenta de la agenda legislativa del grupo mayoritario en esta c\u00e1mara.<\/p>\n\n\n\n<p class=\"wp-block-paragraph\">A decir del propio Monreal los temas que tratar\u00e1n los morenistas en el periodo ordinario de sesiones son variados, los trabajos ser\u00e1n intensos -a pesar de la pandemia- y buscar\u00e1n avanzar en la concreci\u00f3n del marco jur\u00eddico que permitir\u00e1 consolidar un proyecto de naci\u00f3n en beneficio de los sectores m\u00e1s desprotegidos.<\/p>\n\n\n\n<p class=\"wp-block-paragraph\">As\u00ed, el legislador prepar\u00f3 un listado con los proyectos importantes para las pr\u00f3ximas semanas y que titul\u00f3 \u201c50 temas prioritarios para el Segundo Periodo Ordinario de Sesiones\u201d.<\/p>\n\n\n\n<p class=\"wp-block-paragraph\">Por supuesto, se trata de asuntos legislativos que son de inter\u00e9s para el Gobierno de la Rep\u00fablica.<\/p>\n\n\n\n<p class=\"wp-block-paragraph\">Los temas, como bien lo dice Monreal, son variados. Muchos de ellos son pendientes, ya sea por tratarse de asuntos que se presentaron en el Senado y falta su expedici\u00f3n, o reformas que les ha mandatado el Poder Judicial.<\/p>\n\n\n\n<p class=\"wp-block-paragraph\">El documento, dijo, presenta los proyectos que surgen de iniciativas del Grupo Parlamentario Morena, y que, en gran medida, complementan las reformas legislativas de mayor importancia en el orden constitucional y legal.<\/p>\n\n\n\n<p class=\"wp-block-paragraph\">Tambi\u00e9n contempla un apartado que est\u00e1 integrado por una relaci\u00f3n de proyectos legislativos cuya aprobaci\u00f3n favorecer\u00eda la atenci\u00f3n de asuntos con un mayor impacto nacional.<\/p>\n\n\n\n<p class=\"wp-block-paragraph\">En otra parte de este listado se incluye una relaci\u00f3n de instrumentos internacionales remitidos al Senado para su ratificaci\u00f3n por el Gobierno del Presidente Andr\u00e9s Manuel L\u00f3pez Obrador.<\/p>\n\n\n\n<p class=\"wp-block-paragraph\">En su escrito Ricardo Monreal incluye adem\u00e1s una agrupaci\u00f3n de los nombramientos de competencia del Senado, que deber\u00e1n resolver para contribuir al desarrollo de mayores capacidades del Estado en diversas materias, dijo.<\/p>\n","protected":false},"excerpt":{"rendered":"<p>Importante la Reforma Judicial y un posible C\u00f3digo Penal Nacional, donde se discutir\u00e1 la Interrupci\u00f3n Legal del Embarazo &nbsp;Adem\u00e1s, expedir\u00e1n la nueva Ley de Consulta Previa, Libre, Informada, Culturalmente Adecuada y de Buena Fe a los Pueblos Ind\u00edgenas y Afroamericanos Libertad L\u00f3pez SemM\u00e9xico, Cd. de M\u00e9xico, 29 de enero, 2021.- En el periodo ordinario de [&hellip;]<\/p>\n","protected":false},"author":3,"featured_media":31226,"comment_status":"open","ping_status":"open","sticky":false,"template":"","format":"standard","meta":{"_monsterinsights_skip_tracking":false,"footnotes":""},"categories":[692,50],"tags":[],"class_list":["post-31225","post","type-post","status-publish","format-standard","has-post-thumbnail","category-692","category-congreso"],"_links":{"self":[{"href":"https:\/\/redsemlac.com\/semmexico\/wp-json\/wp\/v2\/posts\/31225","targetHints":{"allow":["GET"]}}],"collection":[{"href":"https:\/\/redsemlac.com\/semmexico\/wp-json\/wp\/v2\/posts"}],"about":[{"href":"https:\/\/redsemlac.com\/semmexico\/wp-json\/wp\/v2\/types\/post"}],"author":[{"embeddable":true,"href":"https:\/\/redsemlac.com\/semmexico\/wp-json\/wp\/v2\/users\/3"}],"replies":[{"embeddable":true,"href":"https:\/\/redsemlac.com\/semmexico\/wp-json\/wp\/v2\/comments?post=31225"}],"version-history":[{"count":0,"href":"https:\/\/redsemlac.com\/semmexico\/wp-json\/wp\/v2\/posts\/31225\/revisions"}],"wp:featuredmedia":[{"embeddable":true,"href":"https:\/\/redsemlac.com\/semmexico\/wp-json\/wp\/v2\/media\/31226"}],"wp:attachment":[{"href":"https:\/\/redsemlac.com\/semmexico\/wp-json\/wp\/v2\/media?parent=31225"}],"wp:term":[{"taxonomy":"category","embeddable":true,"href":"https:\/\/redsemlac.com\/semmexico\/wp-json\/wp\/v2\/categories?post=31225"},{"taxonomy":"post_tag","embeddable":true,"href":"https:\/\/redsemlac.com\/semmexico\/wp-json\/wp\/v2\/tags?post=31225"}],"curies":[{"name":"wp","href":"https:\/\/api.w.org\/{rel}","templated":true}]}}