{"id":31219,"date":"2021-01-28T22:26:03","date_gmt":"2021-01-28T22:26:03","guid":{"rendered":"https:\/\/redsemlac.com\/semmexico\/?p=31219"},"modified":"2023-07-21T16:46:22","modified_gmt":"2023-07-21T21:46:22","slug":"mujeres-extraordinarias-en-el-deporte-nacional-invisibilizadas-y-esteretipadas-en-los-medios","status":"publish","type":"post","link":"https:\/\/redsemlac.com\/semmexico\/mujeres-extraordinarias-en-el-deporte-nacional-invisibilizadas-y-esteretipadas-en-los-medios\/","title":{"rendered":"Mujeres extraordinarias en el deporte nacional, invisibilizadas y estereotipadas en los medios"},"content":{"rendered":"\n<p class=\"wp-block-paragraph\">Sesiona por tercera ocasi\u00f3n el Consejo Editorial de G\u00e9nero con la participaci\u00f3n de m\u00e1s de 40 participantes, de las direcciones y ediciones de la OEM<\/p>\n\n\n\n<p class=\"wp-block-paragraph\">Se avanza en la cadena, lentamente, pero se avanza como resultado del Consejo y otras actividades de formaci\u00f3n: Martha Flores<\/p>\n\n\n\n<p class=\"wp-block-paragraph\">Libertad L\u00f3pez y Samanta Azul<\/p>\n\n\n\n<p class=\"wp-block-paragraph\">SemM\u00e9xico. 28 de enero de 2021. A las mujeres deportistas en los medios de comunicaci\u00f3n nos siguen tratando como objetos y siguen dudando de nuestras capacidades a pesar de nuestros logros, incluso somos v\u00edctimas de acoso, dijo esta ma\u00f1ana Mariana Ju\u00e1rez, -nombre profesional- triple campeona mundial de box del mundo.<\/p>\n\n\n\n<p class=\"wp-block-paragraph\">Durante la tercera sesi\u00f3n del Consejo Editorial de&nbsp;&nbsp;G\u00e9nero de la Organizaci\u00f3n Editorial Mexicana (OEM) la boxeadora mexicana habl\u00f3 de la importancia de que las y los periodistas deportivos sean responsables y dejen de lado estereotipos a la hora de hablar sobre las mujeres deportistas.&nbsp;<\/p>\n\n\n\n<p class=\"wp-block-paragraph\">Es necesario, dijo destacar nuestros logros. \u201cYo nunca he estado en una primera plana, bueno creo que una vez, pero all\u00e1 en una esquinita, cosa que no sucede con los hombres deportistas\u201d.&nbsp;<\/p>\n\n\n\n<p class=\"wp-block-paragraph\">En este sentido, la periodista&nbsp;&nbsp;Marion Reimers&nbsp;Tusche,&nbsp;&nbsp;de la cadena Fox Sports y Presidenta de Versus, destac\u00f3 que es necesario cambiar la manera en la que los medios hablan sobre las mujeres y las ni\u00f1as en el deporte, para darles m\u00e1s espacio y para mostrar su imagen lejos de los estereotipos de feminidad y belleza.&nbsp;<\/p>\n\n\n\n<p class=\"wp-block-paragraph\">Como en cada sesi\u00f3n, coordinada por Martha Ramos Sosa, Directora Editorial de la OEM, \u00e9sta inform\u00f3 que a partir de la creaci\u00f3n del Consejo, se han empezado a operar cambios editoriales en los 43 diarios de la cadena. Consider\u00f3 necesario recuperar todas las aportaciones de las deportistas, mir\u00e1ndolas, valor\u00e1ndolas y destacando su influencia en la salud y el desarrollo de las mexicanas.<\/p>\n\n\n\n<p class=\"wp-block-paragraph\">La periodista Olga Trujillo, que entre otras cosas es directora del portal Diosas Ol\u00edmpicas, consider\u00f3 que es tiempo de que los medios incluyan la mirada de g\u00e9nero en sus pr\u00e1cticas, como una contribuci\u00f3n a la igualdad entre mujeres y hombres, para eliminar el abuso sexual que padecen muchas verdaderas campeonas, as\u00ed como eliminar los estereotipos.<\/p>\n\n\n\n<p class=\"wp-block-paragraph\">Sara Lovera L\u00f3pez, periodista feminista e integrante permanente de este Consejo explic\u00f3 que, si las mujeres deportistas no est\u00e1n en los medios, no existen modelos a seguir para las pr\u00f3ximas generaciones y es muy dif\u00edcil que la sociedad les reconozca sus aportaciones y trayectorias como merecen.&nbsp;<\/p>\n\n\n\n<p class=\"wp-block-paragraph\">\u201cHoy todav\u00eda vemos c\u00f3mo a las boxeadoras o a las atletas en las entrevistas les preguntan por sus hijos y no por sus logros, por sus entrenamientos, por su desempe\u00f1o\u201d, se\u00f1al\u00f3 Sara Lovera.&nbsp;<\/p>\n\n\n\n<p class=\"wp-block-paragraph\">Durante este Consejo, en el que asistieron m\u00e1s de 40 directores y personal de las redacciones de la OEM,&nbsp;&nbsp;estuvo tambi\u00e9n David Segoviano, Director del&nbsp;&nbsp;ESTO, el diario de los deportistas, quien habl\u00f3 de su compromiso con incluir la perspectiva de g\u00e9nero en este medio.&nbsp;<\/p>\n\n\n\n<p class=\"wp-block-paragraph\">Tras mostrar algunas portadas, con nuevos enfoques, dijo que \u201cbuscamos mostrar a las mujeres como lo que son, grandes deportistas, les damos espacio, hemos eliminado de peri\u00f3dico la plana de la \u201cchica sexy\u201d y nuestro p\u00fablico lejos de recriminarnos por eso, nos ha aplaudido. Estamos comprometidos con esta causa y estamos cambiando\u201d, dijo.&nbsp;<\/p>\n\n\n\n<p class=\"wp-block-paragraph\">El presidente del Comit\u00e9 Ol\u00edmpico Mexicano (COM), Carlos Padilla Becerra,&nbsp;&nbsp;dijo que est\u00e1n llevando a cabo diversas acciones para empoderar a las mujeres y lograr que tengan las mismas oportunidades que los varones. Se\u00f1al\u00f3 que en los \u00faltimos a\u00f1os ha habido un avance sustantivo en el camino de la participaci\u00f3n, tambi\u00e9n en la toma de decisiones, pero es importante, que los medios de comunicaci\u00f3n&nbsp;&nbsp;pongan a estas mujeres,&nbsp;&nbsp;en la mira de una manera \u00e9tica y profesional.&nbsp;<\/p>\n\n\n\n<p class=\"wp-block-paragraph\">Gabriela Ram\u00edrez Hern\u00e1ndez, del Centro de Informaci\u00f3n de las Naciones Unidas en M\u00e9xico se\u00f1al\u00f3 la importancia de ver el efecto de la pandemia de COVID19 en las mujeres y el deporte para que desde los medios este tema y la recuperaci\u00f3n puedan llevarse al debate p\u00fablico y desde ah\u00ed pugnar para que no se pierdan los avances que hemos visto.<\/p>\n\n\n\n<p class=\"wp-block-paragraph\">Se\u00f1al\u00f3 que en tiempos de Covid, seguramente se han pospuesto muchas competencias, y por ello es necesario estar alertas al regreso, para que las deportistas recuperen su participaci\u00f3n y entusiasmo<\/p>\n\n\n\n<p class=\"wp-block-paragraph\">Esta sesi\u00f3n del Consejo de G\u00e9nero de la OEM, did\u00e1ctica e ilustrativa, mostr\u00f3, por ejemplo que para participar en&nbsp;&nbsp;los juegos ol\u00edmpicos de Tokio, ir\u00e1 un grupo casi paritario, pero ante ello, las deportistas, con altas calificaciones, medallas de oro y alta competitividad, no reciben la presencia e importancia, en los medios de comunicaci\u00f3n, como sucede con todas las mujeres que hoy act\u00faan en el espacio p\u00fablico.<\/p>\n\n\n\n<p class=\"wp-block-paragraph\">Hubo una importante reflexi\u00f3n sobre el deporte. As\u00ed dijo Gabriela Rodr\u00edguez Hern\u00e1ndez, el deporte tiene el deporte tiene el poder de trascender las barreras de sexo, raza, religi\u00f3n y nacionalidad. Promueve la salud y el bienestar, mejora la autoestima y ense\u00f1a liderazgo, habilidades para trabajar en equipo y perseverancia. Las mujeres en el deporte desaf\u00edan los estereotipos de g\u00e9nero, se convierten en la inspiraci\u00f3n como modelos a seguir y muestran a hombres y mujeres como iguales.<\/p>\n\n\n\n<p class=\"wp-block-paragraph\">Y como muestra, hizo notar, que hoy, las mujeres son m\u00e1s visibles en el deporte ahora m\u00e1s que nunca: de un total de 997 atletas, s\u00f3lo 22 mujeres compitieron por primera vez en los Juegos de 1900 en Par\u00eds. Las Olimpiadas de 2012 en Londres fueron los primeros Juegos en los que se presentaron mujeres a competir en todos los deportes del programa Ol\u00edmpico. En R\u00edo en 2016, aproximadamente 4 mil700 mujeres, el 45 por ciento de todos los atletas, representaron a sus pa\u00edses en 306 eventos.<\/p>\n","protected":false},"excerpt":{"rendered":"<p>Sesiona por tercera ocasi\u00f3n el Consejo Editorial de G\u00e9nero con la participaci\u00f3n de m\u00e1s de 40 participantes, de las direcciones y ediciones de la OEM Se avanza en la cadena, lentamente, pero se avanza como resultado del Consejo y otras actividades de formaci\u00f3n: Martha Flores Libertad L\u00f3pez y Samanta Azul SemM\u00e9xico. 28 de enero de [&hellip;]<\/p>\n","protected":false},"author":3,"featured_media":31220,"comment_status":"open","ping_status":"open","sticky":false,"template":"","format":"standard","meta":{"_monsterinsights_skip_tracking":false,"footnotes":""},"categories":[692,55],"tags":[],"class_list":["post-31219","post","type-post","status-publish","format-standard","has-post-thumbnail","category-692","category-periodistas"],"_links":{"self":[{"href":"https:\/\/redsemlac.com\/semmexico\/wp-json\/wp\/v2\/posts\/31219","targetHints":{"allow":["GET"]}}],"collection":[{"href":"https:\/\/redsemlac.com\/semmexico\/wp-json\/wp\/v2\/posts"}],"about":[{"href":"https:\/\/redsemlac.com\/semmexico\/wp-json\/wp\/v2\/types\/post"}],"author":[{"embeddable":true,"href":"https:\/\/redsemlac.com\/semmexico\/wp-json\/wp\/v2\/users\/3"}],"replies":[{"embeddable":true,"href":"https:\/\/redsemlac.com\/semmexico\/wp-json\/wp\/v2\/comments?post=31219"}],"version-history":[{"count":0,"href":"https:\/\/redsemlac.com\/semmexico\/wp-json\/wp\/v2\/posts\/31219\/revisions"}],"wp:featuredmedia":[{"embeddable":true,"href":"https:\/\/redsemlac.com\/semmexico\/wp-json\/wp\/v2\/media\/31220"}],"wp:attachment":[{"href":"https:\/\/redsemlac.com\/semmexico\/wp-json\/wp\/v2\/media?parent=31219"}],"wp:term":[{"taxonomy":"category","embeddable":true,"href":"https:\/\/redsemlac.com\/semmexico\/wp-json\/wp\/v2\/categories?post=31219"},{"taxonomy":"post_tag","embeddable":true,"href":"https:\/\/redsemlac.com\/semmexico\/wp-json\/wp\/v2\/tags?post=31219"}],"curies":[{"name":"wp","href":"https:\/\/api.w.org\/{rel}","templated":true}]}}