{"id":31214,"date":"2021-01-28T21:37:05","date_gmt":"2021-01-28T21:37:05","guid":{"rendered":"https:\/\/redsemlac.com\/semmexico\/?p=31214"},"modified":"2023-07-21T16:46:22","modified_gmt":"2023-07-21T21:46:22","slug":"mexico-trabaja-con-organismos-internacionales-en-la-capacitacion-de-genero-a-la-guardia-nacional-y-otras-policias","status":"publish","type":"post","link":"https:\/\/redsemlac.com\/semmexico\/mexico-trabaja-con-organismos-internacionales-en-la-capacitacion-de-genero-a-la-guardia-nacional-y-otras-policias\/","title":{"rendered":"M\u00e9xico trabaja con organismos internacionales en la capacitaci\u00f3n de g\u00e9nero a la Guardia Nacional y otras polic\u00edas"},"content":{"rendered":"\n<p class=\"wp-block-paragraph\">Participa en el lanzamiento de un manual la Secretaria de Seguridad y Protecci\u00f3n Ciudadana<\/p>\n\n\n\n<p class=\"wp-block-paragraph\">Rosa Isela Rodr\u00edguez Vel\u00e1zquez habla a ONU Mujeres del nuevo paradigma del gobierno en la prevenci\u00f3n de la violencia de g\u00e9nero<\/p>\n\n\n\n<p class=\"wp-block-paragraph\">Por: Lizbeth \u00c1lvarez Mart\u00ednez.<\/p>\n\n\n\n<p class=\"wp-block-paragraph\">SemM\u00e9xico, Cd. de M\u00e9xico, 28 de enero, 2021.- La secretaria de Seguridad y Protecci\u00f3n Ciudadana (SSPC), Rosa Icela Rodr\u00edguez Vel\u00e1zquez, avanza de manera coordinada con la Oficina de Naciones Unidas contra la Droga y el Delito (UNODC) y ONU Mujeres M\u00e9xico, en la profesionalizaci\u00f3n de las polic\u00edas en perspectiva de g\u00e9nero y prevenci\u00f3n de la violencia contra las mujeres.<\/p>\n\n\n\n<p class=\"wp-block-paragraph\">Esta ma\u00f1ana particip\u00f3 en el lanzamiento de alto nivel del Manual para la aplicaci\u00f3n de la ley de servicios policiales sensibles al g\u00e9nero, organizado por ONU-Mujeres, con apoyo de UNODC y la Asociaci\u00f3n Internacional de Mujeres Polic\u00edas (IAWP, por sus siglas en ingl\u00e9s), en el que estuvieron presentes 160 representantes de pa\u00edses del mundo.<\/p>\n\n\n\n<p class=\"wp-block-paragraph\">La funcionaria&nbsp;&nbsp;p\u00fablica coment\u00f3 que adem\u00e1s se trabaja de manera conjunta con esos organismos internacionales para la atenci\u00f3n de los Centros de Respuesta Inmediata&nbsp;&nbsp;y la capacitaci\u00f3n de personal responsable en atender la violencia de g\u00e9nero en M\u00e9xico.<\/p>\n\n\n\n<p class=\"wp-block-paragraph\">Celebr\u00f3 la elaboraci\u00f3n del Manual para la aplicaci\u00f3n de la ley sobre servicios policiales sensibles al g\u00e9nero para mujeres y ni\u00f1as que han sufrido violencia: \u201cEstoy segura que ser\u00e1 una herramienta de gran utilidad y que fortalecer\u00e1 nuestros procesos de formaci\u00f3n y especializaci\u00f3n de nuestras polic\u00edas\u201d, dijo.<\/p>\n\n\n\n<p class=\"wp-block-paragraph\">En presencia de la directora ejecutiva de ONU-Mujeres, Phumzile Mlambo-Nguncka, mencion\u00f3 que el confinamiento y el aislamiento social provocado por la pandemia han generado que la din\u00e1mica social se modifique, lo que tambi\u00e9n significa nuevos retos institucionales y sociales que es imperante atender.<\/p>\n\n\n\n<p class=\"wp-block-paragraph\">Dijo que esos retos, obligan a atender&nbsp;&nbsp;la violencia contra las mujeres y ni\u00f1as, tanto f\u00edsica, psico-emocional y sexual, en los hogares, las calles, parques y, especialmente en&nbsp;&nbsp;el transporte p\u00fablico.<\/p>\n\n\n\n<p class=\"wp-block-paragraph\">Rodr\u00edguez Vel\u00e1zquez&nbsp;&nbsp;dijo en la reuni\u00f3n&nbsp;&nbsp;que el&nbsp;&nbsp;gobierno&nbsp;&nbsp;de M\u00e9xico,&nbsp;&nbsp;construye un nuevo paradigma como parte de&nbsp;&nbsp;la Estrategia Nacional de Seguridad, para romper&nbsp;&nbsp;con la idea de la guerra y se centra en la construcci\u00f3n de la paz.<\/p>\n\n\n\n<p class=\"wp-block-paragraph\">Esta estrategia incluye&nbsp;&nbsp;la creaci\u00f3n de nuevos cuerpos policiacos, como la Guardia Nacional, que cuenta con casi 100 mil elementos,&nbsp;&nbsp;mejor equipamiento, mayor profesionalizaci\u00f3n y la utilizaci\u00f3n de estrategias de inteligencia e investigaci\u00f3n, explic\u00f3.<\/p>\n\n\n\n<p class=\"wp-block-paragraph\">Agreg\u00f3 que la principal tarea del Gabinete de Seguridad, que se re\u00fane diariamente a las 6 de la ma\u00f1ana, es el an\u00e1lisis de la incidencia delictiva en todo el territorio nacional y la definici\u00f3n de medidas para enfrentar la inseguridad y la violencia.<\/p>\n","protected":false},"excerpt":{"rendered":"<p>Participa en el lanzamiento de un manual la Secretaria de Seguridad y Protecci\u00f3n Ciudadana Rosa Isela Rodr\u00edguez Vel\u00e1zquez habla a ONU Mujeres del nuevo paradigma del gobierno en la prevenci\u00f3n de la violencia de g\u00e9nero Por: Lizbeth \u00c1lvarez Mart\u00ednez. SemM\u00e9xico, Cd. de M\u00e9xico, 28 de enero, 2021.- La secretaria de Seguridad y Protecci\u00f3n Ciudadana (SSPC), [&hellip;]<\/p>\n","protected":false},"author":3,"featured_media":31215,"comment_status":"open","ping_status":"open","sticky":false,"template":"","format":"standard","meta":{"_monsterinsights_skip_tracking":false,"footnotes":""},"categories":[692,51],"tags":[],"class_list":["post-31214","post","type-post","status-publish","format-standard","has-post-thumbnail","category-692","category-ejecutivo"],"_links":{"self":[{"href":"https:\/\/redsemlac.com\/semmexico\/wp-json\/wp\/v2\/posts\/31214","targetHints":{"allow":["GET"]}}],"collection":[{"href":"https:\/\/redsemlac.com\/semmexico\/wp-json\/wp\/v2\/posts"}],"about":[{"href":"https:\/\/redsemlac.com\/semmexico\/wp-json\/wp\/v2\/types\/post"}],"author":[{"embeddable":true,"href":"https:\/\/redsemlac.com\/semmexico\/wp-json\/wp\/v2\/users\/3"}],"replies":[{"embeddable":true,"href":"https:\/\/redsemlac.com\/semmexico\/wp-json\/wp\/v2\/comments?post=31214"}],"version-history":[{"count":0,"href":"https:\/\/redsemlac.com\/semmexico\/wp-json\/wp\/v2\/posts\/31214\/revisions"}],"wp:featuredmedia":[{"embeddable":true,"href":"https:\/\/redsemlac.com\/semmexico\/wp-json\/wp\/v2\/media\/31215"}],"wp:attachment":[{"href":"https:\/\/redsemlac.com\/semmexico\/wp-json\/wp\/v2\/media?parent=31214"}],"wp:term":[{"taxonomy":"category","embeddable":true,"href":"https:\/\/redsemlac.com\/semmexico\/wp-json\/wp\/v2\/categories?post=31214"},{"taxonomy":"post_tag","embeddable":true,"href":"https:\/\/redsemlac.com\/semmexico\/wp-json\/wp\/v2\/tags?post=31214"}],"curies":[{"name":"wp","href":"https:\/\/api.w.org\/{rel}","templated":true}]}}