{"id":31209,"date":"2021-01-28T21:14:03","date_gmt":"2021-01-28T21:14:03","guid":{"rendered":"https:\/\/redsemlac.com\/semmexico\/?p=31209"},"modified":"2023-07-21T16:46:23","modified_gmt":"2023-07-21T21:46:23","slug":"siguen-las-manifestaciones-en-guerrero-contra-la-precandidatura-de-felix-salgado-macedonio-acusado-de-violacion","status":"publish","type":"post","link":"https:\/\/redsemlac.com\/semmexico\/siguen-las-manifestaciones-en-guerrero-contra-la-precandidatura-de-felix-salgado-macedonio-acusado-de-violacion\/","title":{"rendered":"Siguen las manifestaciones en Guerrero contra la precandidatura de F\u00e9lix Salgado Macedonio, acusado de violaci\u00f3n"},"content":{"rendered":"\n<p class=\"wp-block-paragraph\">Este viernes el senador con licencia deber\u00e1 presentarse&nbsp;&nbsp;ante la Comisi\u00f3n Nacional de Honor y Justicia de Morena que no tiene fecha de resoluci\u00f3n<\/p>\n\n\n\n<p class=\"wp-block-paragraph\">Anuncian el nacimiento de otra organizaci\u00f3n nacional para impedir que violentadores accedan a candidaturas y puestos de elecci\u00f3n popular<\/p>\n\n\n\n<p class=\"wp-block-paragraph\">Josefina Aguilar Pastor<\/p>\n\n\n\n<p class=\"wp-block-paragraph\">Chilpancingo, Guerrero, 28 de enero de 20121.- Con la exigencia de&nbsp;la revocaci\u00f3n inmediata de la pre candidatura&nbsp;al gobierno de Guerrero del&nbsp;senador con licencia F\u00e9lix Salgado Macedonio,&nbsp;que no regrese a la curul en el senado de la rep\u00fablica, y se cumpla con la iniciativa&nbsp;3 de 3 contra la Violencia, se manifestaron este jueves, integrantes de la colectiva nacional Feminista \u201cNing\u00fan agresor en el poder\u201d, en la entrada del Comit\u00e9 Ejecutivo Nacional (CEN) de Morena.<\/p>\n\n\n\n<p class=\"wp-block-paragraph\">Las manifestantes, muy de ma\u00f1ana, -la tercera movilizaci\u00f3n-&nbsp;&nbsp;llegaron a la entrada de las oficinas nacionales de Morena, donde lanzaron&nbsp;&nbsp;una serie de consignas, ante la insistencia del partido oficial&nbsp;&nbsp;de mantener a Salgado Macedonio, como candidato a la gubernatura de Guerrero.&nbsp;<\/p>\n\n\n\n<p class=\"wp-block-paragraph\">Ello sucede a 24 horas de que venza el plazo para que F\u00e9lix Salgado Macedonio, responda ante la Comisi\u00f3n Nacional de Honor y Justicia (CNHJ) de Morena a las acusaciones de violencia sexual presentadas en su contra, que de no hacerlo, podr\u00edan revocase su la candidatura.<\/p>\n\n\n\n<figure class=\"wp-block-image size-large\"><a href=\"https:\/\/redsemlac.com\/semmexico\/wp-content\/uploads\/2021\/01\/2.png\"><img loading=\"lazy\" decoding=\"async\" width=\"377\" height=\"484\" src=\"https:\/\/redsemlac.com\/semmexico\/wp-content\/uploads\/2021\/01\/2.png\" alt=\"\" class=\"wp-image-31210\"\/><\/a><\/figure>\n\n\n\n<p class=\"wp-block-paragraph\">En un texto le\u00eddo por las manifestantes, se\u00f1alan una&nbsp;&nbsp;recopilaci\u00f3n de hechos que sustenta su protesta.&nbsp;Mencionaron que&nbsp;el 3 de diciembre, 18 aspirantes a la gubernatura de Guerrero se registraron por Morena, el 30 de diciembre el presidente nacional de ese partido, Mario Delgado Carrillo, anunci\u00f3 que Salgado Macedonio, ser\u00eda el \u00fanico precandidato a gobernador.<\/p>\n\n\n\n<p class=\"wp-block-paragraph\">Cuestionan que ello sucedi\u00f3&nbsp;&nbsp;a pesar de que en diciembre, mes en el que se habr\u00eda hecho la encuesta para elegir al candidato, s\u00f3lo a trav\u00e9s de redes sociales y medios de comunicaci\u00f3n, fue&nbsp;filtrado el expediente que conten\u00eda una carpeta de investigaci\u00f3n por el delito de violaci\u00f3n en contra Salgado Macedonio.<\/p>\n\n\n\n<p class=\"wp-block-paragraph\">Anotaron que despu\u00e9s se conoci\u00f3&nbsp;una segunda denuncia en su contra, por el mismo delito, a lo que&nbsp;Morena, cuestionaron,&nbsp;&nbsp;ha hecho caso omiso&nbsp;&nbsp;y mantiene&nbsp;&nbsp;la precandidatura del senador con licencia.<\/p>\n\n\n\n<p class=\"wp-block-paragraph\">Criticaron las declaraciones del presidente&nbsp;&nbsp;Andr\u00e9s Manuel L\u00f3pez Obrador,<strong>&nbsp;<\/strong>en su conferencia matutina del 8 de enero, por respaldar esa&nbsp;&nbsp;precandidatura, aludiendo que se trata de&nbsp;&nbsp;situaciones&nbsp;&nbsp;\u201cpartidistas, producto de la temporada\u201d, y le reclaman no considerar que la denuncia est\u00e1 documentada y en la Fiscal\u00eda de Gurrero, y es por&nbsp;violaci\u00f3n<strong>.<\/strong><\/p>\n\n\n\n<p class=\"wp-block-paragraph\">Tambi\u00e9n suman al recuento el hecho de que<strong>&nbsp;<\/strong>el pasado<strong>&nbsp;<\/strong>el 20 de enero, la Fiscal\u00eda General del Estado de Guerrero (FGE),&nbsp;&nbsp;emiti\u00f3 un comunicado en el que informa que la segunda denuncia por violaci\u00f3n, habr\u00eda prescrito, debido al tiempo transcurrido.<\/p>\n\n\n\n<p class=\"wp-block-paragraph\">Por estos hechos, informaron,&nbsp;&nbsp;es que hemos decidido crear una Colectiva Feminista Nacional \u00abNing\u00fan agresor en el poder\u00bb para que todos los \u201cF\u00e9lix\u201d caigan,&nbsp;&nbsp;y ning\u00fan otro agresor sea elegido para un puesto p\u00fablico o cargo de elecci\u00f3n popular en M\u00e9xico\u201d, anunciaron las manifestantes.<\/p>\n\n\n\n<p class=\"wp-block-paragraph\">Se trata dijeron, \u201cde&nbsp;mujeres organizadas, indignadas y llenas de rabia, que desde nuestra independencia pol\u00edtica y al margen de cualquier inter\u00e9s partidista burgu\u00e9s, buscamos exigir justicia ante tanta impunidad en esta sociedad mis\u00f3gina y feminicida. Como mujeres feministas estamos doblemente vulneradas por nuestro activismo y g\u00e9nero\u201d.&nbsp;<\/p>\n\n\n\n<p class=\"wp-block-paragraph\">Refirieron que el 28 de octubre pasado, el INE estableci\u00f3 la iniciativa \u201c3 de 3 contra la Violencia\u201d<strong>\u00a0<\/strong>que tiene la finalidad de asegurar que ning\u00fan aspirante a una postulaci\u00f3n o cargo de elecci\u00f3n popular, se encuentre sancionado por resoluci\u00f3n firme o ejecutoriada, por delitos de violencia familiar, dom\u00e9stica o pol\u00edtica; delitos sexuales o como deudor alimentario por lo que ning\u00fan hombre con una denuncia archivada o no, puede ser candidato.\u00a0<\/p>\n\n\n\n<figure class=\"wp-block-image size-large\"><a href=\"https:\/\/redsemlac.com\/semmexico\/wp-content\/uploads\/2021\/01\/4.png\"><img loading=\"lazy\" decoding=\"async\" width=\"381\" height=\"476\" src=\"https:\/\/redsemlac.com\/semmexico\/wp-content\/uploads\/2021\/01\/4.png\" alt=\"\" class=\"wp-image-31211\"\/><\/a><\/figure>\n\n\n\n<p class=\"wp-block-paragraph\">Refirieron que el 28 de octubre pasado, el INE estableci\u00f3 la iniciativa \u201c3 de 3 contra la Violencia\u201d<strong>\u00a0<\/strong>que tiene la finalidad de asegurar que ning\u00fan aspirante a una postulaci\u00f3n o cargo de elecci\u00f3n popular, se encuentre sancionado por resoluci\u00f3n firme o ejecutoriada, por delitos de violencia familiar, dom\u00e9stica o pol\u00edtica; delitos sexuales o como deudor alimentario por lo que ning\u00fan hombre con una denuncia archivada o no, puede ser candidato.\u00a0<\/p>\n\n\n\n<p class=\"wp-block-paragraph\">\u201cPor ello&nbsp;exigimos la revocaci\u00f3n inmediata de la pre candidatura&nbsp;al gobierno de Guerrero del&nbsp;senador con licencia F\u00e9lix Salgado Macedonio<em>,<\/em>&nbsp;as\u00ed como el impedimento para que retome su curul, para que como ciudadano lleve el proceso legal correspondiente. De igual forma&nbsp;exigimos&nbsp;se haga efectivo el impedimento a registro para ocupar un cargo de elecci\u00f3n popular a ciudadanos de cualquier partido pol\u00edtico en toda la Rep\u00fablica Mexicana que cuenten con un antecedente de violencia planteado en el<em>&nbsp;<\/em>3 de 3 contra la Violencia\u201d<em>.<\/em><strong><\/strong><\/p>\n\n\n\n<p class=\"wp-block-paragraph\">Las manifestantes, realizaron tambi\u00e9n el performance \u201cEl Violador eres t\u00fa\u201d. Anunciaron que esta es la primera manifestaci\u00f3n de la colectiva&nbsp;Ning\u00fan agresor en el poder\u201d, en los pr\u00f3ximos d\u00edas, estar\u00edan manifest\u00e1ndose en distintas entidades del pa\u00eds.<\/p>\n\n\n\n<p class=\"wp-block-paragraph\">Antes de irnos les decimos que no les tenemos miedo\u201d, sostuvieron, responsabilizaron al propio Salgado Macedonio, de lo que pueda ocurrir a cualquiera que se manifieste en su contra, como ha ocurrido en Guerrero, donde feministas como Yolitzin Jaimes Rend\u00f3n, ha venido siendo agredida, y amenazada, luego de manifestar p\u00fablicamente su repudio contra el senador de la rep\u00fablica.<\/p>\n\n\n\n<p class=\"wp-block-paragraph\"><strong>MORENA LO JUZGA<\/strong><\/p>\n\n\n\n<p class=\"wp-block-paragraph\">A iniciativa de diputadas y senadoras de Morena e integrantes de otros colectivos, el&nbsp;&nbsp;22 de enero, la Comisi\u00f3n Nacional de Honor y Justicia (CNHJ) de Morena, inicio un procedimiento sancionar en contra de F\u00e9lix Salgado Macedonio, que este viernes deber\u00e1 declarar.<\/p>\n\n\n\n<p class=\"wp-block-paragraph\">Esa comisi\u00f3n, dijo a SemM\u00e9xico, la diputada&nbsp;<em><strong>Wendy<\/strong><\/em>&nbsp;Brice\u00f1o Zuloaga, no ha informado sobre el proceso y no hay fecha para sus conclusiones.<\/p>\n\n\n\n<p class=\"wp-block-paragraph\">&nbsp;El&nbsp;&nbsp;procedimiento sancionador, como se ha publicado, est\u00e1 en el proceso de recopilar las denuncias&nbsp;&nbsp;-3 hasta el momento-, contra el presunto violador. Y ha difundido que \u00e9l tiene el derecho a la presunci\u00f3n de inocencia.<\/p>\n\n\n\n<p class=\"wp-block-paragraph\">Las mujeres, de Morena, de distintas partes del pa\u00eds, han insistido, en que Morena, deb\u00eda considerar que si mantiene la candidatura, estar\u00eda mostrando una conducta indebida. El caso est\u00e1 abierto, en t\u00e9rminos partidarios y tambi\u00e9n en la Fiscal\u00eda de Guerrero.<\/p>\n","protected":false},"excerpt":{"rendered":"<p>Este viernes el senador con licencia deber\u00e1 presentarse&nbsp;&nbsp;ante la Comisi\u00f3n Nacional de Honor y Justicia de Morena que no tiene fecha de resoluci\u00f3n Anuncian el nacimiento de otra organizaci\u00f3n nacional para impedir que violentadores accedan a candidaturas y puestos de elecci\u00f3n popular Josefina Aguilar Pastor Chilpancingo, Guerrero, 28 de enero de 20121.- Con la exigencia [&hellip;]<\/p>\n","protected":false},"author":3,"featured_media":31212,"comment_status":"open","ping_status":"open","sticky":false,"template":"","format":"standard","meta":{"_monsterinsights_skip_tracking":false,"footnotes":""},"categories":[692,54],"tags":[],"class_list":["post-31209","post","type-post","status-publish","format-standard","has-post-thumbnail","category-692","category-mujeres"],"_links":{"self":[{"href":"https:\/\/redsemlac.com\/semmexico\/wp-json\/wp\/v2\/posts\/31209","targetHints":{"allow":["GET"]}}],"collection":[{"href":"https:\/\/redsemlac.com\/semmexico\/wp-json\/wp\/v2\/posts"}],"about":[{"href":"https:\/\/redsemlac.com\/semmexico\/wp-json\/wp\/v2\/types\/post"}],"author":[{"embeddable":true,"href":"https:\/\/redsemlac.com\/semmexico\/wp-json\/wp\/v2\/users\/3"}],"replies":[{"embeddable":true,"href":"https:\/\/redsemlac.com\/semmexico\/wp-json\/wp\/v2\/comments?post=31209"}],"version-history":[{"count":0,"href":"https:\/\/redsemlac.com\/semmexico\/wp-json\/wp\/v2\/posts\/31209\/revisions"}],"wp:featuredmedia":[{"embeddable":true,"href":"https:\/\/redsemlac.com\/semmexico\/wp-json\/wp\/v2\/media\/31212"}],"wp:attachment":[{"href":"https:\/\/redsemlac.com\/semmexico\/wp-json\/wp\/v2\/media?parent=31209"}],"wp:term":[{"taxonomy":"category","embeddable":true,"href":"https:\/\/redsemlac.com\/semmexico\/wp-json\/wp\/v2\/categories?post=31209"},{"taxonomy":"post_tag","embeddable":true,"href":"https:\/\/redsemlac.com\/semmexico\/wp-json\/wp\/v2\/tags?post=31209"}],"curies":[{"name":"wp","href":"https:\/\/api.w.org\/{rel}","templated":true}]}}