{"id":31200,"date":"2021-01-28T00:29:01","date_gmt":"2021-01-28T00:29:01","guid":{"rendered":"https:\/\/redsemlac.com\/semmexico\/?p=31200"},"modified":"2023-07-21T16:46:23","modified_gmt":"2023-07-21T21:46:23","slug":"el-fondo-guadalupe-musalem-tiene-25-anos-impulsando-a-jovenes-indigenas-rurales-y-afromexicanas-de-oaxaca-en-estudios-de-bachillerato-y-universitarios","status":"publish","type":"post","link":"https:\/\/redsemlac.com\/semmexico\/el-fondo-guadalupe-musalem-tiene-25-anos-impulsando-a-jovenes-indigenas-rurales-y-afromexicanas-de-oaxaca-en-estudios-de-bachillerato-y-universitarios\/","title":{"rendered":"El Fondo Guadalupe Musalem tiene 25 a\u00f1os impulsando a j\u00f3venes ind\u00edgenas, rurales y afromexicanas de Oaxaca en estudios de bachillerato y universitarios"},"content":{"rendered":"\n<ul class=\"wp-block-list\"><li><strong>Este d\u00eda inici\u00f3 una campa\u00f1a de &nbsp;procuraci\u00f3n de fondos 2021 llamado \u201cS\u00ed a la educaci\u00f3n de las mujeres\u201d.<\/strong><\/li><li><strong>Tiene la meta de reunir 2 millones 300 mil pesos para continuar con esta acci\u00f3n transformadora para las j\u00f3venes, que de otro modo no podr\u00edan estudiar<\/strong><\/li><\/ul>\n\n\n\n<p class=\"wp-block-paragraph\"><strong>Redacci\u00f3n<\/strong><\/p>\n\n\n\n<p class=\"wp-block-paragraph\">SemM\u00e9xico, Oaxaca, Oax., 27 de enero 2021.- El Fondo Guadalupe Musalem, de la Casa de la Mujer, Rosario Castellanos en esta capital informo que con esta fecha inicio una&nbsp;&nbsp; campa\u00f1a de procuraci\u00f3n de fondos, denominado&nbsp; \u201cS\u00ed a la educaci\u00f3n de las mujeres\u201d.<\/p>\n\n\n\n<p class=\"wp-block-paragraph\">Inform\u00f3 que su&nbsp; objetivo es reunir 2 millones 300 mil pesos para apoyar la educaci\u00f3n de 25 j\u00f3venes mujeres en&nbsp; su educaci\u00f3n de&nbsp; bachillerato, y a&nbsp; 11 universitarias, provenientes de comunidades ind\u00edgenas, rurales y afromexicanas de Oaxaca. Y puedan acceder al ciclo escolar 2021-2022.<\/p>\n\n\n\n<p class=\"wp-block-paragraph\">Seg\u00fan el contexto de la campa\u00f1a, este a\u00f1o tiene&nbsp; el nombre de la feminista oaxaque\u00f1a y defensora de los derechos humanos de las mujeres, Guadalupe Musalem Merhy (\u2020),&nbsp; y es una tarea&nbsp; de apoyo a las j\u00f3venes del campo oaxaque\u00f1o que cumple&nbsp; 26 a\u00f1os y as\u00ed ha beneficiado hasta ahora con la contribuci\u00f3n de personas generosas a 158&nbsp; j\u00f3venes que logran realizar estudios de bachillerato y a 51 de ellas en alg\u00fan tramo de sus estudios universitarios.<\/p>\n\n\n\n<p class=\"wp-block-paragraph\">Beatriz \u00c1vila Curiel, presidenta del FGM &nbsp;dijo que en 2021, el fondo afronta esta tarea &nbsp;con mucha esperanza, para &nbsp;seguir apoyando a muchas j\u00f3venes que a pesar de los nuevos obst\u00e1culos, como el acceso a la tecnolog\u00eda han seguido estudiando. Y pidi\u00f3 que las personas asistentes al lanzamiento de esta nueva iniciativa, &nbsp;ayuden a reunir la meta de este a\u00f1o.&nbsp;<\/p>\n\n\n\n<p class=\"wp-block-paragraph\">En reuni\u00f3n virtual, estuvo &nbsp;la voz melodiosa y bella de &nbsp;Lila Downs, que por m\u00e1s de 20 a\u00f1os, ha participado activamente con el compromiso de sumar esfuerzos para seguir brindando educaci\u00f3n a mujeres talentosas.<\/p>\n\n\n\n<p class=\"wp-block-paragraph\">La cantante dijo que \u201ceste Fondo es un ejemplo de c\u00f3mo se pueden lograr sue\u00f1os para estudiantes con escasos recursos, a trav\u00e9s de la m\u00fasica hemos comunicado muchas cosas, agradezco poder compartir con todas las j\u00f3venes de todos los tiempos para que juntas y juntos de nuestras manos podamos seguir caminando y logrando la libertad y la felicidad para estas j\u00f3venes becarias\u201d, puntualiz\u00f3.<\/p>\n\n\n\n<p class=\"wp-block-paragraph\">Diana Z\u00e1rate Arreola,&nbsp; ex becaria del FGM, hoy &nbsp;pedagoga con experiencia como docente de educaci\u00f3n media superior expres\u00f3: \u201cSer egresada del FGM es para m\u00ed un honor, este a\u00f1o en tiempos de pandemia la educaci\u00f3n en comunidades rurales se vuelve dif\u00edcil porque es poco posible acceder a la educaci\u00f3n, sin embargo gracias a esta beca podemos hacerlo. Hoy hablo por todas las mujeres que ya cumplimos nuestros sue\u00f1os pero tambi\u00e9n por las que esperan una oportunidad para hacerlo, te invito a que te sumes a esta causa y a que contribuyas para que mujeres con enormes cualidades y valores, puedan continuar con sus estudios\u201d.<\/p>\n\n\n\n<p class=\"wp-block-paragraph\">Por m\u00e1s de 10 a\u00f1os, la doctora Martha Patricia Ponce Jim\u00e9nez ha sido donante de este proyecto educativo y ella dijo que &nbsp;\u201cMe sum\u00e9 al FGM debido a que conf\u00edo a ojos cerrados de su compromiso con las mujeres, en la pasi\u00f3n, la integridad y la \u00e9tica. Sus logros son muchos, entre ellos su permanencia a lo largo de 25 a\u00f1os\u201d.<\/p>\n\n\n\n<p class=\"wp-block-paragraph\">Aplaudi\u00f3 &nbsp;la atenci\u00f3n personalizada, la formaci\u00f3n integral y el seguimiento de las becarias, as\u00ed como la &nbsp;responsabilidad,&nbsp; transparencia en el manejo de los fondos recaudados, los medios para informar, transparentar y rendir cuentas p\u00fablicamente.<\/p>\n\n\n\n<p class=\"wp-block-paragraph\">Tambi\u00e9n el fondo de becas, promovido por las seguidoras de Guadalupe Misal\u00e9n, hizo &nbsp;posible la deducibilidad de impuestos en M\u00e9xico y Estados Unidos., dijo la tambi\u00e9n investigadora del CIESAS \u2013 Unidad Golfo.<\/p>\n\n\n\n<p class=\"wp-block-paragraph\">La beca que reciben las estudiantes incluye el acompa\u00f1amiento de una tutora, capacitaciones de formaci\u00f3n integral, que debido a la contingencia se realizan de forma virtual; servicio m\u00e9dico y psicol\u00f3gico,&nbsp; vivienda para quienes realizan estudios universitarios en la ciudad de Oaxaca, apoyo econ\u00f3mico mensual, y otras cosas.<\/p>\n\n\n\n<p class=\"wp-block-paragraph\">La maestra Clarisa Toledo Luis comparti\u00f3 su tiempo y experiencia como tutora. Destac\u00f3 que este &nbsp;Fondo &nbsp;ha conseguido una &nbsp;labor transformadora de mujeres.<\/p>\n\n\n\n<p class=\"wp-block-paragraph\">Las personas que deseen hacer llegar sus donativos podr\u00e1n hacerlo mediante dep\u00f3sito bancario, cheque, transferencia o PayPal. Los donativos son deducibles de impuestos (Aplican condiciones para cada pa\u00eds). Cuenta Banamex 7005 4686887, Clabe 00261070054686887-6, Fondo Guadalupe Musalem A.C. A trav\u00e9s de la liga https:\/\/fondoguadalupemusalem.safechkout.net\/donaciones.<\/p>\n","protected":false},"excerpt":{"rendered":"<p>Este d\u00eda inici\u00f3 una campa\u00f1a de  procuraci\u00f3n de fondos 2021 llamado \u201cS\u00ed a la educaci\u00f3n de las mujeres\u201d.<\/p>\n","protected":false},"author":3,"featured_media":31201,"comment_status":"open","ping_status":"open","sticky":false,"template":"","format":"standard","meta":{"_monsterinsights_skip_tracking":false,"footnotes":""},"categories":[692,54],"tags":[],"class_list":["post-31200","post","type-post","status-publish","format-standard","has-post-thumbnail","category-692","category-mujeres"],"_links":{"self":[{"href":"https:\/\/redsemlac.com\/semmexico\/wp-json\/wp\/v2\/posts\/31200","targetHints":{"allow":["GET"]}}],"collection":[{"href":"https:\/\/redsemlac.com\/semmexico\/wp-json\/wp\/v2\/posts"}],"about":[{"href":"https:\/\/redsemlac.com\/semmexico\/wp-json\/wp\/v2\/types\/post"}],"author":[{"embeddable":true,"href":"https:\/\/redsemlac.com\/semmexico\/wp-json\/wp\/v2\/users\/3"}],"replies":[{"embeddable":true,"href":"https:\/\/redsemlac.com\/semmexico\/wp-json\/wp\/v2\/comments?post=31200"}],"version-history":[{"count":0,"href":"https:\/\/redsemlac.com\/semmexico\/wp-json\/wp\/v2\/posts\/31200\/revisions"}],"wp:featuredmedia":[{"embeddable":true,"href":"https:\/\/redsemlac.com\/semmexico\/wp-json\/wp\/v2\/media\/31201"}],"wp:attachment":[{"href":"https:\/\/redsemlac.com\/semmexico\/wp-json\/wp\/v2\/media?parent=31200"}],"wp:term":[{"taxonomy":"category","embeddable":true,"href":"https:\/\/redsemlac.com\/semmexico\/wp-json\/wp\/v2\/categories?post=31200"},{"taxonomy":"post_tag","embeddable":true,"href":"https:\/\/redsemlac.com\/semmexico\/wp-json\/wp\/v2\/tags?post=31200"}],"curies":[{"name":"wp","href":"https:\/\/api.w.org\/{rel}","templated":true}]}}