{"id":31189,"date":"2021-01-27T23:57:11","date_gmt":"2021-01-27T23:57:11","guid":{"rendered":"https:\/\/redsemlac.com\/semmexico\/?p=31189"},"modified":"2023-07-21T16:46:23","modified_gmt":"2023-07-21T21:46:23","slug":"en-oaxaca-55-violentadas-9-asesinadas-y-31-desaparecidas-en-un-mes-campana-semaforo-rojo-por-feminicidio-exigen-al-gobierno-pare-esta-masacre","status":"publish","type":"post","link":"https:\/\/redsemlac.com\/semmexico\/en-oaxaca-55-violentadas-9-asesinadas-y-31-desaparecidas-en-un-mes-campana-semaforo-rojo-por-feminicidio-exigen-al-gobierno-pare-esta-masacre\/","title":{"rendered":"En Oaxaca 55 violentadas, 9 asesinadas y 31 desaparecidas en  un mes, campa\u00f1a  Sem\u00e1foro rojo por feminicidio. Exigen al gobierno pare esta masacre"},"content":{"rendered":"\n<ul class=\"wp-block-list\"><li><strong>Feministas del grupo Consorcio exige al gobernador acciones urgentes &nbsp;ya que corre peligro <\/strong><strong>la vida de las mujeres&nbsp; ante&nbsp; la incapacidad gubernamental<\/strong><\/li><\/ul>\n\n\n\n<ul class=\"wp-block-list\"><li><strong>La Fiscal\u00eda a cargo de Rub\u00e9n Vasconcelos, no da resultados a pesar que lo conmin\u00f3 el Congreso a actuar, si no que se vaya<\/strong><\/li><\/ul>\n\n\n\n<p class=\"wp-block-paragraph\"><strong>Elda Montiel<\/strong><\/p>\n\n\n\n<p class=\"wp-block-paragraph\">SemM\u00e9xico. Cd. de M\u00e9xico. 27 de enero 2021.- Ante las cifras de violencia por raz\u00f3n de g\u00e9nero en Oaxaca con desapariciones de mujeres y feminicidios. En medio de la crisis de pandemia del Covid 19 el grupo Consorcio para el Di\u00e1logo Parlamentario y la Equidad Oaxaca lanz\u00f3 una campa\u00f1a denominada \u00a1Alerta, Sem\u00e1foro Rojo! Feminicidio en Oaxaca- que exige &nbsp;al gobierno de Alejandro Murat tome acciones urgentes.<\/p>\n\n\n\n<p class=\"wp-block-paragraph\">En un documento entregado a los medios de comunicaci\u00f3n &nbsp;le exigen &nbsp;al gobernador asuma con seriedad la evaluaci\u00f3n y el &nbsp;seguimiento de la alerta de g\u00e9nero declarada por Gobernaci\u00f3n\/Conavim &nbsp;para &nbsp;44 municipios de la entidad, &nbsp;que pare la masacre contra las mujeres, y criticaron \u201cest\u00e1 m\u00e1s preocupado por la coyuntura electoral que se aproxima que&nbsp; por la violencia feminicida que acosa a la entidad.<\/p>\n\n\n\n<p class=\"wp-block-paragraph\">Se\u00f1alan que la procuraci\u00f3n de justicia es una deuda pendiente por parte de la Fiscal\u00eda General del Estado, encabezada por Rub\u00e9n Vasconcelos, qui\u00e9n a pesar de haber sido llamado a comparecer ante el Congreso, sigue sin dar resultados.<\/p>\n\n\n\n<p class=\"wp-block-paragraph\">Hacen notar que es momento de separar de sus funciones a los\/as servidores p\u00fablicos que no est\u00e9n cumpliendo con sus obligaciones de garantizar la vida y la seguridad de las mujeres, indican en el pronunciamiento.<\/p>\n\n\n\n<p class=\"wp-block-paragraph\">En plena pandemia, aseguran, &nbsp;los casos de violencia contin\u00faan y tan s\u00f3lo en el reciente periodo vacacional, el Consorcio registr\u00f3: del 15 de diciembre del 2020 al 15 de enero del 2021, con datos oficiales y period\u00edsticos, 55 casos de violencia feminicida; 31 mujeres desaparecidas, nueve asesinatos de mujeres o feminicidios, 8 casos de violencia familiar y 6 suicidios.<\/p>\n\n\n\n<figure class=\"wp-block-gallery columns-2 is-cropped wp-block-gallery-1 is-layout-flex wp-block-gallery-is-layout-flex\"><ul class=\"blocks-gallery-grid\"><li class=\"blocks-gallery-item\"><figure><a href=\"https:\/\/redsemlac.com\/semmexico\/wp-content\/uploads\/2021\/01\/2-4.png\"><img loading=\"lazy\" decoding=\"async\" width=\"940\" height=\"788\" src=\"https:\/\/redsemlac.com\/semmexico\/wp-content\/uploads\/2021\/01\/2-4.png\" alt=\"\" data-id=\"31191\" data-full-url=\"https:\/\/redsemlac.com\/semmexico\/wp-content\/uploads\/2021\/01\/2-4.png\" data-link=\"https:\/\/redsemlac.com\/semmexico\/?attachment_id=31191\" class=\"wp-image-31191\"\/><\/a><\/figure><\/li><li class=\"blocks-gallery-item\"><figure><a href=\"https:\/\/redsemlac.com\/semmexico\/wp-content\/uploads\/2021\/01\/3-5.png\"><img loading=\"lazy\" decoding=\"async\" width=\"940\" height=\"788\" src=\"https:\/\/redsemlac.com\/semmexico\/wp-content\/uploads\/2021\/01\/3-5.png\" alt=\"\" data-id=\"31192\" data-full-url=\"https:\/\/redsemlac.com\/semmexico\/wp-content\/uploads\/2021\/01\/3-5.png\" data-link=\"https:\/\/redsemlac.com\/semmexico\/?attachment_id=31192\" class=\"wp-image-31192\"\/><\/a><\/figure><\/li><li class=\"blocks-gallery-item\"><figure><a href=\"https:\/\/redsemlac.com\/semmexico\/wp-content\/uploads\/2021\/01\/4-3.png\"><img loading=\"lazy\" decoding=\"async\" width=\"940\" height=\"788\" src=\"https:\/\/redsemlac.com\/semmexico\/wp-content\/uploads\/2021\/01\/4-3.png\" alt=\"\" data-id=\"31193\" data-full-url=\"https:\/\/redsemlac.com\/semmexico\/wp-content\/uploads\/2021\/01\/4-3.png\" data-link=\"https:\/\/redsemlac.com\/semmexico\/?attachment_id=31193\" class=\"wp-image-31193\"\/><\/a><\/figure><\/li><li class=\"blocks-gallery-item\"><figure><a href=\"https:\/\/redsemlac.com\/semmexico\/wp-content\/uploads\/2021\/01\/5-3.png\"><img loading=\"lazy\" decoding=\"async\" width=\"940\" height=\"788\" src=\"https:\/\/redsemlac.com\/semmexico\/wp-content\/uploads\/2021\/01\/5-3.png\" alt=\"\" data-id=\"31194\" data-full-url=\"https:\/\/redsemlac.com\/semmexico\/wp-content\/uploads\/2021\/01\/5-3.png\" data-link=\"https:\/\/redsemlac.com\/semmexico\/?attachment_id=31194\" class=\"wp-image-31194\"\/><\/a><\/figure><\/li><li class=\"blocks-gallery-item\"><figure><a href=\"https:\/\/redsemlac.com\/semmexico\/wp-content\/uploads\/2021\/01\/6-2.png\"><img loading=\"lazy\" decoding=\"async\" width=\"940\" height=\"788\" src=\"https:\/\/redsemlac.com\/semmexico\/wp-content\/uploads\/2021\/01\/6-2.png\" alt=\"\" data-id=\"31195\" data-full-url=\"https:\/\/redsemlac.com\/semmexico\/wp-content\/uploads\/2021\/01\/6-2.png\" data-link=\"https:\/\/redsemlac.com\/semmexico\/?attachment_id=31195\" class=\"wp-image-31195\"\/><\/a><\/figure><\/li><\/ul><\/figure>\n\n\n\n<p class=\"wp-block-paragraph\">Las regiones de la Costa y de los Valles Centrales documentaron es donde se registra el mayor n\u00famero de v\u00edctimas de feminicidio y desaparici\u00f3n de mujeres. En la Costa &nbsp;van 11 mujeres desaparecidas y dos suicidios. En los Valles, diez mujeres desaparecidas y cuatro suicidios.&nbsp; En el caso de los suicidios las edades van de los 12 a los 17a\u00f1os de edad.<\/p>\n\n\n\n<p class=\"wp-block-paragraph\">El 78% de las v\u00edctimas de feminicidio (siete) fueron asesinadas con arma de fuego y\/o arma blanca, de las cuales cuatro ten\u00edan entre 17 y 30 a\u00f1os de edad. El 50 % de las agredidas en el \u00e1mbito familiar fueron v\u00edctimas de atentado de feminicidio en cuyo caso ten\u00edan relaci\u00f3n de pareja con su agresor.<\/p>\n\n\n\n<p class=\"wp-block-paragraph\">Se\u00f1alan que la vida de las mujeres corre peligro en Oaxaca,&nbsp;como resultado de la incapacidad del gobierno por lo que se han incrementado el n\u00famero de mujeres v\u00edctimas de violencia feminicida.<\/p>\n\n\n\n<p class=\"wp-block-paragraph\">No es un secreto, que la ineptitud, la falta de voluntad pol\u00edtica y la negligencia institucional han sido caracter\u00edsticas de este gobierno que se ha convertido en c\u00f3mplice de los feminicida y ha contribuido a perpetuar la cadena de impunidad y permisibilidad.<\/p>\n\n\n\n<p class=\"wp-block-paragraph\">Tan s\u00f3lo el Consorcio en su Plataforma de Violencia Feminicida registra que, en cuatro a\u00f1os, del 01 de diciembre de 2016 al 15 de diciembre de 2020 ocurrieron 2,484 casos de violencia feminicida en la entidad.<\/p>\n\n\n\n<p class=\"wp-block-paragraph\">La cifra m\u00e1s alta corresponde a mil 029 mujeres desaparecidas; en segundo orden 483 feminicidios; le siguen 419 v\u00edctimas de violencia familiar y 325 delitos sexuales; 77 suicidios y 51 casos de violencia pol\u00edtica de g\u00e9nero.<\/p>\n","protected":false},"excerpt":{"rendered":"<p>Feministas del grupo Consorcio exige al gobernador acciones urgentes  ya que corre peligro la vida de las mujeres  ante  la incapacidad gubernamental<\/p>\n","protected":false},"author":3,"featured_media":31190,"comment_status":"open","ping_status":"open","sticky":false,"template":"","format":"standard","meta":{"_monsterinsights_skip_tracking":false,"footnotes":""},"categories":[692,47,48],"tags":[],"class_list":["post-31189","post","type-post","status-publish","format-standard","has-post-thumbnail","category-692","category-no-mas-impunidad","category-no-mas-impunidad-no-mas-impunidad"],"_links":{"self":[{"href":"https:\/\/redsemlac.com\/semmexico\/wp-json\/wp\/v2\/posts\/31189","targetHints":{"allow":["GET"]}}],"collection":[{"href":"https:\/\/redsemlac.com\/semmexico\/wp-json\/wp\/v2\/posts"}],"about":[{"href":"https:\/\/redsemlac.com\/semmexico\/wp-json\/wp\/v2\/types\/post"}],"author":[{"embeddable":true,"href":"https:\/\/redsemlac.com\/semmexico\/wp-json\/wp\/v2\/users\/3"}],"replies":[{"embeddable":true,"href":"https:\/\/redsemlac.com\/semmexico\/wp-json\/wp\/v2\/comments?post=31189"}],"version-history":[{"count":0,"href":"https:\/\/redsemlac.com\/semmexico\/wp-json\/wp\/v2\/posts\/31189\/revisions"}],"wp:featuredmedia":[{"embeddable":true,"href":"https:\/\/redsemlac.com\/semmexico\/wp-json\/wp\/v2\/media\/31190"}],"wp:attachment":[{"href":"https:\/\/redsemlac.com\/semmexico\/wp-json\/wp\/v2\/media?parent=31189"}],"wp:term":[{"taxonomy":"category","embeddable":true,"href":"https:\/\/redsemlac.com\/semmexico\/wp-json\/wp\/v2\/categories?post=31189"},{"taxonomy":"post_tag","embeddable":true,"href":"https:\/\/redsemlac.com\/semmexico\/wp-json\/wp\/v2\/tags?post=31189"}],"curies":[{"name":"wp","href":"https:\/\/api.w.org\/{rel}","templated":true}]}}