{"id":31181,"date":"2021-12-18T08:58:00","date_gmt":"2021-12-18T14:58:00","guid":{"rendered":"https:\/\/redsemlac.com\/semmexico\/?p=31181"},"modified":"2023-07-21T18:54:38","modified_gmt":"2023-07-21T23:54:38","slug":"las-violencias-contra-mujeres-en-aumento-al-igual-que-el-covid-19-afirmaron-integrantes-de-la-red-nacional-de-refugios","status":"publish","type":"post","link":"https:\/\/redsemlac.com\/semmexico\/las-violencias-contra-mujeres-en-aumento-al-igual-que-el-covid-19-afirmaron-integrantes-de-la-red-nacional-de-refugios\/","title":{"rendered":"Las violencias contra mujeres en aumento al igual que el COVID 19, afirmaron integrantes de la Red Nacional de Refugios"},"content":{"rendered":"\n<figure class=\"wp-block-image size-large\"><a href=\"https:\/\/redsemlac.com\/semmexico\/2021-lo-mas-destacado\/\"><img decoding=\"async\" src=\"https:\/\/redsemlac.com\/semmexico\/wp-content\/uploads\/2021\/12\/DESTACADO-BANNER-1024x164.png\" alt=\"\" class=\"wp-image-43481\"\/><\/a><\/figure>\n\n\n\n<ul class=\"wp-block-list\"><li><strong>Desmienten a la comisionada de CONAVIM quien esta ma\u00f1ana dijo que se han contenido los feminicidios, que se redujeron s\u00f3lo un 0.2 por ciento<\/strong><\/li><li><strong>Se minimiza el problema y hasta que no se considere delito grave la violencia de g\u00e9nero no va a parar. Son alarmantes las cifras de desaparecidas que muchas resultan en feminicidio<\/strong><\/li><\/ul>\n\n\n\n<p class=\"wp-block-paragraph\"><strong>Elda Montiel<\/strong><\/p>\n\n\n\n<p class=\"wp-block-paragraph\">SemM\u00e9xico. Cd. de M\u00e9xico. 27 de enero 2021.- Las violencias contra las mujeres van en aumento al igual que los contagios por el Covid 19, al grado que los refugios de la Red Nacional (RNR) han tenido que rescatar \u201cliteralmente\u201d a las mujeres de sus hogares.<\/p>\n\n\n\n<p class=\"wp-block-paragraph\">Las integrantes de la RNR, Elsa Sim\u00f3n Ortega en Chiapas; Mayela Ch\u00e1vez en Coahuila; Cecilia Gaxiola en&nbsp; &nbsp;Sinaloa y Ana Mar\u00eda Guti\u00e9rrez de \u201cCon decisi\u00f3n Mujeres por Morelos\u201d,&nbsp; en esa entidad, al igual que la titular Wendy Figueroa Morales lamentaron las declaraciones de Fabiola Alan\u00eds, titular de la Comisi\u00f3n Nacional para Prevenir y Erradicar la Violencia Contra las Mujeres (<strong>Conavim<\/strong>), en la conferencia ma\u00f1anera de este mi\u00e9rcoles, respecto a que se ha contenido las muertes violentas de mujeres.<\/p>\n\n\n\n<p class=\"wp-block-paragraph\">Al contrario, indicaron que hoy es m\u00e1s compleja la situaci\u00f3n para las mujeres por la falta de perspectiva de g\u00e9nero en las instancias de procuraci\u00f3n de justicia, que lejos de atender las denuncias de las mujeres por violencia &nbsp;en casa &nbsp;las desalientan a denunciar.<\/p>\n\n\n\n<p class=\"wp-block-paragraph\">Adem\u00e1s, dijeron, &nbsp;es alarmante el n\u00famero de mujeres desaparecidas, las cuales muchas resultan en feminicidios.<\/p>\n\n\n\n<p class=\"wp-block-paragraph\">Citaron casos en que el refugio mandaba una patrulla por violencia dom\u00e9stica a un domicilio porque les ped\u00edan ayuda, y estos no entraban porque \u201cnadie sal\u00eda\u201d o \u201cno les abr\u00edan la puerta y ellos no pod\u00edan entrar\u201d. Adem\u00e1s de que cuentan con poco personal por la pandemia.<\/p>\n\n\n\n<p class=\"wp-block-paragraph\">En este periodo de Covid 19 los refugios tuvieron que incrementar sus l\u00edneas telef\u00f3nicas como en el caso de Morelos, que vieron al principio que no acud\u00edan las mujeres a los servicios externos, pero ello era porque no las dejaban salir, a causa de &nbsp;los protocolos de \u201cqu\u00e9date en casa\u201d y por la falta de transporte p\u00fablico por la restricci\u00f3n sanitaria.<\/p>\n\n\n\n<h3 class=\"wp-block-heading\"><strong>Se minimiza la violencia contra las mujeres<\/strong><\/h3>\n\n\n\n<p class=\"wp-block-paragraph\">Lamentaron que en esta administraci\u00f3n se minimice la violencia contra las mujeres desde el Ejecutivo, y que el objetivo sea \u201ccontener\u201d en lugar de erradicar.<\/p>\n\n\n\n<p class=\"wp-block-paragraph\">Proponen que se considere como delito grave la violencia contra las mujeres, al igual que el intento de feminicidio, pues hasta que no se castigue con c\u00e1rcel a los agresores estos, incluso se burlan de las v\u00edctimas, pues s\u00f3lo les llaman la atenci\u00f3n o los mandan a sesiones de perspectiva de g\u00e9nero.<\/p>\n\n\n\n<p class=\"wp-block-paragraph\">Elsa Sim\u00f3n Ortega de Chiapas, considero que esta deber\u00eda ser una iniciativa de las legisladoras. &nbsp;<\/p>\n\n\n\n<p class=\"wp-block-paragraph\">Mayela Ch\u00e1vez se\u00f1al\u00f3 que, en Acu\u00f1a, Sonora por ser frontera con Texas, las mujeres por ser migrantes nacionales o extranjeras carecen de redes de apoyo, y la atenci\u00f3n se increment\u00f3 por el cierre de empresas.<\/p>\n\n\n\n<p class=\"wp-block-paragraph\">Adem\u00e1s de las l\u00edneas telef\u00f3nicas los refugios tuvieron que adaptar espacios para cuarentena por Covid, y tomar todas las medidas precautorias como sanitizar los espacios, caretas, cubrebocas, cambios de ropa, para el personal y para las mujeres, ni\u00f1as y ni\u00f1os y adolescentes que tienen en el refugio y los que atienden de manera externa. Pero nunca dejaron de prestar la atenci\u00f3n, sobre todo cuando en algunos estados las fiscal\u00edas cerraron.<\/p>\n\n\n\n<p class=\"wp-block-paragraph\">Tambi\u00e9n se\u00f1alaron que el tomar estas medidas representan recursos y que gracias a los apoyos de la Uni\u00f3n Europea y del Fondo Canad\u00e1 para Iniciativas Locales han podido hacer frente a la situaci\u00f3n. Adem\u00e1s de que cuentan con convenio con Uber que ayuda a ir por las v\u00edctimas.<\/p>\n\n\n\n<p class=\"wp-block-paragraph\">En Morelos estos apoyos han servido incluso para proyectos de emprendimiento para buscar la independencia econ\u00f3mica de las mujeres, que es una de las razones por las cuales tardan en dejar o denunciar a sus agresores.<\/p>\n\n\n\n<p class=\"wp-block-paragraph\">La petici\u00f3n m\u00e1s sentida es que se cuente con personal en las instancias de procuraci\u00f3n de justicia, ya que en algunos casos cuentan con el misma cantidad de personal de hace cinco a\u00f1os,&nbsp; y que los capaciten con perspectiva de g\u00e9nero y que no se detengan los procesos de investigaci\u00f3n. &nbsp;<\/p>\n\n\n\n<p class=\"wp-block-paragraph\">As\u00ed como contar con la certeza de un presupuesto estable para no estar con la incertidumbre.<\/p>\n\n\n\n<p class=\"wp-block-paragraph\">En el Foro Virtual \u201cRefugios para mujeres en situaci\u00f3n de violencias en tiempos de Covid 19\u201d &nbsp;fue organizado por el Observatorio Ciudadano Nacional del Feminicidio (OCNF), Cat\u00f3licas por el Derecho a Decidir, y la Red Nacional de Refugios (RNR), destacaron el apoyo del Fondo Canad\u00e1 para Iniciativas Locales y a la Uni\u00f3n Europea, dentro de la campa\u00f1a #DistanciaSeguraySinviolencias que se inici\u00f3 en septiembre del 2020 hasta el 28 de febrero del 2021.<\/p>\n","protected":false},"excerpt":{"rendered":"<p>Se minimiza el problema y hasta que no se considere delito grave la violencia de g\u00e9nero no va a parar<\/p>\n","protected":false},"author":3,"featured_media":31182,"comment_status":"open","ping_status":"open","sticky":false,"template":"","format":"standard","meta":{"_monsterinsights_skip_tracking":false,"footnotes":""},"categories":[692,630,628,54],"tags":[],"class_list":["post-31181","post","type-post","status-publish","format-standard","has-post-thumbnail","category-692","category-enero-destacado","category-lo-destacado-2021","category-mujeres"],"_links":{"self":[{"href":"https:\/\/redsemlac.com\/semmexico\/wp-json\/wp\/v2\/posts\/31181","targetHints":{"allow":["GET"]}}],"collection":[{"href":"https:\/\/redsemlac.com\/semmexico\/wp-json\/wp\/v2\/posts"}],"about":[{"href":"https:\/\/redsemlac.com\/semmexico\/wp-json\/wp\/v2\/types\/post"}],"author":[{"embeddable":true,"href":"https:\/\/redsemlac.com\/semmexico\/wp-json\/wp\/v2\/users\/3"}],"replies":[{"embeddable":true,"href":"https:\/\/redsemlac.com\/semmexico\/wp-json\/wp\/v2\/comments?post=31181"}],"version-history":[{"count":0,"href":"https:\/\/redsemlac.com\/semmexico\/wp-json\/wp\/v2\/posts\/31181\/revisions"}],"wp:featuredmedia":[{"embeddable":true,"href":"https:\/\/redsemlac.com\/semmexico\/wp-json\/wp\/v2\/media\/31182"}],"wp:attachment":[{"href":"https:\/\/redsemlac.com\/semmexico\/wp-json\/wp\/v2\/media?parent=31181"}],"wp:term":[{"taxonomy":"category","embeddable":true,"href":"https:\/\/redsemlac.com\/semmexico\/wp-json\/wp\/v2\/categories?post=31181"},{"taxonomy":"post_tag","embeddable":true,"href":"https:\/\/redsemlac.com\/semmexico\/wp-json\/wp\/v2\/tags?post=31181"}],"curies":[{"name":"wp","href":"https:\/\/api.w.org\/{rel}","templated":true}]}}