{"id":31178,"date":"2021-01-27T22:49:41","date_gmt":"2021-01-27T22:49:41","guid":{"rendered":"https:\/\/redsemlac.com\/semmexico\/?p=31178"},"modified":"2023-07-21T16:46:23","modified_gmt":"2023-07-21T21:46:23","slug":"las-mujeres-antes-eran-mas-abusadas-dice-hank-rhon","status":"publish","type":"post","link":"https:\/\/redsemlac.com\/semmexico\/las-mujeres-antes-eran-mas-abusadas-dice-hank-rhon\/","title":{"rendered":"\u00abLas mujeres antes eran m\u00e1s abusadas\u00bb, dice Hank Rhon"},"content":{"rendered":"\n<ul class=\"wp-block-list\"><li><strong>El pol\u00e9mico empresario y exalcalde de Tijuana, Jorge Hank Rhon, ser\u00e1 el aspirante del Partido Encuentro Solidario para la gubernatura de Baja California<\/strong><\/li><\/ul>\n\n\n\n<p class=\"wp-block-paragraph\"><strong>Eduardo Rubio\/Corresponsal de La Silla Rota<\/strong><\/p>\n\n\n\n<p class=\"wp-block-paragraph\">SemM\u00e9xico\/La Silla Rota. Mexicalli, BC. 27 de enero 2021.- La presentaci\u00f3n de\u00a0<strong>Jorge Hank Rhon<\/strong>\u00a0como aspirante a\u00a0<strong>candidato\u00a0ciudadano del\u00a0Partido Encuentro Solidario\u00a0(PES)\u00a0<\/strong>para la<strong>\u00a0gubernatura<\/strong>\u00a0de\u00a0<strong>Baja California<\/strong>\u00a0termin\u00f3 cuando asegur\u00f3 que las\u00a0<strong>mujeres<\/strong>\u00a0ahora no son tan inteligentes, informa <a href=\"https:\/\/lasillarota.com\/estados\/las-mujeres-antes-eran-mas-abusadas-dice-hank-rhon\/479753\" target=\"_blank\" rel=\"noreferrer noopener\">La Silla Rota.<\/a><\/p>\n\n\n\n<p class=\"wp-block-paragraph\">H\u00e1bil para evadir preguntas espinosas sobre sus antecedentes y temas pol\u00edticos, el priista tropez\u00f3 cuando le preguntaron sobre la&nbsp;<strong>violencia sobre las&nbsp;mujeres.<\/strong><\/p>\n\n\n\n<p class=\"wp-block-paragraph\"><strong><em>\u00abCreo que ahora como que se la ha bajado un poquito la inteligencia. Antes eran m\u00e1s abusadas. Agarraban al que las manten\u00eda y \u00e9chale a chambear y yo aqu\u00ed. Ahora no, ahora ya quieren chambear ellas\u00bb, mencion\u00f3.<\/em><\/strong><\/p>\n\n\n\n<p class=\"wp-block-paragraph\">Posteriormente trat\u00f3 de enmendar sus dichos, pero as\u00ed cerr\u00f3 su conferencia de prensa de m\u00e1s de 30 minutos, en la que tambi\u00e9n acept\u00f3 en tono jocoso que&nbsp;<strong>no cuenta con visa<\/strong>&nbsp;para cruzar a Estados Unidos desde hace 11 a\u00f1os.<\/p>\n\n\n\n<p class=\"wp-block-paragraph\">Seg\u00fan revel\u00f3 en su momento el semanario&nbsp;<strong>Zeta<\/strong>, las autoridades norteamericanas le retiraron el documento.<\/p>\n\n\n\n<p class=\"wp-block-paragraph\">\u00abNo soy monedita de oro, pero un libro abierto s\u00ed, que le chequen, que chequen lo que quieran\u00bb, dijo acompa\u00f1ado de los dirigentes del&nbsp;<strong>Partido Encuentro Solidario<\/strong>&nbsp;(<strong>PES<\/strong>), luego de firmar la carta como aspirante a&nbsp;<strong>candidato<\/strong>&nbsp;ciudadano por ese partido.<\/p>\n\n\n\n<p class=\"wp-block-paragraph\">Con esa firma terminaron las especulaciones sobre su participaci\u00f3n en la<strong>&nbsp;jornada electoral&nbsp;<\/strong>de este a\u00f1o surgidas desde que fue rechazado para encabezar la alianza Va por&nbsp;<strong>Baja California<\/strong>, integrada por su partido, el PRI, junto al PAN y el PRD.<\/p>\n\n\n\n<p class=\"wp-block-paragraph\"><strong>Hank Rhon&nbsp;<\/strong>afirm\u00f3 que el tricolor habr\u00eda hecho todo lo posible por llevarlo como el&nbsp;<strong>candidato<\/strong>&nbsp;a la&nbsp;<strong>gubernatura<\/strong>, pero ese esfuerzo se vino abajo cuando por equidad de g\u00e9nero la decisi\u00f3n fue presentar a una mujer.<\/p>\n\n\n\n<p class=\"wp-block-paragraph\">\u00abYo no he dejado a mi partido\u00bb, respondi\u00f3.<\/p>\n\n\n\n<p class=\"wp-block-paragraph\">El&nbsp;<strong>empresario<\/strong>&nbsp;due\u00f1o de casinos y ex recluso del penal El Hongo, en Tecate&nbsp;<strong>Baja California<\/strong>, afirm\u00f3 que recibi\u00f3 diversas&nbsp;<strong>propuestas de partidos<\/strong>&nbsp;para ser su&nbsp;<strong>candidato<\/strong>, pero opt\u00f3 por el&nbsp;<strong>PES<\/strong>&nbsp;porque \u00e9l mismo ayud\u00f3 a la creaci\u00f3n de ese partido en el estado cuando naci\u00f3 como&nbsp;<strong>Encuentro Social.<\/strong><\/p>\n\n\n\n<p class=\"wp-block-paragraph\">El&nbsp;<strong>PES<\/strong>&nbsp;es adem\u00e1s uno de los partidos que est\u00e1 abriendo las puertas a Juli\u00e1n Leyzaola para que sea su&nbsp;<strong>candidato<\/strong>&nbsp;a la alcald\u00eda de Tijuana, si logra un amparo de la justicia en contra de la orden de aprehensi\u00f3n que hay en su contra.<\/p>\n\n\n\n<p class=\"wp-block-paragraph\">Leyzaola P\u00e9rez fue el secretario de seguridad de la ciudad al terminar el ayuntamiento que encabez\u00f3 Hank Rhon, y empuj\u00f3 una intensa depuraci\u00f3n policiaca porque la corporaci\u00f3n estaba seriamente infiltrada por el crimen organizado.<\/p>\n\n\n\n<p class=\"wp-block-paragraph\">Y aunque el ahora precandidato a la&nbsp;<strong>gubernatura<\/strong>&nbsp;no ahond\u00f3 sobre lo que significar\u00eda ir en mancuerna, s\u00ed habl\u00f3 de la situaci\u00f3n legal que enfrenta el militar en retiro, pr\u00f3fugo de la justicia acusado de tortura.<\/p>\n\n\n\n<p class=\"wp-block-paragraph\">\u00abTristemente yo conf\u00edo&#8230; bueno no tristemente. Yo conf\u00edo en la ley, entonces de repente se equivocan, pero son ellos los que s\u00ed y los que no. Entonces hay que andar ahorita en medio del camino de la ley\u00bb, apunt\u00f3.<\/p>\n\n\n\n<p class=\"wp-block-paragraph\">De la actual administraci\u00f3n estatal, encabezada por el morenista Jaime Bonilla, dijo que no dir\u00eda nada porque no tiene buenos comentarios, pero termin\u00f3 respondiendo a las acusaciones del mandatario estatal.<\/p>\n\n\n\n<p class=\"wp-block-paragraph\">Y es que horas antes de su presentaci\u00f3n formal con el&nbsp;<strong>PES<\/strong>, Bonilla Valdez le dedic\u00f3 un momento en su transmisi\u00f3n diaria en redes sociales, pidi\u00e9ndole que antes de contender nuevamente por un cargo de elecci\u00f3n popular, regresara lo que se rob\u00f3 en su paso por la alcald\u00eda de Tijuana.<\/p>\n\n\n\n<p class=\"wp-block-paragraph\">\u00abOjal\u00e1 y me hiciera el favor de hacerme llegar la lista de lo que se llevaron, para ver qui\u00e9n se lo llev\u00f3 y c\u00f3mo se lo regresamos. La que tenga documentada\u00bb, apunt\u00f3 Hank Rhon.<\/p>\n","protected":false},"excerpt":{"rendered":"<p>El pol\u00e9mico empresario y exalcalde de Tijuana, Jorge Hank Rhon, ser\u00e1 el aspirante del Partido Encuentro Solidario para la gubernatura de Baja California<\/p>\n","protected":false},"author":3,"featured_media":31179,"comment_status":"open","ping_status":"open","sticky":false,"template":"","format":"standard","meta":{"_monsterinsights_skip_tracking":false,"footnotes":""},"categories":[692,141],"tags":[],"class_list":["post-31178","post","type-post","status-publish","format-standard","has-post-thumbnail","category-692","category-elecciones-2020-2021"],"_links":{"self":[{"href":"https:\/\/redsemlac.com\/semmexico\/wp-json\/wp\/v2\/posts\/31178","targetHints":{"allow":["GET"]}}],"collection":[{"href":"https:\/\/redsemlac.com\/semmexico\/wp-json\/wp\/v2\/posts"}],"about":[{"href":"https:\/\/redsemlac.com\/semmexico\/wp-json\/wp\/v2\/types\/post"}],"author":[{"embeddable":true,"href":"https:\/\/redsemlac.com\/semmexico\/wp-json\/wp\/v2\/users\/3"}],"replies":[{"embeddable":true,"href":"https:\/\/redsemlac.com\/semmexico\/wp-json\/wp\/v2\/comments?post=31178"}],"version-history":[{"count":0,"href":"https:\/\/redsemlac.com\/semmexico\/wp-json\/wp\/v2\/posts\/31178\/revisions"}],"wp:featuredmedia":[{"embeddable":true,"href":"https:\/\/redsemlac.com\/semmexico\/wp-json\/wp\/v2\/media\/31179"}],"wp:attachment":[{"href":"https:\/\/redsemlac.com\/semmexico\/wp-json\/wp\/v2\/media?parent=31178"}],"wp:term":[{"taxonomy":"category","embeddable":true,"href":"https:\/\/redsemlac.com\/semmexico\/wp-json\/wp\/v2\/categories?post=31178"},{"taxonomy":"post_tag","embeddable":true,"href":"https:\/\/redsemlac.com\/semmexico\/wp-json\/wp\/v2\/tags?post=31178"}],"curies":[{"name":"wp","href":"https:\/\/api.w.org\/{rel}","templated":true}]}}