{"id":31173,"date":"2021-01-27T21:30:24","date_gmt":"2021-01-27T21:30:24","guid":{"rendered":"https:\/\/redsemlac.com\/semmexico\/?p=31173"},"modified":"2023-07-21T16:46:23","modified_gmt":"2023-07-21T21:46:23","slug":"el-dano-irreparable-de-amlo","status":"publish","type":"post","link":"https:\/\/redsemlac.com\/semmexico\/el-dano-irreparable-de-amlo\/","title":{"rendered":"El Da\u00f1o Irreparable de AMLO"},"content":{"rendered":"\n<h2 class=\"wp-block-heading\"><strong>Mujer y Poder<\/strong><\/h2>\n\n\n\n<p class=\"wp-block-paragraph\"><strong>Natalia Vidales Rodr\u00edguez<\/strong><\/p>\n\n\n\n<p class=\"wp-block-paragraph\">SemM\u00e9xico, Hermosillo, Sonora, 27 de enero, 2021.- La cuarentena&nbsp; en sus habitaciones del Palacio Nacional&nbsp; en la que hoy mismo se encuentra el Presidente L\u00f3pez Obrador por haberse contagiado de Covid-19 han tenido, al menos, dos efectos colaterales: uno, de menor importancia, su ausencia en las conferencias ma\u00f1aneras ( salvo, claro, para aquellos adictos a las mismas y sin las cuales el d\u00eda ya no es el mismo); pero otra de&nbsp; la mayor utilidad, en una especie de que, como dice el refr\u00e1n&nbsp; \u201cno hay mal que por bien no venga\u201d, &nbsp;es el hecho de que&nbsp; se increment\u00f3 el n\u00famero de personas que ya se toman en serio la Pandemia.<\/p>\n\n\n\n<p class=\"wp-block-paragraph\">En efecto,&nbsp; r\u00e1pidamente el porcentaje de quienes \u201cahora s\u00ed\u201d&nbsp; est\u00e1n preocupados por &nbsp;enfermarse aument\u00f3 de un 40 a un 70 por ciento, aunque ciertamente ese&nbsp; incremento ( que l\u00f3gicamente va acompa\u00f1ado de medidas preventivas para evitar infectarse) obedece al \u201cpico\u201d de los contagios que se est\u00e1 padeciendo y que afecta a m\u00e1s familias y conocidos;&nbsp; y, sobre todo,&nbsp; &nbsp;porque a partir de enero los fallecidos rebasan los mil diarios ( e&nbsp; incluso con m\u00e1s de 1, 500 en contraste con lo sucedido todav\u00eda el a\u00f1o pasado); &nbsp;el n\u00famero de enfermos se ha exponenciado, y en consecuencia, la saturaci\u00f3n hospitalaria, la falta de ox\u00edgeno para atenderse en&nbsp; casa, y dem\u00e1s. &nbsp;Pero, sin duda, que la afecci\u00f3n del Presidente ha persuadido a m\u00e1s personas a cuidarse mejor&nbsp; (as\u00ed como su mal ejemplo de no usar cubrebocas y de protegerse con amuletos, provoc\u00f3 el efecto contrario en tantos&nbsp; otros).&nbsp; &nbsp;&nbsp;<\/p>\n\n\n\n<p class=\"wp-block-paragraph\">Respecto del primer punto, no est\u00e1 cayendo nada mal un descanso de la poblaci\u00f3n a las ma\u00f1aneras de AMLO, am\u00e9n de que cada vez m\u00e1s eran menos (sic) quienes aprobaban la emisi\u00f3n: de un casi 80 por ciento de quienes estaban de acuerdo con ellas cuando se iniciaron hace dos a\u00f1os (pero que solo un 45 por ciento las sintonizaba siquiera unos minutos), hoy&nbsp; el porcentaje de aprobaci\u00f3n es menor al 60 por ciento y quienes la sintonizan es apenas del 20 por ciento. Entre otras razones que se aducen en las encuestas correspondientes, &nbsp;obedece al &nbsp;aumento&nbsp; de la fake news en las ma\u00f1aneras por parte del propio Presidente,&nbsp; lo prolongado de las mismas y lo pausado de su&nbsp; forma de hablar, tanto como la narrativa de propaganda pol\u00edtica por sobre la informaci\u00f3n valiosa y los ataques sin pruebas a la oposici\u00f3n, merm\u00e1ndose &nbsp;el inter\u00e9s; as\u00ed que &nbsp;tal vez sea hora de aprovechar la ocasi\u00f3n para cambiar el formato o, de plano, para modificar&nbsp; la &nbsp;estrategia de comunicaci\u00f3n ( aunque conociendo a AMLO lo m\u00e1s probable es que vuelva a la carga con m\u00e1s de lo mismo).<\/p>\n\n\n\n<p class=\"wp-block-paragraph\">La afecci\u00f3n del Presidente, por otra parte, ha provocado la&nbsp; convicci\u00f3n de la irresponsabilidad de AMLO en la p\u00e9sima atenci\u00f3n de la Pandemia (al grado de infectarse \u00e9l mismo) m\u00e1s all\u00e1 de que, como en todo el mundo, era imposible evitar su llegada\u2026pero s\u00ed su contenci\u00f3n, en vez del desborde que se padece ahora y que ha cobrado las muertes y la mayor expansi\u00f3n.<\/p>\n\n\n\n<p class=\"wp-block-paragraph\">Al respecto, la Dra. Laurie Ann Ximenez-Fivie, doctora en Ciencias M\u00e9dicas por la <em>Universidad de<\/em> <em>Harvard,<\/em> investigadora en microbiolog\u00eda y jefa del <em>Laboratorio de Gen\u00e9tica Molecular de la UNAM<\/em>, &nbsp;acaba de presentar&nbsp; el libro <em>Un da\u00f1o irreparable<\/em>: <em>la criminal gesti\u00f3n de la Pandemia en M\u00e9xico<\/em>,&nbsp; y que est\u00e1 causando una gran expectaci\u00f3n e inquietud porque es un testimonio y un documento que comprueba cient\u00edficamente lo que todos ya sab\u00edamos, pero que, por no se especialistas, no logr\u00e1bamos concretar: que, entre otros errores garrafales (como el mal ejemplo de AMLO de despreciar el uso del cubrebocas, la sana distancia y dem\u00e1s), &nbsp;su gobierno &nbsp;no contuvo la diseminaci\u00f3n del Covid-19, lo cual fue posible desde un inicio como lo hicieron otros pa\u00edses; y, peor a\u00fan, que fue deliberado (de ah\u00ed el calificativo de criminal del t\u00edtulo de su obra) habi\u00e9ndose&nbsp; optado por otras medidas&nbsp; las cuales a lo largo de los meses probaron su ineficacia emp\u00edrica &nbsp;sin haberlas corregido a tiempo pese a las nuevas evidencias, &nbsp;&nbsp;&nbsp;con el resultado de que el pa\u00eds est\u00e1 entre los tres primeros con mayor mortandad, con mayor proliferaci\u00f3n del mal, y con el m\u00e1s alto porcentaje de letalidad de quienes caen enfermos.<\/p>\n\n\n\n<p class=\"wp-block-paragraph\">La reconocida cient\u00edfica no busca culpables &nbsp;(no lo necesita, est\u00e1n a la vista), sino que se modifique la estrategia&nbsp; (apunta los c\u00f3mos) para evitar un da\u00f1o mayor.&nbsp; Pero \u00bfleer\u00e1n y, sobre todo, analizar\u00e1n este trabajo el doctor Hugo L\u00f3pez Gatell y el propio AMLO empe\u00f1ados en una pol\u00edtica de salud al respecto infectada de intereses ajenos a la ciencia?<\/p>\n","protected":false},"excerpt":{"rendered":"<p>La afecci\u00f3n del Presidente, por otra parte, ha provocado la  convicci\u00f3n de la irresponsabilidad de AMLO en la p\u00e9sima atenci\u00f3n de la Pandemia<\/p>\n","protected":false},"author":3,"featured_media":22022,"comment_status":"open","ping_status":"open","sticky":false,"template":"","format":"standard","meta":{"_monsterinsights_skip_tracking":false,"footnotes":""},"categories":[692,100,72,35],"tags":[],"class_list":["post-31173","post","type-post","status-publish","format-standard","has-post-thumbnail","category-692","category-mujer-y-poder","category-natalia-vidales","category-opinion"],"_links":{"self":[{"href":"https:\/\/redsemlac.com\/semmexico\/wp-json\/wp\/v2\/posts\/31173","targetHints":{"allow":["GET"]}}],"collection":[{"href":"https:\/\/redsemlac.com\/semmexico\/wp-json\/wp\/v2\/posts"}],"about":[{"href":"https:\/\/redsemlac.com\/semmexico\/wp-json\/wp\/v2\/types\/post"}],"author":[{"embeddable":true,"href":"https:\/\/redsemlac.com\/semmexico\/wp-json\/wp\/v2\/users\/3"}],"replies":[{"embeddable":true,"href":"https:\/\/redsemlac.com\/semmexico\/wp-json\/wp\/v2\/comments?post=31173"}],"version-history":[{"count":0,"href":"https:\/\/redsemlac.com\/semmexico\/wp-json\/wp\/v2\/posts\/31173\/revisions"}],"wp:featuredmedia":[{"embeddable":true,"href":"https:\/\/redsemlac.com\/semmexico\/wp-json\/wp\/v2\/media\/22022"}],"wp:attachment":[{"href":"https:\/\/redsemlac.com\/semmexico\/wp-json\/wp\/v2\/media?parent=31173"}],"wp:term":[{"taxonomy":"category","embeddable":true,"href":"https:\/\/redsemlac.com\/semmexico\/wp-json\/wp\/v2\/categories?post=31173"},{"taxonomy":"post_tag","embeddable":true,"href":"https:\/\/redsemlac.com\/semmexico\/wp-json\/wp\/v2\/tags?post=31173"}],"curies":[{"name":"wp","href":"https:\/\/api.w.org\/{rel}","templated":true}]}}