{"id":31168,"date":"2021-01-27T21:27:30","date_gmt":"2021-01-27T21:27:30","guid":{"rendered":"https:\/\/redsemlac.com\/semmexico\/?p=31168"},"modified":"2023-07-21T16:46:23","modified_gmt":"2023-07-21T21:46:23","slug":"cumple-60-dias-la-toma-del-congreso-en-quintana-roo-pero-diputadas-y-diputados-no-dialogan-no-responden-y-las-siguen-hostigando","status":"publish","type":"post","link":"https:\/\/redsemlac.com\/semmexico\/cumple-60-dias-la-toma-del-congreso-en-quintana-roo-pero-diputadas-y-diputados-no-dialogan-no-responden-y-las-siguen-hostigando\/","title":{"rendered":"Cumple 60 d\u00edas la toma del Congreso en Quintana Roo, pero diputadas y diputados no dialogan, no responden y las siguen hostigando"},"content":{"rendered":"\n<ul class=\"wp-block-list\"><li><strong>Sin ninguna respuesta de Amlo y sin luz ni agua hace 37 d\u00edas, mantienen sus demandas &nbsp;y dialogan con el gobierno estatal, sin resultados<\/strong><\/li><\/ul>\n\n\n\n<ul class=\"wp-block-list\"><li><strong>En conferencia de prensa a distancia, narran intentos de una Ley Mordaza que ya discute el Congreso<\/strong><\/li><\/ul>\n\n\n\n<p class=\"wp-block-paragraph\"><strong>Sara Lovera<\/strong><\/p>\n\n\n\n<p class=\"wp-block-paragraph\">SemM\u00e9xico, Cd. de M\u00e9xico, 27 de enero 2021.- Voceras de las 27 colectivas feministas de Quintana Roo, que hoy cumplen 60 d\u00edas &nbsp;de la toma pac\u00edfica del Congreso de Quintana Roo, denunciaron que a pesar de su &nbsp;apertura y disposici\u00f3n, las y los diputados del estado, &nbsp;no abren el di\u00e1logo y a 15 d\u00edas de pedir la intervenci\u00f3n del gobierno federal, \u00e9ste no responde.<\/p>\n\n\n\n<p class=\"wp-block-paragraph\">Tienen 37 d\u00edas sin luz y agua, y &nbsp;se multiplican &nbsp;mensajes en redes sociales, desde el Congreso, &nbsp;instigando al odio y la criminalizaci\u00f3n de las feministas.<\/p>\n\n\n\n<p class=\"wp-block-paragraph\">Explicaron, en conferencia de prensa a distancia, que contin\u00faan trabajando en mesas de an\u00e1lisis con el gobierno del estado y hoy se reunir\u00e1n con la Comisi\u00f3n Estatal de Derechos Humanos, pero el Congreso no responde, a\u00fan esperan una reacci\u00f3n positiva, para entregar las instalaciones, tomadas hace 2 meses.<\/p>\n\n\n\n<p class=\"wp-block-paragraph\">Destacaron que la b\u00fasqueda de un di\u00e1logo franco y abierto con los y las diputadas es para que se sienten &nbsp;las bases para una ruta de trabajo legislativo en torno a las 10 iniciativas presentadas por la Red en noviembre de 2020, todas ellas, aclararon, tienen &nbsp;el objetivo de garantizar que las ni\u00f1as y las mujeres en Quintana Roo, vivan libres de violencia y con acceso pleno a sus derechos humanos.<\/p>\n\n\n\n<p class=\"wp-block-paragraph\">Leyeron 6 demandas concretar y recordaron que a pesar que &nbsp;desde diciembre se ha publicado un cronograma general de sesiones y foros en torno al an\u00e1lisis y discusi\u00f3n de 5 &nbsp;iniciativas para despenalizar el aborto en Quintana Roo,&nbsp; contenidas en el Pliego Petitorio entregado al Gobernador desde el 16 de noviembre y en presencia del jefe del congreso, pero \u201cno hay avance alguno ni rutas de trabajo para el an\u00e1lisis de las mismas\u201d.<\/p>\n\n\n\n<p class=\"wp-block-paragraph\">Manifestaron su preocupaci\u00f3n por una &nbsp;iniciativa presentada en diciembre sobre una ley de medios, la cu\u00e1l tiene m\u00e1s un esp\u00edritu de \u201cLey mordaza\u201d para coartar el derecho a informar, cuando el prop\u00f3sito&nbsp; de su propuesta, es totalmente contrario, ya que busca &nbsp;garantizar la protecci\u00f3n de los derechos de las mujeres v\u00edctimas de violencia, sin coartar la libre expresi\u00f3n.<\/p>\n\n\n\n<p class=\"wp-block-paragraph\">Luego narraron, como lo han hecho desde el 21 de diciembre, como fueron &nbsp;interrumpidos los servicios b\u00e1sicos vitales de luz y agua en las instalaciones del Congreso, vulnerando con ello los derechos a la libre manifestaci\u00f3n y protesta, as\u00ed como al cuidado de la salud de las ni\u00f1as y mujeres presentes en la toma, situaci\u00f3n muy delicada por la pandemia por COVID 19 y el aumento considerable de casos en todo el pa\u00eds, dijeron.<\/p>\n\n\n\n<p class=\"wp-block-paragraph\">\u00bfY qu\u00e9 pasa? Esto es el problema. El presidente de la Junta de Gobierno y Coordinaci\u00f3n Pol\u00edtica, diputado Gustavo Miranda, no s\u00f3lo ha demostrado su nula capacidad resolutiva desde los inicios de la toma&nbsp; de las instalaciones, sino que se ha dedicado a enunciar mensajes, a trav\u00e9s de redes sociales, incitando al odio y a la criminalizaci\u00f3n de las defensoras de derechos humanos.<\/p>\n\n\n\n<p class=\"wp-block-paragraph\">Explicaron a los medios de comunicaci\u00f3n que a pesar de &nbsp;las precarias y vulnerables condiciones en las que se encuentran, en cuanto a la toma pac\u00edfica sin servicios b\u00e1sicos, reiteraron que est\u00e1n &nbsp;trabajando, en mesas de di\u00e1logo permanente con el Gobernador del Estado y su gabinete<\/p>\n\n\n\n<figure class=\"wp-block-gallery columns-2 is-cropped wp-block-gallery-1 is-layout-flex wp-block-gallery-is-layout-flex\"><ul class=\"blocks-gallery-grid\"><li class=\"blocks-gallery-item\"><figure><a href=\"https:\/\/redsemlac.com\/semmexico\/wp-content\/uploads\/2021\/01\/WhatsApp-Image-2021-01-27-at-11.47.36-AM.jpeg\"><img decoding=\"async\" src=\"https:\/\/redsemlac.com\/semmexico\/wp-content\/uploads\/2021\/01\/WhatsApp-Image-2021-01-27-at-11.47.36-AM-1024x575.jpeg\" alt=\"\" data-id=\"31170\" data-full-url=\"https:\/\/redsemlac.com\/semmexico\/wp-content\/uploads\/2021\/01\/WhatsApp-Image-2021-01-27-at-11.47.36-AM.jpeg\" data-link=\"https:\/\/redsemlac.com\/semmexico\/?attachment_id=31170\" class=\"wp-image-31170\"\/><\/a><\/figure><\/li><li class=\"blocks-gallery-item\"><figure><a href=\"https:\/\/redsemlac.com\/semmexico\/wp-content\/uploads\/2021\/01\/WhatsApp-Image-2021-01-27-at-12.20.03-PM.jpeg\"><img decoding=\"async\" src=\"https:\/\/redsemlac.com\/semmexico\/wp-content\/uploads\/2021\/01\/WhatsApp-Image-2021-01-27-at-12.20.03-PM-1024x575.jpeg\" alt=\"\" data-id=\"31171\" data-full-url=\"https:\/\/redsemlac.com\/semmexico\/wp-content\/uploads\/2021\/01\/WhatsApp-Image-2021-01-27-at-12.20.03-PM.jpeg\" data-link=\"https:\/\/redsemlac.com\/semmexico\/?attachment_id=31171\" class=\"wp-image-31171\"\/><\/a><\/figure><\/li><\/ul><\/figure>\n\n\n\n<p class=\"wp-block-paragraph\">Los di\u00e1logos con el gobierno es la b\u00fasqueda de resolver, conjuntamente, los 44 puntos del Pleigo petitorio que implican acciones urgentes, coodinadas e intersectoriales para la garant\u00eda de los derechos humanos de las mujeres.<\/p>\n\n\n\n<p class=\"wp-block-paragraph\">Que nosotras ya queremos entregar el congreso, pero que ellos a\u00fan no nos dan fechas firmadas, dijeron, misma situaci\u00f3n que sucede &nbsp;en Puebla.<\/p>\n\n\n\n<p class=\"wp-block-paragraph\">Cuando cumplieron &nbsp;46 d\u00edas desde la toma pac\u00edfica del Congreso, &nbsp;una delegaci\u00f3n estuvo en Palacio Nacional con una carta precisa al presidente Andr\u00e9s L\u00f3pez Obrador para que interviniera y se lograra el di\u00e1logo, a quien denunciaron el acoso institucional<\/p>\n\n\n\n<p class=\"wp-block-paragraph\">Ese 12 de enero, esperaban un di\u00e1logo con la secretaria de Gobernaci\u00f3n, Olga S\u00e1nchez Cordero, que no se ha dado.<\/p>\n\n\n\n<p class=\"wp-block-paragraph\">Y es que, aseguran en Quintana Roo hay &nbsp;crisis de derechos humanos y la discriminaci\u00f3n, continuada desde el Congreso de la entidad, lo mantiene &nbsp;en desacato a una directriz&nbsp; de Gobernaci\u00f3n&nbsp; para que se dictamine una,&nbsp; entre 9&nbsp; iniciativas para despenalizar el aborto.<\/p>\n\n\n\n<p class=\"wp-block-paragraph\">Una de las voceras, Yunitzilim Rodr\u00edguez Pedraza, presente en la conferencia de prensa hoy, explico en esa ocasi\u00f3n a SemM\u00e9xico, &nbsp;insisti\u00f3 en &nbsp;dos cosas: no cesa el hostigamiento, hay simulaci\u00f3n en el caso del feminicidio de&nbsp; Bianca Alejandrina Lorenzana Alvarado, conocida como Alexis, lo &nbsp;que deton\u00f3 las protestas de noviembre.<\/p>\n\n\n\n<p class=\"wp-block-paragraph\">Ellas mantienen la demanda de &nbsp;atenci\u00f3n a las 54 demandas de las Colectivas Feministas.<\/p>\n\n\n\n<p class=\"wp-block-paragraph\">Las colectivas de Quintana Roo, durante 3 a\u00f1os han buscado reponer los derechos de las mujeres frente a un Congreso omiso; han logrado ser protegidas por el mecanismo de Protecci\u00f3n a Defensoras de Derechos Humanos; han estado abiertas al di\u00e1logo, interrumpido una y otras vez en el Congreso y con la contradicci\u00f3n de que el Ejecutivo afirma que en Quintana Roo se debe discutir el aborto, pero se mantiene &nbsp;la cerraz\u00f3n entre diputados y diputadas.<\/p>\n\n\n\n<h2 class=\"wp-block-heading\"><strong>Antecedentes<\/strong><\/h2>\n\n\n\n<p class=\"wp-block-paragraph\">Desde hace a\u00f1os, pero de manera m\u00e1s en\u00e9rgica y directa desde hace m\u00e1s de 3 a\u00f1os las feministas en Quintana Roo trabajan&nbsp; a favor de los derechos de las mujeres, efectuando acciones de defensa, acompa\u00f1amiento y orientaci\u00f3n a las v\u00edctimas de violencia de g\u00e9nero;&nbsp; piden insistentemente&nbsp; que se d\u00e9 cumplimiento a las medidas se\u00f1aladas en la declaratoria de Alerta de Violencia de G\u00e9nero contra las Mujeres, -7 abril 2017- se\u00f1alando las omisiones y obst\u00e1culos para un verdadero y efectivo acceso a la seguridad y justicia;<\/p>\n\n\n\n<p class=\"wp-block-paragraph\">Una de sus demandas y su lucha es el derecho a decidir c\u00f3mo una problem\u00e1tica latente en materia de salud y de derechos humanos. Avance en la armonizaci\u00f3n legislativa con perspectiva de g\u00e9nero. Durante m\u00e1s de tres a\u00f1os, promueven&nbsp; programas de atenci\u00f3n a v\u00edctimas, mesas de trabajo con cada una de las dependencias, pliegos petitorios, iniciativas, marchas, concentraciones, pronunciamientos, conversatorios, foros, visitas personalizadas, capacitaci\u00f3n a servidoras y servidores p\u00fablicos. Ello se puede verificar en sus p\u00e1ginas de redes sociales.<\/p>\n\n\n\n<p class=\"wp-block-paragraph\">El 9 de noviembre, como protesta a los feminicidios recurrentes en el Estado y espec\u00edficamente el de Bianca Alejandrina Lorenzana Alvarado, alias \u201cAlexis\u201d, se organizaron manifestaciones en las Fiscal\u00edas de diversos municipios exigiendo justicia para las mujeres que&nbsp; han sido arrebatadas por la violencia feminicida y espec\u00edficamente en Canc\u00fan; las y los manifestantes decidieron ir a protestar frente al Palacio Municipal de Benito Ju\u00e1rez, pero ah\u00ed fueron&nbsp; recibidas y recibidos con balazos, sin embargo, esta situaci\u00f3n hasta hoy no ha derivado en el deslinde de responsabilidades sobre quien dio la orden y sobre los elementos que ejecutaron la misma.<\/p>\n\n\n\n<p class=\"wp-block-paragraph\">El pliego de peticiones se entreg\u00f3 &nbsp;el 16 de noviembre de 2020 &nbsp;a los tres \u00f3rganos del Estado en el que, de manera enunciativa&nbsp; no limitativa, se\u00f1alan 54 puntos, hasta ahora deso\u00eddos.<\/p>\n\n\n\n<p class=\"wp-block-paragraph\">Por ello el 28 de noviembre de 2020, luego de un plant\u00f3n instalado el d\u00eda 25, tomaron pac\u00edficamente las instalaciones. Hoy cumplen 60 d\u00edas. Han acudido a mesas de trabajo con autoridades del gobierno, sin resultados y han intentado dialogar, in\u00fatilmente, con el Congreso.<\/p>\n","protected":false},"excerpt":{"rendered":"<p>Sin ninguna respuesta de Amlo y sin luz ni agua hace 37 d\u00edas, mantienen sus demandas  y dialogan con el gobierno estatal, sin resultados<\/p>\n","protected":false},"author":3,"featured_media":31169,"comment_status":"open","ping_status":"open","sticky":false,"template":"","format":"standard","meta":{"_monsterinsights_skip_tracking":false,"footnotes":""},"categories":[692,54],"tags":[],"class_list":["post-31168","post","type-post","status-publish","format-standard","has-post-thumbnail","category-692","category-mujeres"],"_links":{"self":[{"href":"https:\/\/redsemlac.com\/semmexico\/wp-json\/wp\/v2\/posts\/31168","targetHints":{"allow":["GET"]}}],"collection":[{"href":"https:\/\/redsemlac.com\/semmexico\/wp-json\/wp\/v2\/posts"}],"about":[{"href":"https:\/\/redsemlac.com\/semmexico\/wp-json\/wp\/v2\/types\/post"}],"author":[{"embeddable":true,"href":"https:\/\/redsemlac.com\/semmexico\/wp-json\/wp\/v2\/users\/3"}],"replies":[{"embeddable":true,"href":"https:\/\/redsemlac.com\/semmexico\/wp-json\/wp\/v2\/comments?post=31168"}],"version-history":[{"count":0,"href":"https:\/\/redsemlac.com\/semmexico\/wp-json\/wp\/v2\/posts\/31168\/revisions"}],"wp:featuredmedia":[{"embeddable":true,"href":"https:\/\/redsemlac.com\/semmexico\/wp-json\/wp\/v2\/media\/31169"}],"wp:attachment":[{"href":"https:\/\/redsemlac.com\/semmexico\/wp-json\/wp\/v2\/media?parent=31168"}],"wp:term":[{"taxonomy":"category","embeddable":true,"href":"https:\/\/redsemlac.com\/semmexico\/wp-json\/wp\/v2\/categories?post=31168"},{"taxonomy":"post_tag","embeddable":true,"href":"https:\/\/redsemlac.com\/semmexico\/wp-json\/wp\/v2\/tags?post=31168"}],"curies":[{"name":"wp","href":"https:\/\/api.w.org\/{rel}","templated":true}]}}