{"id":31166,"date":"2021-01-27T21:23:14","date_gmt":"2021-01-27T21:23:14","guid":{"rendered":"https:\/\/redsemlac.com\/semmexico\/?p=31166"},"modified":"2023-07-21T16:46:23","modified_gmt":"2023-07-21T21:46:23","slug":"discute-el-congreso-la-no-penalizacion-del-aborto-y-un-codigo-penal-nacional-olga-sanchez-cordero","status":"publish","type":"post","link":"https:\/\/redsemlac.com\/semmexico\/discute-el-congreso-la-no-penalizacion-del-aborto-y-un-codigo-penal-nacional-olga-sanchez-cordero\/","title":{"rendered":"Discute el Congreso la no penalizaci\u00f3n del aborto y un c\u00f3digo penal nacional: Olga S\u00e1nchez Cordero"},"content":{"rendered":"\n<ul class=\"wp-block-list\"><li><strong>Afirm\u00f3 que se decidir\u00e1 sobre un tipo penal de un delito, no sobre los derechos de las mujeres<\/strong><\/li><li><strong>Declar\u00f3 que ella, hace 50 a\u00f1os lucha por la interrupci\u00f3n legal del embarazo y la criminalizaci\u00f3n de las mujeres<\/strong><\/li><\/ul>\n\n\n\n<p class=\"wp-block-paragraph\"><strong>Por: Lizbeth \u00c1lvarez Mart\u00ednez<\/strong><\/p>\n\n\n\n<p class=\"wp-block-paragraph\">SemM\u00e9xico, Cd. de M\u00e9xico, 27 de enero, 2021.- La secretaria de Gobernaci\u00f3n, Olga S\u00e1nchez Cordero, interrogada esta ma\u00f1ana en Palacio Nacional sobre la propuesta presidencial de hacer una consulta sobre la despenalizaci\u00f3n del aborto, trastabill\u00f3 un momento y dijo &nbsp;que las mujeres son quienes van a decidir no sobre &nbsp;derechos, que no son discutibles, sino sobre un tipo penal espec\u00edfico.<\/p>\n\n\n\n<p class=\"wp-block-paragraph\">No dijo la diferencia, pero trat\u00f3 de explicar que se decidir\u00e1 \u201csobre un tipo penal espec\u00edfico\u201d y se extendi\u00f3 hablando de que es necesario modificar la Constituci\u00f3n si el Congreso decide poner este delito \u2013 as\u00ed lo nombr\u00f3- en un C\u00f3digo Penal Nacional.<\/p>\n\n\n\n<p class=\"wp-block-paragraph\">As\u00ed, textual: \u201cNo se van a consultar derechos, se van a establecer tipos penales, y lo que se va a discutir no son los derechos, los derechos no son discutibles, los derechos no est\u00e1n m\u00e1s que en la Constituci\u00f3n, y m\u00e1s all\u00e1 de la Constituci\u00f3n, en las convenciones internacionales y en otro tipo de legislaci\u00f3n nacional e internacional; no, lo que se va a discutir son los tipos penales, la tipolog\u00eda penal y la criminalizaci\u00f3n o no, de una conducta, eso es lo que se est\u00e1 discutiendo\u201d<\/p>\n\n\n\n<p class=\"wp-block-paragraph\">Luego detall\u00f3 que cuando el presidente habla de la consulta y que las mujeres van a decidir, las mujeres van a decidir por supuesto a trav\u00e9s tambi\u00e9n de sus representantes y van a decidir las feministas, \u201cpero van a decidir no sobre los derechos, sino sobre un tipo penal especifico\u201d, reiter\u00f3.<\/p>\n\n\n\n<p class=\"wp-block-paragraph\">Durante su intervenci\u00f3n, desde lo personal, dijo que ella lleva 50 a\u00f1os defendiendo el derecho al aborto, y explic\u00f3 que se camina hacia un C\u00f3digo Penal Nacional \u00danico pero se requiere reformar el art\u00edculo 73 de la Constituci\u00f3n, por lo que ello est\u00e1 en manos de los legisladores, ellos deben acordar la reforma, y una &nbsp;\u201cimportante discusi\u00f3n\u201d, en la que no solo se decidir\u00e1 la despenalizaci\u00f3n del aborto, sino la tipificaci\u00f3n de diversos delitos.<\/p>\n\n\n\n<p class=\"wp-block-paragraph\">De la discusi\u00f3n, hizo notar, habr\u00e1 muchos puntos de vista y diferentes perspectivas, que hay que tomar en cuenta.<\/p>\n\n\n\n<p class=\"wp-block-paragraph\">\u201cEl c\u00f3digo penal \u00fanico requiere de una reforma constitucional en el art\u00edculo 73, entonces ojal\u00e1 caminemos a hacia un C\u00f3digo Penal \u00danico, como ya tenemos un C\u00f3digo Nacional de Procedimientos Penales, como ya tambi\u00e9n estamos por, en las diversas c\u00e1maras, empujar, presentar y promover un C\u00f3digo Nacional de Procedimientos Civiles, y dese luego tambi\u00e9n tendr\u00edamos que ir hacia un C\u00f3digo Penal Nacional, ya no penal federal, sino un c\u00f3digo nacional, un c\u00f3digo penal \u00fanico\u201d.<\/p>\n\n\n\n<p class=\"wp-block-paragraph\">La secretaria asegur\u00f3 que el Gobierno est\u00e1 \u201ctrabajando much\u00edsimo en cuestiones de salud\u201d de las mujeres, como la prevenci\u00f3n de embarazos, sobre todo los infantiles, y el uso de anticonceptivos. Pero no dijo c\u00f3mo.<\/p>\n\n\n\n<p class=\"wp-block-paragraph\">Tras la aprobaci\u00f3n del aborto legal en Argentina el pasado diciembre, L\u00f3pez Obrador plante\u00f3 una consulta popular sobre el tema en M\u00e9xico para evitar posicionarse sobre este asunto.<\/p>\n\n\n\n<p class=\"wp-block-paragraph\">\u201cEs una decisi\u00f3n de las mujeres. Mi postura es que en estos temas, donde hay puntos de vista a favor y en contra, porque as\u00ed es la democracia, no hay un pensamiento \u00fanico, lo mejor es consultar a los ciudadanos y en este caso a las mujeres\u201d, indic\u00f3 en su momento el mandatario.<\/p>\n\n\n\n<p class=\"wp-block-paragraph\">De esa declaraci\u00f3n, varias diputadas federales de su partido, como Lorena Villavicencio, y del Partido de la Revoluci\u00f3n Democr\u00e1tica, la diputada Guadalupe Almaguer, publicaron en todas las redes sociales, que los derechos no se ponen a consulta, de ah\u00ed la referencia de la secretaria de gobernaci\u00f3n.<\/p>\n\n\n\n<p class=\"wp-block-paragraph\">En M\u00e9xico, el aborto &nbsp;est\u00e1 despenalizado, hasta las 12 semanas de gestaci\u00f3n sin importar &nbsp;la causa, son Oaxaca y la Ciudad de M\u00e9xico.<\/p>\n","protected":false},"excerpt":{"rendered":"<p>Afirm\u00f3 que se decidir\u00e1 sobre un tipo penal de un delito, no sobre los derechos de las mujeres<\/p>\n","protected":false},"author":3,"featured_media":23365,"comment_status":"open","ping_status":"open","sticky":false,"template":"","format":"standard","meta":{"_monsterinsights_skip_tracking":false,"footnotes":""},"categories":[692,51],"tags":[],"class_list":["post-31166","post","type-post","status-publish","format-standard","has-post-thumbnail","category-692","category-ejecutivo"],"_links":{"self":[{"href":"https:\/\/redsemlac.com\/semmexico\/wp-json\/wp\/v2\/posts\/31166","targetHints":{"allow":["GET"]}}],"collection":[{"href":"https:\/\/redsemlac.com\/semmexico\/wp-json\/wp\/v2\/posts"}],"about":[{"href":"https:\/\/redsemlac.com\/semmexico\/wp-json\/wp\/v2\/types\/post"}],"author":[{"embeddable":true,"href":"https:\/\/redsemlac.com\/semmexico\/wp-json\/wp\/v2\/users\/3"}],"replies":[{"embeddable":true,"href":"https:\/\/redsemlac.com\/semmexico\/wp-json\/wp\/v2\/comments?post=31166"}],"version-history":[{"count":0,"href":"https:\/\/redsemlac.com\/semmexico\/wp-json\/wp\/v2\/posts\/31166\/revisions"}],"wp:featuredmedia":[{"embeddable":true,"href":"https:\/\/redsemlac.com\/semmexico\/wp-json\/wp\/v2\/media\/23365"}],"wp:attachment":[{"href":"https:\/\/redsemlac.com\/semmexico\/wp-json\/wp\/v2\/media?parent=31166"}],"wp:term":[{"taxonomy":"category","embeddable":true,"href":"https:\/\/redsemlac.com\/semmexico\/wp-json\/wp\/v2\/categories?post=31166"},{"taxonomy":"post_tag","embeddable":true,"href":"https:\/\/redsemlac.com\/semmexico\/wp-json\/wp\/v2\/tags?post=31166"}],"curies":[{"name":"wp","href":"https:\/\/api.w.org\/{rel}","templated":true}]}}