{"id":31110,"date":"2021-01-26T22:21:30","date_gmt":"2021-01-26T22:21:30","guid":{"rendered":"https:\/\/redsemlac.com\/semmexico\/?p=31110"},"modified":"2023-07-21T16:46:24","modified_gmt":"2023-07-21T21:46:24","slug":"en-23-meses-del-gobierno-de-amlo-7-mil-asesinatos-de-mujeres-el-doble-de-todos-los-sucedidos-durante-el-gobierno-de-enrique-pena-nieto","status":"publish","type":"post","link":"https:\/\/redsemlac.com\/semmexico\/en-23-meses-del-gobierno-de-amlo-7-mil-asesinatos-de-mujeres-el-doble-de-todos-los-sucedidos-durante-el-gobierno-de-enrique-pena-nieto\/","title":{"rendered":"En 25 meses del gobierno de AMLO, 7 mil asesinatos de mujeres, el doble de todos los sucedidos durante el gobierno de Enrique Pe\u00f1a Nieto"},"content":{"rendered":"\n<ul class=\"wp-block-list\"><li><strong>Seis fuentes consultadas confirman aumento de delitos contra las mujeres: violaci\u00f3n, acoso, hostigamiento, violencia familiar<\/strong><\/li><li><strong>En la Ciudad de M\u00e9xico las 3 alcald\u00edas con m\u00e1s feminicidios cometidos en esta Administraci\u00f3n<\/strong><\/li><li><strong>Otras formas de violencia, sexual, abuso, acoso y familiar, las mujeres&nbsp; se vieron muy afectadas a largo de 2020<\/strong><\/li><\/ul>\n\n\n\n<p class=\"wp-block-paragraph\"><strong>Sara Lovera<\/strong><\/p>\n\n\n\n<p class=\"wp-block-paragraph\">SemM\u00e9xico, Cd. de M\u00e9xico, 26 de enero 2021.- La violencia contra las mujeres en los 25 meses del gobierno de Andr\u00e9s L\u00f3pez Obrador, muestra un panorama&nbsp; sombr\u00edo, dijo&nbsp; la doctora en derecho y consultora internacional de la ONU Mujeres Patricia Olamendi Torres quien consider\u00f3 que el 2020 \u201crompi\u00f3 r\u00e9cords\u201d en cuanto a delitos cometidos contra mujeres. Cifras alarmantes, reconoce Fabiola Alan\u00eds titular de la Comisi\u00f3n Nacional para Prevenir y Erradicar la Violencia contra las Mujeres (Conavim).<\/p>\n\n\n\n<p class=\"wp-block-paragraph\">Tras cada hecho hay personas, familias, de todos los grupos etarios, culturales y sociales. La cifra de violencia de g\u00e9nero en todas sus modalidades alcanz\u00f3 14 mil 50 casos denunciados o reportados. Mientras la impunidad llega al 93 por ciento. Ellas tienen historia de vida, sue\u00f1os e ilusiones.<\/p>\n\n\n\n<p class=\"wp-block-paragraph\">&nbsp;Sof\u00eda fue violada por su pap\u00e1 desde que ten\u00eda seis a\u00f1os; Maru \u2013ahora de 50 a\u00f1os\u2013 sufr\u00eda violencia por parte de su marido durante su matrimonio; a Odette un novio la secuestr\u00f3 cuando decidi\u00f3 terminar con \u00e9l: ella ten\u00eda 24 a\u00f1os y estaba en la Universidad; a Katya (nombre ficticio) un compa\u00f1ero de secundaria la bes\u00f3 a la fuerza, relata el portal feminista Ni una M\u00e1s.<\/p>\n\n\n\n<figure class=\"wp-block-image size-large\"><a href=\"https:\/\/redsemlac.com\/semmexico\/wp-content\/uploads\/2021\/01\/feminicidios-4.jpg\"><img decoding=\"async\" src=\"https:\/\/redsemlac.com\/semmexico\/wp-content\/uploads\/2021\/01\/feminicidios-4-1024x579.jpg\" alt=\"\" class=\"wp-image-31114\"\/><\/a><\/figure>\n\n\n\n<p class=\"wp-block-paragraph\">Karla Micheel Salas Ram\u00edrez, abogada y directora de la Asociaci\u00f3n Civil Grupo de Acci\u00f3n por los Derechos Humanos y la Justicia Social,&nbsp; afirma &nbsp;que, si en M\u00e9xico no se reconoce la gravedad de los feminicidios, es porque el Gobierno Federal mantiene una negaci\u00f3n ante la violencia de g\u00e9nero.<\/p>\n\n\n\n<p class=\"wp-block-paragraph\">Y explica que, \u201cesta negaci\u00f3n que tiene la autoridad no permite generar una pol\u00edtica criminal. En este pa\u00eds el dinero se coloca d\u00f3nde est\u00e1 el n\u00famero rojo (\u2026) Sabemos que en este pa\u00eds el dinero y los recursos institucionales est\u00e1n en donde se identifica que hay un problema, por esto en el tema de secuestros hay tecnolog\u00eda y unidades de punta. En el tema de feminicidio y de violencia en general contra mujeres, como se siguen maquillando las cifras, como lo dijo en uno de los casi 50 foros virtuales de la organizaci\u00f3n Nosotras Tenemos otros Datos.<\/p>\n\n\n\n<figure class=\"wp-block-image size-large\"><a href=\"https:\/\/redsemlac.com\/semmexico\/wp-content\/uploads\/2021\/01\/feminicidios-3.jpg\"><img loading=\"lazy\" decoding=\"async\" width=\"900\" height=\"588\" src=\"https:\/\/redsemlac.com\/semmexico\/wp-content\/uploads\/2021\/01\/feminicidios-3.jpg\" alt=\"\" class=\"wp-image-31113\"\/><\/a><\/figure>\n\n\n\n<p class=\"wp-block-paragraph\">La Secretar\u00eda de Gobernaci\u00f3n, reconoci\u00f3, apenas el 25 de noviembre que &nbsp;las cifras son alarmantes al comparar los a\u00f1os anteriores, dado que&nbsp; entre enero y noviembre de 2020, m\u00e1s de un tercio de las v\u00edctimas de delitos en general fueron mujeres, asegur\u00f3 Alan\u00eds.<\/p>\n\n\n\n<h2 class=\"wp-block-heading\"><strong>Cifras contundentes<\/strong><\/h2>\n\n\n\n<p class=\"wp-block-paragraph\">Las cifras consultadas en 6 fuentes se\u00f1alan que los asesinatos dolosos y feminicidios contra las mujeres durante los 2 a\u00f1os de esta administraci\u00f3n, &nbsp;son m\u00e1s del doble que en todo el sexenio de Enrique Pe\u00f1a Nieto y la cifra estimada pas\u00f3 de 10 al d\u00eda a 10.62, es decir una mujer es v\u00edctima de asesinato cada 150 minutos. Aunque son muchos m\u00e1s, en promedio un hombre es asesinado cada 4 horas.<\/p>\n\n\n\n<p class=\"wp-block-paragraph\">De la misma manera crecieron&nbsp; en los cr\u00edmenes sexuales, como abuso y violaci\u00f3n; el acoso y la violencia en la familiar. Las lesiones dolosas ascendieron a 57 mil 495, violaciones sexuales 16 mil 553; el abuso sexual registr\u00f3 5 mil 3 casos, mientras que el acoso u hostigamiento alcanz\u00f3 los 8 mil 376 registros.<\/p>\n\n\n\n<div class=\"wp-block-image\"><figure class=\"alignleft size-large\"><a href=\"https:\/\/redsemlac.com\/semmexico\/wp-content\/uploads\/2021\/01\/feminicidios-7.png\"><img decoding=\"async\" src=\"https:\/\/redsemlac.com\/semmexico\/wp-content\/uploads\/2021\/01\/feminicidios-7-283x1024.png\" alt=\"\" class=\"wp-image-31117\"\/><\/a><\/figure><\/div>\n\n\n\n<p class=\"wp-block-paragraph\">Los servicios de emergencia recibieron el a\u00f1o pasado 260 mil 67 llamadas para reportar incidentes de violencia contra la mujer, un aumento de m\u00e1s de 30 por ciento con respecto al a\u00f1o anterior, en el cual las llamadas fueron 197 mil 693.<\/p>\n\n\n\n<p class=\"wp-block-paragraph\">Los delitos de violencia de pareja o en la familia &nbsp;aumentaron. Reportados fueron 220 mil 28 en 2020.<\/p>\n\n\n\n<p class=\"wp-block-paragraph\">En el caso de secuestro de mujeres, seg\u00fan el estudio de Causa en Com\u00fan, difundido el 21 de enero, hubo 221 denuncias, de las cuales casi la cuarta parte, 54, se registr\u00f3 en el Estado de M\u00e9xico. La Ciudad de M\u00e9xico ocup\u00f3 el sexto sitio con 11 casos de mujeres secuestradas.<\/p>\n\n\n\n<p class=\"wp-block-paragraph\">Seg\u00fan cifras oficiales combinadas del Secretariado Ejecutivo del Sistema Nacional de Seguridad P\u00fablica y del Inegi, -difundidas el 25 de enero-, las organizaciones Causa en Com\u00fan, el Observatorio Ciudadano del Feminicidio y Mexicanos contra la Corrupci\u00f3n, en esta administraci\u00f3n han sido asesinadas intencionalmente, \u00a07 mil 329 mujeres y ni\u00f1as, \u00a010.62 al d\u00eda, casi el doble de todos los sucedidos entre enero de 2012 a junio de 2016, 3 mil, 490 en 42meses y fueron considerados como  homicidios dolosos o feminicidios.<\/p>\n\n\n\n<p class=\"wp-block-paragraph\">Lo anterior significa un aumento de 11 por ciento, comparado con los \u00faltimos dos a\u00f1os de la administraci\u00f3n del expresidente Enrique Pe\u00f1a Nieto. Cabe mencionar que en el \u00faltimo tercio del sexenio anterior, 6 mil 576 mujeres fueron asesinadas.<\/p>\n\n\n\n<p class=\"wp-block-paragraph\">De dicha cifra 3 mil 161 asesinatos se cometieron entre enero y octubre de 2020: 777 fueron tipificados como feminicidios y 2 mil 384 como homicidios dolosos, de acuerdo con el reporte del SESNSP.<\/p>\n\n\n\n<h2 class=\"wp-block-heading\"><strong>Municipios con m\u00e1s feminicidios<\/strong><\/h2>\n\n\n\n<p class=\"wp-block-paragraph\">Seg\u00fan los dos an\u00e1lisis oficiales SESNSP e Inegi, los municipios m\u00e1s peligrosos para las mujeres son: Ju\u00e1rez, Chihuahua, donde entre enero y octubre pasados se cometieron 19 feminicidios; Tijuana, Baja California, con 17; Monterrey, Nuevo Le\u00f3n, como 15; Culiac\u00e1n, Sinaloa, con 12.<\/p>\n\n\n\n<p class=\"wp-block-paragraph\">Las alcald\u00edas Cuauht\u00e9moc e Iztapalapa de la Ciudad de M\u00e9xico se encuentran en los lugares 5 y 6 respectivamente, con 11 feminicidios; le siguen Zapopan, Jalisco, con 10; Tlalpan, Ciudad de M\u00e9xico, con 9; Chihuahua, Chihuahua, con 8; y Manzanillo, Colima, con 8.<\/p>\n\n\n\n<figure class=\"wp-block-image size-large\"><a href=\"https:\/\/redsemlac.com\/semmexico\/wp-content\/uploads\/2021\/01\/feminicidios-2.jpg\"><img decoding=\"async\" src=\"https:\/\/redsemlac.com\/semmexico\/wp-content\/uploads\/2021\/01\/feminicidios-2-1024x640.jpg\" alt=\"\" class=\"wp-image-31112\"\/><\/a><\/figure>\n\n\n\n<p class=\"wp-block-paragraph\">Esta lista, de acuerdo con el periodista Humberto Padgett, muestra que \u201clas cosas no han cambiado, ya que los a\u00f1os que hemos revisando esta lista, se mantienen m\u00e1s o menos los mismos municipios como los m\u00e1s violentos para las mujeres. No importa que haya alternancia pol\u00edtica, se mantienen como lugares terribles para ser mujer en M\u00e9xico\u201d.<\/p>\n\n\n\n<h2 class=\"wp-block-heading\"><strong>Municipios con menos feminicidios<\/strong><\/h2>\n\n\n\n<p class=\"wp-block-paragraph\">Los nueve municipios con menos feminicidios, entre enero y octubre de 2020, pertenecen al Estado de M\u00e9xico, en cada uno se cometieron dos en los 10 meses pasados.<\/p>\n\n\n\n<p class=\"wp-block-paragraph\">Estos son: Ocuilan, Nicol\u00e1s Romero, Ixtlahuaca, Ixtapaluca, Hueypoxtla, Cuaititl\u00e1n Izcalli, Cocotitl\u00e1n, Coacalco de Berrioz\u00e1bal y Chicoloapa.<\/p>\n\n\n\n<h2 class=\"wp-block-heading\"><strong>La pandemia agrav\u00f3 la situaci\u00f3n<\/strong><\/h2>\n\n\n\n<p class=\"wp-block-paragraph\">Las expertas consultadas. Olamendi Torres y Salas, afirmaron&nbsp; que la pandemia de coronavirus agrav\u00f3 la situaci\u00f3n de violencia contra las mujeres, debido a la cultura machista, que se ha exacerbado. \u201cNosotras observamos que efectivamente el confinamiento trastoc\u00f3 la vida de la sociedad en su conjunto y por supuesto la vida de las mujeres y la seguridad de las mujeres, pero puso esto tambi\u00e9n en el centro del debate nacional afortunadamente\u201d, indic\u00f3 Alan\u00eds.<\/p>\n\n\n\n<figure class=\"wp-block-image size-large\"><a href=\"https:\/\/redsemlac.com\/semmexico\/wp-content\/uploads\/2021\/01\/feminicidios-1.jpg\"><img loading=\"lazy\" decoding=\"async\" width=\"780\" height=\"470\" src=\"https:\/\/redsemlac.com\/semmexico\/wp-content\/uploads\/2021\/01\/feminicidios-1.jpg\" alt=\"\" class=\"wp-image-31111\"\/><\/a><\/figure>\n\n\n\n<p class=\"wp-block-paragraph\">Desde la llegada de la pandemia a M\u00e9xico el pasado febrero, aumentaron las llamadas de mujeres al 911 por situaciones relativas a violencia en todas sus expresiones: en este periodo se registraron m\u00e1s de un mill\u00f3n de llamadas.<\/p>\n\n\n\n<p class=\"wp-block-paragraph\">De acuerdo con los registros del INEGI, los dos a\u00f1os m\u00e1s violentos en el pa\u00eds, al menos desde 1990, corresponden al final de la administraci\u00f3n de Enrique Pe\u00f1a Nieto y al inicio del gobierno de Andr\u00e9s Manuel L\u00f3pez Obrador.<\/p>\n\n\n\n<p class=\"wp-block-paragraph\">La violencia tampoco da tregua para las y los menores de edad. Los datos del Instituto indican que fueron asesinados 456 ni\u00f1os y ni\u00f1as de 14 a\u00f1os o menos, incluidos 68 menores de un a\u00f1o.<\/p>\n\n\n\n<h2 class=\"wp-block-heading\"><strong>\u201cEmpez\u00f3 a besarme por todas partes\u201d<\/strong><\/h2>\n\n\n\n<p class=\"wp-block-paragraph\">Katya iba en segundo de secundaria cuando fue violentada por un compa\u00f1ero. Estaba en clase y fue al ba\u00f1o, cuando apareci\u00f3 el que cre\u00eda su amigo. \u201cMe acerque a saludarlo, pero luego me agarr\u00f3 de las manos y empez\u00f3 a besarme por todas partes\u201d, dice a\u00fan con la voz temblorosa, pese a que ya pasaron cuatro a\u00f1os.<\/p>\n\n\n\n<p class=\"wp-block-paragraph\">Comenta que la empuj\u00f3 hacia a una pared y entonces apareci\u00f3 un profesor y \u00e9l la solt\u00f3.&nbsp;\u201cRegres\u00e9 a clase en shock.&nbsp;No pude decirle a nadie lo que hab\u00eda pasado, ten\u00eda miedo\u201d, menciona a NiunaM\u00e1s.<\/p>\n\n\n\n<h3 class=\"wp-block-heading\"><strong>Pueden acceder a los testimonios de <\/strong><strong>Cinthia, Miriam, Vianca, Mafer, Dianita, Ashley, Isabel, Areli, Elizabeth, Lita, Nazaria y Elideth, entre otras<\/strong>.<\/h3>\n\n\n\n<ul class=\"wp-block-list\"><li>A Diana la estrangularon con su propio cintur\u00f3n y arrojaron su cuerpo en la M\u00e9xico-Toluca <a href=\"https:\/\/www.youtube.com\/redirect?redir_token=QUFFLUhqa05scDBaelNzQ2EyekR5NEJCMGpJeXhqTmlVQXxBQ3Jtc0tuaG9YaS0tYVVTU1gtS3BTdkpVSDhaY2RxRHdDOGlVMWI1dVRXU01KdzBZRE1MT3o3NzJZeVdDNHVJVGI1U0FkeEJvQjI5XzhKZUVEZFNaWlN2b2pQY21Ra3dhc0FFTWxnZkp2UENSQVBzMGlOSUZtTQ%3D%3D&amp;event=video_description&amp;v=hfpxjbb95l4&amp;q=https%3A%2F%2Fheraldodemexico.com.mx%2Fpais%2Fa-diana-la-estrangularon-con-su-propio-cinturon-y-arrojaron-su-cuerpo-en-la-mexico-toluca%2F\" target=\"_blank\" rel=\"noreferrer noopener\">https:\/\/heraldodemexico.com.mx\/pais\/a&#8230;<\/a> <\/li><\/ul>\n\n\n\n<ul class=\"wp-block-list\"><li>F\u00e1tima ten\u00eda 12 a\u00f1os; sus vecinos la violaron, apu\u00f1alaron y lapidaron a 100 metros de su casa <a href=\"https:\/\/www.youtube.com\/redirect?redir_token=QUFFLUhqa0RjeGd4SkdUdExtX2tNNWdzQXYyVG1WbGRvZ3xBQ3Jtc0tsNFplRllhT2VCLWpWbWpVcWl2VWlDeUZTQjlqN0M0dlFHMU13aVJDRTlCTlNDV2FuYTVrTENob3Y2ek5kdEhpZnVrVTc0VUl4Nm56SDJaZkJTYmZMUDFXUHRxSHdXaFdEYXMzMmxDSDVQdDV6Wld4Zw%3D%3D&amp;event=video_description&amp;v=hfpxjbb95l4&amp;q=https%3A%2F%2Fheraldodemexico.com.mx%2Fpais%2Ffatima-feminicidio-violacion-nina-12-anos-lerma-estado-de-mexico-justicia%2F\" target=\"_blank\" rel=\"noreferrer noopener\">https:\/\/heraldodemexico.com.mx\/pais\/f&#8230;<\/a> <\/li><\/ul>\n\n\n\n<ul class=\"wp-block-list\"><li>Ver\u00f3nica ten\u00eda 22 a\u00f1os, era enfermera y la estrangularon con tal fuerza que fracturaron su tr\u00e1quea <a href=\"https:\/\/www.youtube.com\/redirect?redir_token=QUFFLUhqbWotRnZpNDNBZkpoZjM4blhoUjNJU1ZkUll0UXxBQ3Jtc0tsUmcyVG1IUXYwRF9mLWNuZ0lQcFpnM1J1Z0lxMmtwZ3d2UnI3cmtIQV9fQWJQYmVTbDFmNjFyZjBjdnJCNWtnZGJWMDZlNUtIMVF1UXZ5MTVsQ1FXbmlEemhPMko5b1d2T3o4dXhZbmh6QkdiRjloNA%3D%3D&amp;event=video_description&amp;v=hfpxjbb95l4&amp;q=https%3A%2F%2Fheraldodemexico.com.mx%2Fpais%2Fveronica-feminicidio-estudiante-unam-estrangulamiento-naucalpan-estado-de-mexico%2F\" target=\"_blank\" rel=\"noreferrer noopener\">https:\/\/heraldodemexico.com.mx\/pais\/v&#8230;<\/a> <\/li><\/ul>\n\n\n\n<ul class=\"wp-block-list\"><li>Karla fue agredida sexualmente, muri\u00f3 desangrada y con un ojo de fuera; le echaron la culpa a una puerta de cristal <a href=\"https:\/\/www.youtube.com\/redirect?redir_token=QUFFLUhqbm9HR0JRZjRRMmVfTEpsVi1lc1ZBVkRKQTR1QXxBQ3Jtc0trejhRR0g2LUs5cjUtaF9COUN3YmdBUWNOSWlHOV9FdXF2czM5aUJmQjVZOTYzbUhaWjVjcmpId0ptYW9wSHM4YUMxSEVWMFRDQXJfaFE1M3FIUnI1YkRHNE91LXFYazZlUldnRXVzMHNTVl96a2NzTQ%3D%3D&amp;event=video_description&amp;v=hfpxjbb95l4&amp;q=https%3A%2F%2Fheraldodemexico.com.mx%2Fpais%2Ffeminicidio-karla-pontigo-puerta-de-cristal-muerte-san-luis-potosi-scjn-violacion%2F\" target=\"_blank\" rel=\"noreferrer noopener\">https:\/\/heraldodemexico.com.mx\/pais\/f&#8230;<\/a><\/li><\/ul>\n\n\n\n<ul class=\"wp-block-list\"><li>A Cinthia la mataron frente a su hijo de 4 a\u00f1os; el ni\u00f1o recuerda todos los detalles y reconoce a los asesinos <a href=\"https:\/\/www.youtube.com\/redirect?redir_token=QUFFLUhqbE51X3lOSU1MR3VKSklsSnlOeTV2Y0k1c191UXxBQ3Jtc0trTW16WEd4VWtsZWkxTUk2WjJlTGpNUGNMMUYxTGhJSEpqY05WZFNoVWx5NjFobEpKVGp6T3RlMlN0ZktfeTd2cWJvSDVIelk1Vjk4Q0NsU1dyTlVwUXEtaFdkYUpxb1JIM1BaTVgyNWVhZDJUVVZNaw%3D%3D&amp;event=video_description&amp;v=hfpxjbb95l4&amp;q=https%3A%2F%2Fheraldodemexico.com.mx%2Fpais%2Ffeminicidio-cinthia-ensenada-baja-california-ex-esposo-padrastro-hijo%2F\" target=\"_blank\" rel=\"noreferrer noopener\">https:\/\/heraldodemexico.com.mx\/pais\/f&#8230;<\/a> <\/li><\/ul>\n\n\n\n<ul class=\"wp-block-list\"><li>A Miriam la mataron de 59 pu\u00f1aladas con un cuchillo de cocina, su hija vio c\u00f3mo su pap\u00e1 le arrebat\u00f3 a su madre <a href=\"https:\/\/www.youtube.com\/redirect?redir_token=QUFFLUhqa042NllwNnY2VEFnbjRheFZLTm8xUlZTbEhhUXxBQ3Jtc0tsa3hJcXY5WHJ2MWZ1Z1BJUlo2dElxLTlOOEpTMGhFcTZxUk5zMDhzNklEMTItV1cwcjVXSFBZVWdYOTdTcHdBeDZ1Y2poOEp3WnpfbF9OVzI5REMyUXBTVnRla1p4djJHNktiVHhHZEJndS1RNWZMOA%3D%3D&amp;event=video_description&amp;v=hfpxjbb95l4&amp;q=https%3A%2F%2Fheraldodemexico.com.mx%2Fpais%2Ffeminicidio-miriam-garcia-garza-monterrey-diciembre-frente-a-su-hija-59-punaladas%2F\" target=\"_blank\" rel=\"noreferrer noopener\">https:\/\/heraldodemexico.com.mx\/pais\/f&#8230;<\/a> <\/li><\/ul>\n\n\n\n<ul class=\"wp-block-list\"><li>Vianca muri\u00f3 con la cara destrozada, dijeron que fue un asalto, pero fue un feminicidio\u2026 <a href=\"https:\/\/www.youtube.com\/redirect?redir_token=QUFFLUhqbWxWRS1FbmN5Rjd0VHBCM1puZU9xdkV3dldoUXxBQ3Jtc0ttdWNNNGdncmR2LTFCQ3Atd0RlUHBvWkktN1g5SXFZVmNLdnhMUG53LW5hVi1mUXF5cFJsTTdiM2lybXdBTFpXNm0wZXpnVGNIZ0FGdl9aVU94UGI5TWRFYTJOV21VMHZiQlR6SHFkVzBnWkNPTUpmSQ%3D%3D&amp;event=video_description&amp;v=hfpxjbb95l4&amp;q=https%3A%2F%2Fheraldodemexico.com.mx%2Fpais%2Ffeminicidio-vianca-moreno-labastida-playa-del-carmen-quintana-roo%2F\" target=\"_blank\" rel=\"noreferrer noopener\">https:\/\/heraldodemexico.com.mx\/pais\/f&#8230;<\/a><\/li><\/ul>\n\n\n\n<ul class=\"wp-block-list\"><li>No fue un suicidio; a Mafer la asesinaron a golpes y despu\u00e9s la colgaron del techo con un cintur\u00f3n <a href=\"https:\/\/www.youtube.com\/redirect?redir_token=QUFFLUhqbDFFNWN2OGxDRUoydV8wTjh5aVdOcEMxVG9EZ3xBQ3Jtc0tsa09JUGRxd3hTVWlHZHV2cmZUMkk2TjFZazhYdEFKVVQyV1F4czM2SzNQMWxwNkpRcnFOdzFoV000WEw3OFBSMklqenpJN0N0NW5OMlRVRHpsVm5rYWtYVnpTaDR2OGF1RmVCUG5ubUtjMzZZSkR3OA%3D%3D&amp;event=video_description&amp;v=hfpxjbb95l4&amp;q=https%3A%2F%2Fheraldodemexico.com.mx%2Fpais%2Fno-fue-un-suicidio-a-mafer-la-asesinaron-a-golpes-y-despues-la-colgaron-del-techo-con-un-cinturon%2F\" target=\"_blank\" rel=\"noreferrer noopener\">https:\/\/heraldodemexico.com.mx\/pais\/n&#8230;<\/a> <\/li><\/ul>\n\n\n\n<ul class=\"wp-block-list\"><li>Diana fue violada y asesinada, su familia tard\u00f3 d\u00edas en hallar su cuerpo; las autoridades dec\u00edan que era un hombre <a href=\"https:\/\/www.youtube.com\/redirect?redir_token=QUFFLUhqazFxaGhPd0JqcWFGYk5uVmdkVk95Y0lYcDc4d3xBQ3Jtc0trMFRVY245UDZtcm1TZ3diRVhrazRkS0NvRWR1MXZ0RWNGeDd2OUJHVk1FSEQ5aklTejZGdktpNW4zN2oteDVHM2EzV2pXX0s4TEJYQU5TT3plSlIyTWVfZ0UyLV80cGtQb1dNOVpTVW9PTDdDY25XYw%3D%3D&amp;event=video_description&amp;v=hfpxjbb95l4&amp;q=https%3A%2F%2Fheraldodemexico.com.mx%2Fpais%2Ffeminicidio-diana-velazquez-chimalhuacan-estado-de-mexico-violencia-de-genero%2F\" target=\"_blank\" rel=\"noreferrer noopener\">https:\/\/heraldodemexico.com.mx\/pais\/f&#8230;<\/a> <\/li><\/ul>\n\n\n\n<ul class=\"wp-block-list\"><li>A Ashley la asesinaron en un motel de Veracruz, su cuerpo arrojado en bolsas de basura; los culpables est\u00e1n libres <a href=\"https:\/\/www.youtube.com\/redirect?redir_token=QUFFLUhqbHZRNzVmcHhiSHVoaFNaeFlTVDJpLVp0X1BaQXxBQ3Jtc0treUJEWE1HdkVnU1VHU3NnbHo4Z2tWTVlkaGFOdlRfeEtiNUpITEJCck9KMEgyQ3ZLNEdtVGlRbE1kdEM0NnF4WFBsTzRQTEZRRGxBYUNsdG9KNzh2NTVURzdFbkNlRW5lZk9BNjk5cGF6ZEVWcDAyWQ%3D%3D&amp;event=video_description&amp;v=hfpxjbb95l4&amp;q=https%3A%2F%2Fheraldodemexico.com.mx%2Fpais%2Ffeminicidio-ashely-miranda-poza-rica-veracruz-feminicidios-mexico%2F\" target=\"_blank\" rel=\"noreferrer noopener\">https:\/\/heraldodemexico.com.mx\/pais\/f&#8230;<\/a><\/li><\/ul>\n\n\n\n<ul class=\"wp-block-list\"><li>&nbsp;A Isabel la estrangul\u00f3 su esposo en su propia casa, \u00e9l podr\u00eda estar fingiendo su muerte <a href=\"https:\/\/www.youtube.com\/redirect?redir_token=QUFFLUhqbHEwQlR5WEdVb0dUWmlXOC1RRkdLN0F2R1RrUXxBQ3Jtc0tsdzhFbVhvZFVOS3phQUJpWGJNWDAzaTIzaTcwbVlMZUVkNWtOTElSVHZoSkhGNHVwUzBpYWNxRlc3ODYxczNnLUk2ZHl3WERuQUx4M184TVNrd1A5Rzctb3A5MkdDa1NHQ2V2blo2cXVfbTE0dmpvYw%3D%3D&amp;event=video_description&amp;v=hfpxjbb95l4&amp;q=https%3A%2F%2Fheraldodemexico.com.mx%2Fpais%2Ffeminicidio-isabel-carreon-gam-cdmx-esposo-muerto-golpes-estrangulamiento-feminicidios-mexico%2F\" target=\"_blank\" rel=\"noreferrer noopener\">https:\/\/heraldodemexico.com.mx\/pais\/f&#8230;<\/a> <\/li><\/ul>\n\n\n\n<ul class=\"wp-block-list\"><li>A Areli la apu\u00f1al\u00f3 su esposo 9 veces, la asesin\u00f3 mientras sus hijos dorm\u00edan <a href=\"https:\/\/www.youtube.com\/redirect?redir_token=QUFFLUhqbElNbS1EMVE0aV9nZVdDVGtpV2pCdUFQcDAwZ3xBQ3Jtc0ttNnRCY1JnaXAwZ253V2dQand4RFFQVEJwR3gxeE9LbFdyU1cwcHdHWnA2dEhzWXppbExYUHQtTHdvVmliQUdoQkdSNHFGcl9JMDB2R3F6YTZNUUN1emFyNkRleExzWlhtb0xhSE5qZkZkN180cE0tSQ%3D%3D&amp;event=video_description&amp;v=hfpxjbb95l4&amp;q=https%3A%2F%2Fheraldodemexico.com.mx%2Fpais%2Ffeminicidio-areli-mendoza-arguello-cdmx-benito-juarez-alvin-mendoza-cuchillo-feminicidios-mexico%2F\" target=\"_blank\" rel=\"noreferrer noopener\">https:\/\/heraldodemexico.com.mx\/pais\/f&#8230;<\/a> <\/li><\/ul>\n\n\n\n<ul class=\"wp-block-list\"><li>A Elizabeth la asesinaron a unos metros de sus hijos; la pandemia le roba la justicia <a href=\"https:\/\/www.youtube.com\/redirect?redir_token=QUFFLUhqazE0WllzRks4NTBubU1Vc0dSSjdOYUFPdFVFd3xBQ3Jtc0tuNDkzVDNrbVdua1Bna1dPTnQzWlJMUGdiVnh6Z2lhTDVtZ3Y2b2hXTFBSemdnV0VNd0wtQnBYbjRDWUY4Ry1JdktsMWgteDlvUHhZVGxlS1ltaHpIS2xpS01qMDBrMmZpQm1VQW1TbjlLdVZadFhxVQ%3D%3D&amp;event=video_description&amp;v=hfpxjbb95l4&amp;q=https%3A%2F%2Fheraldodemexico.com.mx%2Fnacional%2F2020%2F8%2F13%2Felizabeth-la-asesinaron-unos-metros-de-sus-hijos-la-pandemia-le-roba-la-justicia-987.html\" target=\"_blank\" rel=\"noreferrer noopener\">https:\/\/heraldodemexico.com.mx\/nacion&#8230;<\/a> <\/li><\/ul>\n\n\n\n<ul class=\"wp-block-list\"><li>A Lita Obispo la estrangul\u00f3 su primo en su propia casa; \u00e9l se dio la fuga <a href=\"https:\/\/www.youtube.com\/redirect?redir_token=QUFFLUhqa0ItSWZEc1k5TWtYRlBIVWE2dDhTTXhFSXZIQXxBQ3Jtc0tuVHRESHFjUmd4V3J4a2hqYTlGWC1ucW5GZW5LVmIwTU1IRFNVOVVOSE9zd1BiZUpZdGxSdDk3cWMyNUE4WWQ0XzBVTzk5M0hzYjJVZUhRRE9TN0Iwc09zMHBWN0MxLS1NN3RzNmljcFcxejZ5di1IRQ%3D%3D&amp;event=video_description&amp;v=hfpxjbb95l4&amp;q=https%3A%2F%2Fheraldodemexico.com.mx%2Fpais%2Flita-obispo-la-estrangulo-su-primo-en-su-propia-casa-el-se-dio-la-fuga-feminicidios-mexico%2F\" target=\"_blank\" rel=\"noreferrer noopener\">https:\/\/heraldodemexico.com.mx\/pais\/l&#8230;<\/a> <\/li><\/ul>\n\n\n\n<ul class=\"wp-block-list\"><li>Tres hombres subieron al taxi de Nazaria Ira\u00eds, tres horas despu\u00e9s la violaron y asesinaron <a href=\"https:\/\/www.youtube.com\/redirect?redir_token=QUFFLUhqbHF5RzM1cllUZXdrYkktbDN3TG1UbmF3UXBuZ3xBQ3Jtc0tsOHI5QkNXWHBMdEI1c2ZQV0NHcjZxM2c4MWpVUDVKTC04R3liUkFrYXljMjVTejhJcGRNVlVCMjFYUXhpR2pkZVotc2JmbU1QZVRpbE1GZzlkVHFRVU96Zkl4ZW1Rd2d2LUxxUFhrV0tmN0hZZVRnTQ%3D%3D&amp;event=video_description&amp;v=hfpxjbb95l4&amp;q=https%3A%2F%2Fheraldodemexico.com.mx%2Fnacional%2F2020%2F9%2F24%2Ftres-hombres-subieron-al-taxi-de-nazaria-irais-tres-horas-despues-la-violaron-asesinaron-3878.html\" target=\"_blank\" rel=\"noreferrer noopener\">https:\/\/heraldodemexico.com.mx\/nacion&#8230;<\/a> <\/li><\/ul>\n\n\n\n<ul class=\"wp-block-list\"><li>Omar drog\u00f3 y estrangul\u00f3 a Elideth frente a su hijo; confes\u00f3 el crimen y huy\u00f3 <a href=\"https:\/\/www.youtube.com\/redirect?redir_token=QUFFLUhqa2tES3FOWUJISXRYVDR4SmNOY1pyYkcycFRUUXxBQ3Jtc0tuOGMzUDVNeExJUV8zRVNwWEhWeEl1c1ZQaHZUTUFFVDBKSXExREpISG53cXYtS2RNMDNOWGNpVTBiRGZVVFpUTDJ0dzJzZjVzeGFUNlRxQ2l0SjhkdzNRN1FYYzdoeHppZXgwMlZSTW8wMDJPMHhXcw%3D%3D&amp;event=video_description&amp;v=hfpxjbb95l4&amp;q=https%3A%2F%2Fheraldodemexico.com.mx%2Fnacional%2F2020%2F10%2F15%2Fomar-drogo-estrangulo-elideth-frente-su-hijo-confeso-el-crimen-huyo-215409.html\" target=\"_blank\" rel=\"noreferrer noopener\">https:\/\/heraldodemexico.com.mx\/nacion&#8230;<\/a><\/li><\/ul>\n\n\n\n<figure class=\"wp-block-gallery columns-2 is-cropped wp-block-gallery-1 is-layout-flex wp-block-gallery-is-layout-flex\"><ul class=\"blocks-gallery-grid\"><li class=\"blocks-gallery-item\"><figure><a href=\"https:\/\/redsemlac.com\/semmexico\/wp-content\/uploads\/2021\/01\/feminicidios-6.jpg\"><img loading=\"lazy\" decoding=\"async\" width=\"768\" height=\"910\" src=\"https:\/\/redsemlac.com\/semmexico\/wp-content\/uploads\/2021\/01\/feminicidios-6.jpg\" alt=\"\" data-id=\"31116\" data-full-url=\"https:\/\/redsemlac.com\/semmexico\/wp-content\/uploads\/2021\/01\/feminicidios-6.jpg\" data-link=\"https:\/\/redsemlac.com\/semmexico\/?attachment_id=31116\" class=\"wp-image-31116\"\/><\/a><figcaption class=\"blocks-gallery-item__caption\"><em>Gabriela Ayala se neg\u00f3 a tener un noviazgo con un compa\u00f1ero. En respuesta \u00e9l la mat\u00f3.<\/em><\/figcaption><\/figure><\/li><li class=\"blocks-gallery-item\"><figure><a href=\"https:\/\/redsemlac.com\/semmexico\/wp-content\/uploads\/2021\/01\/feminicidios-5.jpg\"><img loading=\"lazy\" decoding=\"async\" width=\"768\" height=\"875\" src=\"https:\/\/redsemlac.com\/semmexico\/wp-content\/uploads\/2021\/01\/feminicidios-5.jpg\" alt=\"\" data-id=\"31115\" data-full-url=\"https:\/\/redsemlac.com\/semmexico\/wp-content\/uploads\/2021\/01\/feminicidios-5.jpg\" data-link=\"https:\/\/redsemlac.com\/semmexico\/?attachment_id=31115\" class=\"wp-image-31115\"\/><\/a><figcaption class=\"blocks-gallery-item__caption\"><em>Familiares de Perla Vega han declarado que su exnovio la asesino tras terminar su relaci\u00f3n.<\/em><\/figcaption><\/figure><\/li><\/ul><\/figure>\n","protected":false},"excerpt":{"rendered":"<p>Seis fuentes consultadas confirman aumento de delitos contra las mujeres: violaci\u00f3n, acoso, hostigamiento, violencia familiar<\/p>\n","protected":false},"author":3,"featured_media":31118,"comment_status":"open","ping_status":"open","sticky":false,"template":"","format":"standard","meta":{"_monsterinsights_skip_tracking":false,"footnotes":""},"categories":[692,47,48],"tags":[],"class_list":["post-31110","post","type-post","status-publish","format-standard","has-post-thumbnail","category-692","category-no-mas-impunidad","category-no-mas-impunidad-no-mas-impunidad"],"_links":{"self":[{"href":"https:\/\/redsemlac.com\/semmexico\/wp-json\/wp\/v2\/posts\/31110","targetHints":{"allow":["GET"]}}],"collection":[{"href":"https:\/\/redsemlac.com\/semmexico\/wp-json\/wp\/v2\/posts"}],"about":[{"href":"https:\/\/redsemlac.com\/semmexico\/wp-json\/wp\/v2\/types\/post"}],"author":[{"embeddable":true,"href":"https:\/\/redsemlac.com\/semmexico\/wp-json\/wp\/v2\/users\/3"}],"replies":[{"embeddable":true,"href":"https:\/\/redsemlac.com\/semmexico\/wp-json\/wp\/v2\/comments?post=31110"}],"version-history":[{"count":0,"href":"https:\/\/redsemlac.com\/semmexico\/wp-json\/wp\/v2\/posts\/31110\/revisions"}],"wp:featuredmedia":[{"embeddable":true,"href":"https:\/\/redsemlac.com\/semmexico\/wp-json\/wp\/v2\/media\/31118"}],"wp:attachment":[{"href":"https:\/\/redsemlac.com\/semmexico\/wp-json\/wp\/v2\/media?parent=31110"}],"wp:term":[{"taxonomy":"category","embeddable":true,"href":"https:\/\/redsemlac.com\/semmexico\/wp-json\/wp\/v2\/categories?post=31110"},{"taxonomy":"post_tag","embeddable":true,"href":"https:\/\/redsemlac.com\/semmexico\/wp-json\/wp\/v2\/tags?post=31110"}],"curies":[{"name":"wp","href":"https:\/\/api.w.org\/{rel}","templated":true}]}}