{"id":31107,"date":"2021-01-26T21:56:26","date_gmt":"2021-01-26T21:56:26","guid":{"rendered":"https:\/\/redsemlac.com\/semmexico\/?p=31107"},"modified":"2023-07-21T16:46:24","modified_gmt":"2023-07-21T21:46:24","slug":"la-alta-costura-sigue-en-paris-pese-a-la-pandemia","status":"publish","type":"post","link":"https:\/\/redsemlac.com\/semmexico\/la-alta-costura-sigue-en-paris-pese-a-la-pandemia\/","title":{"rendered":"La alta costura sigue en Par\u00eds, pese a la pandemia"},"content":{"rendered":"\n<ul class=\"wp-block-list\"><li><strong>Mientras se adaptan a la nueva normalidad, las casas de moda se enfrentan al reto de mantener su caracter\u00edstica aura de fantas\u00eda<\/strong><\/li><\/ul>\n\n\n\n<p class=\"wp-block-paragraph\"><strong>Redacci\u00f3n\/El Sol de M\u00e9xico<\/strong><\/p>\n\n\n\n<p class=\"wp-block-paragraph\">SemM\u00e9xico\/El Sol de M\u00e9xico. Cd. de M\u00e9xico. 26 de enero 2021.- Luego de un Fashion Week con propuestas masculinas para el oto\u00f1o-invierno 2021, la Alta Costura, la rama m\u00e1s prestigiosa de la moda, presentar\u00e1 sus colecciones primavera-verano 2021 a partir de este lunes con una treintena de desfiles virtuales, retransmitidos en redes, con el dif\u00edcil reto de seguir despertando la fantas\u00eda del p\u00fablico, tras un dif\u00edcil contexto mundial.<\/p>\n\n\n\n<p class=\"wp-block-paragraph\">Hoy es el turno de Schiaparelli, Iris van Herpen, Christian Dior y Giambattista Valli; el martes desfilar\u00e1n Chanel y Valentino, as\u00ed como los creadores Alexis Mabille y Julien Fourni\u00e9; el mi\u00e9rcoles ser\u00e1 el turno de Marti Margiela y Fendi Couture, donde se descubrir\u00e1 el trabajo del dise\u00f1ador brit\u00e1nico Kim Jones y el jueves cierra la semana con Aelis y Raul Mishra, entre otros.<\/p>\n\n\n\n<p class=\"wp-block-paragraph\">La etiqueta de Alta Costura es como una denominaci\u00f3n de origen, no todas las maisons pueden presumir de formar parte y s\u00f3lo la C\u00e1mara Sindical de la Federaci\u00f3n de la Alta Costura y la Moda puede elegir a sus miembros cuando se cumplen ciertos requisitos, como tener un atelier en Par\u00eds con un m\u00ednimo de 20 trabajadores, realizar las prendas a mano y a medida y crear dos colecciones anuales.<\/p>\n\n\n\n<p class=\"wp-block-paragraph\">La preocupaci\u00f3n en Francia por la expansi\u00f3n del coronavirus mantiene las restricciones de aforo y reuni\u00f3n de p\u00fablico, lo que ha obligado a las marcas a organizarse para mostrar sus colecciones exclusivamente en l\u00ednea, as\u00ed como sucedi\u00f3 durante las presentaciones pr\u00eat-\u00e0-porter de moda hombre en Par\u00eds y Mil\u00e1n, que demostr\u00f3 c\u00f3mo algunas marcas logran adaptarse a la complicada situaci\u00f3n.<\/p>\n\n\n\n<p class=\"wp-block-paragraph\">Al respecto, la Federaci\u00f3n parece sentirse satisfecha con los retos que ha superado este a\u00f1o liderado una transformaci\u00f3n digital r\u00e1pida y forzada.<\/p>\n\n\n\n<p class=\"wp-block-paragraph\">\u00abLos creadores de moda y directores art\u00edsticos han integrado a\u00fan m\u00e1s el potencial del mundo digital y han ampliado sus colaboraciones con cineastas y actores de la escena creativa digital\u00bb, expres\u00f3 el presidente de la Federaci\u00f3n, Pascal Morand, durante una entrevista de una emisora local.<\/p>\n\n\n\n<p class=\"wp-block-paragraph\">Seg\u00fan Morand, la difusi\u00f3n en l\u00ednea de sus v\u00eddeos ha fomentado el eco de los desfiles y ha permitido recurrir a una creatividad que \u00abperdurar\u00e1 cuando volvamos en presencial\u00bb.<\/p>\n","protected":false},"excerpt":{"rendered":"<p>Mientras se adaptan a la nueva normalidad, las casas de moda se enfrentan al reto de mantener su caracter\u00edstica aura de fantas\u00eda<\/p>\n","protected":false},"author":3,"featured_media":31108,"comment_status":"open","ping_status":"open","sticky":false,"template":"","format":"standard","meta":{"_monsterinsights_skip_tracking":false,"footnotes":""},"categories":[692,135],"tags":[],"class_list":["post-31107","post","type-post","status-publish","format-standard","has-post-thumbnail","category-692","category-emergencia-sanitaria-covid-19"],"_links":{"self":[{"href":"https:\/\/redsemlac.com\/semmexico\/wp-json\/wp\/v2\/posts\/31107","targetHints":{"allow":["GET"]}}],"collection":[{"href":"https:\/\/redsemlac.com\/semmexico\/wp-json\/wp\/v2\/posts"}],"about":[{"href":"https:\/\/redsemlac.com\/semmexico\/wp-json\/wp\/v2\/types\/post"}],"author":[{"embeddable":true,"href":"https:\/\/redsemlac.com\/semmexico\/wp-json\/wp\/v2\/users\/3"}],"replies":[{"embeddable":true,"href":"https:\/\/redsemlac.com\/semmexico\/wp-json\/wp\/v2\/comments?post=31107"}],"version-history":[{"count":0,"href":"https:\/\/redsemlac.com\/semmexico\/wp-json\/wp\/v2\/posts\/31107\/revisions"}],"wp:featuredmedia":[{"embeddable":true,"href":"https:\/\/redsemlac.com\/semmexico\/wp-json\/wp\/v2\/media\/31108"}],"wp:attachment":[{"href":"https:\/\/redsemlac.com\/semmexico\/wp-json\/wp\/v2\/media?parent=31107"}],"wp:term":[{"taxonomy":"category","embeddable":true,"href":"https:\/\/redsemlac.com\/semmexico\/wp-json\/wp\/v2\/categories?post=31107"},{"taxonomy":"post_tag","embeddable":true,"href":"https:\/\/redsemlac.com\/semmexico\/wp-json\/wp\/v2\/tags?post=31107"}],"curies":[{"name":"wp","href":"https:\/\/api.w.org\/{rel}","templated":true}]}}