{"id":31102,"date":"2021-01-26T21:35:56","date_gmt":"2021-01-26T21:35:56","guid":{"rendered":"https:\/\/redsemlac.com\/semmexico\/?p=31102"},"modified":"2023-07-21T16:46:24","modified_gmt":"2023-07-21T21:46:24","slug":"agenda-legislativa-en-materia-de-salud-sera-prioridad-para-el-gppan","status":"publish","type":"post","link":"https:\/\/redsemlac.com\/semmexico\/agenda-legislativa-en-materia-de-salud-sera-prioridad-para-el-gppan\/","title":{"rendered":"Agenda legislativa en materia de salud ser\u00e1 prioridad para el GPPAN"},"content":{"rendered":"\n<ul class=\"wp-block-list\"><li><strong>Exige bancada panista transparentar plan nacional de vacunaci\u00f3n por Covid-19<\/strong><\/li><li><strong>\u00bfCon cu\u00e1ntas vacunas cuenta M\u00e9xico? \u00bfCu\u00e1ndo y c\u00f3mo se van a aplicar? \u00bfQu\u00e9 efectividad tienen?<\/strong><\/li><\/ul>\n\n\n\n<p class=\"wp-block-paragraph\"><strong>Redacci\u00f3n<\/strong><\/p>\n\n\n\n<p class=\"wp-block-paragraph\">SemM\u00e9xico\/Ceprovysa. Cd. de M\u00e9xico. 26 de enero 2021.- Con el objetivo de hacer un an\u00e1lisis de los temas que impulsar\u00e1 el Grupo Parlamentario del Partido Acci\u00f3n Nacional (GPPAN) en materia de salud, las senadoras y los senadores se reunieron en el marco de los trabajos de su reuni\u00f3n plenaria, de manera virtual, con el doctor Javier Tello Galnares, analista y comentarista pol\u00edtico, y con el doctor Jos\u00e9 \u00c1ngel C\u00f3rdova Villalobos, ex secretario de Salud.<\/p>\n\n\n\n<p class=\"wp-block-paragraph\">Las y los legisladores panistas acordaron que el tema de la salud y sus aristas ser\u00e1n prioritarios para la bancada durante el pr\u00f3ximo periodo ordinario de sesiones.<\/p>\n\n\n\n<p class=\"wp-block-paragraph\">En ese sentido, cuestionaron el plan de vacunaci\u00f3n del Gobierno federal por Covid-19, pues carece de transparencia e hizo un llamado a que sea el Consejo General de Salud quien encabece este esfuerzo nacional, en coordinaci\u00f3n con los estados y actores privados.<\/p>\n\n\n\n<p class=\"wp-block-paragraph\">Durante la reuni\u00f3n, las y los legisladores lamentaron la destrucci\u00f3n del sistema de salud mexicano y el uso pol\u00edtico de la pandemia que ha hecho el Gobierno federal.<\/p>\n\n\n\n<p class=\"wp-block-paragraph\">Adem\u00e1s, acusaron que este gobierno ha atentado contra la salud de los mexicanos con la desaparici\u00f3n del Seguro Popular, el p\u00e9simo manejo de la emergencia sanitaria, la disminuci\u00f3n del presupuesto destinado a la salud y la falta de transparencia en el manejo de dichos recursos, as\u00ed como el debilitamiento de las instituciones de este sector.<\/p>\n\n\n\n<p class=\"wp-block-paragraph\">Posteriormente, en conferencia de prensa virtual, senadoras y senadores reiteraron su exigencia de transparentar en el plan de vacunaci\u00f3n y dejar de lucrar pol\u00edticamente con la salud de los mexicanos, por lo que llamaron al gobierno a informar con cu\u00e1ntas vacunas cuenta M\u00e9xico, cu\u00e1ndo y c\u00f3mo se van a aplicar y cu\u00e1l es su porcentaje de eficacia.<\/p>\n\n\n\n<p class=\"wp-block-paragraph\">La senadora Alejandra Reynoso S\u00e1nchez sostuvo que no solo es preocupante la ineficacia que caracteriza a los gobiernos de Morena y sino el uso electorero de la vacuna, pues \u201cest\u00e1n utilizando el voto por vacuna, el haber adem\u00e1s oficializado la participaci\u00f3n de los servidores de la Naci\u00f3n sin facultades y el estar despreciando los brazos y la ayuda del Sistema Nacional de Salud que est\u00e1 en las entidades, que son quienes tienen la experiencia, que hay 35 mil centros de salud\u201d.<\/p>\n\n\n\n<p class=\"wp-block-paragraph\">Por su parte, la senadora Martha M\u00e1rquez Alvarado subray\u00f3 que el Presidente, una vez m\u00e1s, miente y enga\u00f1a, pues debe explicar que \u201crealmente aqu\u00ed nadie puede vender vacunas, nadie puede vender vacunas porque no est\u00e1n concluidas, porque est\u00e1n en la fase 3 y es entonces cuando la OMS, la Organizaci\u00f3n Mundial de la Salud, les da esta autorizaci\u00f3n de emergencia para que se fabriquen las vacunas, pero no es que todo mundo tenga que correr a comprar vacunas\u201d.<\/p>\n\n\n\n<p class=\"wp-block-paragraph\">En su turno, el senador Dami\u00e1n Zepeda Vidales se\u00f1al\u00f3 que la emergencia sanitaria ha agravado la crisis econ\u00f3mica, que est\u00e1 afectando terriblemente a los mexicanos, por lo que insisti\u00f3 en la propuesta panistas de entregar un apoyo directo a quienes hayan perdido su empleo, as\u00ed como a las empresas para salvar los trabajos.<\/p>\n\n\n\n<p class=\"wp-block-paragraph\">Finalmente, la senadora Kenia L\u00f3pez Rabad\u00e1n acus\u00f3 que la agenda legislativa del grupo mayoritario en el Poder Legislativo est\u00e1 distra\u00eda en los temas que s\u00f3lo le importan al Presidente, como la desaparici\u00f3n del outsourcing y las reformas a Ley del Banco de M\u00e9xico, y no en las necesidades que hoy enfrentan los ciudadanos por la emergencia de salud y la crisis econ\u00f3mica.<\/p>\n","protected":false},"excerpt":{"rendered":"<p>Exige bancada panista transparentar plan nacional de vacunaci\u00f3n por Covid-19<\/p>\n","protected":false},"author":3,"featured_media":31103,"comment_status":"open","ping_status":"open","sticky":false,"template":"","format":"standard","meta":{"_monsterinsights_skip_tracking":false,"footnotes":""},"categories":[692,50],"tags":[],"class_list":["post-31102","post","type-post","status-publish","format-standard","has-post-thumbnail","category-692","category-congreso"],"_links":{"self":[{"href":"https:\/\/redsemlac.com\/semmexico\/wp-json\/wp\/v2\/posts\/31102","targetHints":{"allow":["GET"]}}],"collection":[{"href":"https:\/\/redsemlac.com\/semmexico\/wp-json\/wp\/v2\/posts"}],"about":[{"href":"https:\/\/redsemlac.com\/semmexico\/wp-json\/wp\/v2\/types\/post"}],"author":[{"embeddable":true,"href":"https:\/\/redsemlac.com\/semmexico\/wp-json\/wp\/v2\/users\/3"}],"replies":[{"embeddable":true,"href":"https:\/\/redsemlac.com\/semmexico\/wp-json\/wp\/v2\/comments?post=31102"}],"version-history":[{"count":0,"href":"https:\/\/redsemlac.com\/semmexico\/wp-json\/wp\/v2\/posts\/31102\/revisions"}],"wp:featuredmedia":[{"embeddable":true,"href":"https:\/\/redsemlac.com\/semmexico\/wp-json\/wp\/v2\/media\/31103"}],"wp:attachment":[{"href":"https:\/\/redsemlac.com\/semmexico\/wp-json\/wp\/v2\/media?parent=31102"}],"wp:term":[{"taxonomy":"category","embeddable":true,"href":"https:\/\/redsemlac.com\/semmexico\/wp-json\/wp\/v2\/categories?post=31102"},{"taxonomy":"post_tag","embeddable":true,"href":"https:\/\/redsemlac.com\/semmexico\/wp-json\/wp\/v2\/tags?post=31102"}],"curies":[{"name":"wp","href":"https:\/\/api.w.org\/{rel}","templated":true}]}}