{"id":31096,"date":"2021-01-26T19:52:41","date_gmt":"2021-01-26T19:52:41","guid":{"rendered":"https:\/\/redsemlac.com\/semmexico\/?p=31096"},"modified":"2023-07-21T16:46:24","modified_gmt":"2023-07-21T21:46:24","slug":"no-mentiras","status":"publish","type":"post","link":"https:\/\/redsemlac.com\/semmexico\/no-mentiras\/","title":{"rendered":"No mentir\u00e1s\u2026"},"content":{"rendered":"\n<h2 class=\"wp-block-heading\"><strong>Entresemana<\/strong><\/h2>\n\n\n\n<p class=\"wp-block-paragraph\"><strong>Mois\u00e9s S\u00e1nchez Lim\u00f3n<\/strong><\/p>\n\n\n\n<p class=\"wp-block-paragraph\">SemM\u00e9xico, Cd. de M\u00e9xico, 26 de enero 2021.- \u00bfY si enfermarse, es, estrategia perversa? \u00a1Malhaya, qui\u00e9n dijo miedo!<\/p>\n\n\n\n<p class=\"wp-block-paragraph\">\u00c9rase que se era en la tierra del siempre jam\u00e1s que se enferm\u00f3 el pr\u00f3cer y con ello evidenci\u00f3 el grado de polarizaci\u00f3n social.<\/p>\n\n\n\n<p class=\"wp-block-paragraph\">Y hasta las amistades juradas y hermanazgo &nbsp;de sangre perdieron el respeto mutuo y apareci\u00f3 una falsa cuanto hip\u00f3crita conmiseraci\u00f3n que pretendi\u00f3 justificar simpat\u00eda por el dolor ajeno pero igual descalificar aut\u00e9nticos estados de \u00e1nimo que pululaban carentes de identidad en las redes y, mire usted, se airearon p\u00fablicamente sin rubor.<\/p>\n\n\n\n<p class=\"wp-block-paragraph\">\u00a1Ah!, esta tierra, en alg\u00fan tiempo, largo tiempo, tierra de caciques y neoliberales, gobernantes hijos de centauros y adelitas, licenciados y escribientes, clasemedieros y oportunistas que hicieron tierra y fortuna sobre la carne de ca\u00f1\u00f3n que era la misma ind\u00edgena y campesina pero diferente porque una fue armada por la leva y la otra por quienes aprovecharon el hartazgo hacia los afrancesados y churriguerescos gobernantes y se alzaron en armas y se enfrentaron en eso que llaman revoluci\u00f3n.<\/p>\n\n\n\n<p class=\"wp-block-paragraph\">Y los habitantes de esta tierra desde tiempos inmemoriales hicieron de las virtudes teologales (Fe, esperanza y caridad) el centro de su vida en sociedad pero pronto los pecados capitales llegaron de la mano del poder que se asi\u00f3 a uno toral que se ha vuelto praxis de vida, m\u00e9dula de una singular pr\u00e1ctica de enga\u00f1ar apenas nace el d\u00eda e insistir en que el oficiante es due\u00f1o de la verdad y que la palabra dicha desde Palacio, es palabra divina.<\/p>\n\n\n\n<p class=\"wp-block-paragraph\">Esa praxis de mentir. La mentira que no es t\u00edtulo de bolero pero s\u00ed un pecado que, \u00a1v\u00e1lgame Dios!, en el escenario pol\u00edtico no aplica y hasta pareciera virtud en aquel que sabe mentir con la verdad, aunque, reza la m\u00e1xima popular, en el pecado lleva la penitencia.<\/p>\n\n\n\n<p class=\"wp-block-paragraph\">Ser o no ser, mentir por deporte, convicci\u00f3n, encargo, manda\u2026 Le comparto el fragmento de un art\u00edculo que me encontr\u00e9:<\/p>\n\n\n\n<p class=\"wp-block-paragraph\">\u201c<a href=\"http:\/\/conozca.org\/?p=130\">Mentir es Pecado<\/a><\/p>\n\n\n\n<p class=\"wp-block-paragraph\">\u201cPor&nbsp;<a href=\"http:\/\/conozca.org\/?author=15\">David N. Zamora Montero<\/a>&nbsp;publicado originalmente en CONOZCA edici\u00f3n&nbsp;<a href=\"http:\/\/conozca.org\/?cat=4\">2010.1<\/a><\/p>\n\n\n\n<p class=\"wp-block-paragraph\">\u201cLlama la atenci\u00f3n la actitud que algunas personas asumen en determinadas ocasiones de la vida, al verse impulsadas a disfrazar, hiperbolizar o minimizar una respuesta que precisa de la m\u00e1s sincera, lac\u00f3nica y veraz confesi\u00f3n.<\/p>\n\n\n\n<p class=\"wp-block-paragraph\">\u201cPero a\u00fan es m\u00e1s llamativo, el sinn\u00famero de personas que hacen de la mentira parte de su estilo de vida, c\u00f3mo la incorporan a su personalidad o&nbsp;<em>status quo<\/em>&nbsp;con tanta naturalidad, que se convierten en profesionales del enga\u00f1o, de la hipocres\u00eda, de las medias verdades, de las evasivas y de las excusas e inaceptables justificaciones. Y muchas veces, ese inadmisible estilo de vida o proceder, se justifica u oculta tras el falso principio de que el&nbsp;<em>\u00abfin justifica los medios\u00bb<\/em>, o de la mal llamada&nbsp;<em>\u00abmoral de situaci\u00f3n\u00bb<\/em>. Pero no cabe la menor duda, la mentira no tiene justificaci\u00f3n alguna.<\/p>\n\n\n\n<p class=\"wp-block-paragraph\">\u201cNo existe un voto a favor de los \u00abmentirosos\u00bb. Tales personas jam\u00e1s son calificadas como serias e incluso pierden toda credibilidad. Mentir es una acci\u00f3n aborrecible, pervierte la moral, la \u00e9tica, lo espiritual y peor a\u00fan, denigra la personalidad humana. Dijo F. Rockert que \u201cEl que miente una vez, ha de acostumbrarse muchas veces a la mentira; porque para ocultar una mentira hacen falta otras siete.\u201d<\/p>\n\n\n\n<p class=\"wp-block-paragraph\">\u00bfSuscribe usted este art\u00edculo de David N. Zamora Montero? No tiene desperdicio; muestra, en cinemascope, a los pol\u00edticos de siempre, los mismos con diferentes siglas y colores, bander\u00edas que no implican compromiso, no, \u00bfpara qu\u00e9?, y se alzan simplemente ofertas de campa\u00f1a que, eso s\u00ed, se asumen como juramento popular destinado al olvido cuando de rendir cuentas se trata.<\/p>\n\n\n\n<p class=\"wp-block-paragraph\">\u00bfPor qu\u00e9 este largo pre\u00e1mbulo \u2013eufemismo de rollo dial\u00e9ctico&#8211; a un tema que es de suyo simple, porque mentir es mentir y tan tan (dir\u00eda mi asesora en jefa)?<\/p>\n\n\n\n<p class=\"wp-block-paragraph\">\u00bfRecuerda usted que el licenciado Andr\u00e9s Manuel, en una de esas homil\u00edas ma\u00f1aneras dijo que no mentir evitaba contagiarse de Covid-19?<\/p>\n\n\n\n<p class=\"wp-block-paragraph\">Bueno, pues ah\u00ed tiene usted que harta gente, especialmente del llamado pueblo bueno, le crey\u00f3 a pie juntillas al licenciado presidente y le vali\u00f3 queso usar el tapabocas y lavarse las manos y usar gel antibacterial, porque con no mentir y cargar, por aquello de las moscas, un colorido \u201cdetente\u201d el Covid-19 les hac\u00eda lo que el viento a Ju\u00e1rez, t\u00f3melo usted como apellido simple y sin alusi\u00f3n al Benem\u00e9rito de las Am\u00e9ricas.<\/p>\n\n\n\n<p class=\"wp-block-paragraph\">Pero, he ah\u00ed que de unos meses para ac\u00e1, casi desde que el doctor Hugo L\u00f3pez-Gatell y el licenciado L\u00f3pez Obrador presumieron con aquello de que ya se ve\u00eda la luz al final del t\u00fanel y que ya hab\u00edan domado a la pandemia o aplanado la curva y, en suma, le hab\u00edan partido su mandarina a la pandemia y \u00e9sta andaba lacia, lacia, comenzaron a enfermarse y hasta a morirse, diputados, senadores, funcionarios de los gobiernos federal y estatales.<\/p>\n\n\n\n<p class=\"wp-block-paragraph\">En parte ah\u00ed se cumpli\u00f3 la profec\u00eda de Luis Miguel Barbosa, el gober de Puebla que en uno de sus arrebatos dijo que los pobres no se contagiaban con el Covid, que \u00e9ste atacaba a los ricos, los machuchones y fif\u00eds. Bueno, no lo mencion\u00f3 literal pero lo dio a entender, dir\u00eda una colega de aquellos a\u00f1os de la reporteada sin celular ni lap top.<\/p>\n\n\n\n<p class=\"wp-block-paragraph\">Entonces, voy al punto, al licenciado Andr\u00e9s Manuel lo castig\u00f3 el \u201cdetente\u201d porque le cay\u00f3 con un mont\u00f3n de mentiras \u2013hasta el 1 de diciembre del a\u00f1o pasado contabilizaba cerca de 40 mil en 24 meses de gesti\u00f3n como inquilino de Palacio\u2014y le envi\u00f3 el Covid, \u00e9ste que ya cargaba cuando el pasado fin de semana anduvo de gira por Nuevo Le\u00f3n y San Luis Potos\u00ed.<\/p>\n\n\n\n<p class=\"wp-block-paragraph\">Dice Chucho Ram\u00edrez que, al pr\u00f3cer, le realizaron la prueba el s\u00e1bado en Nuevo Le\u00f3n y, el domingo por la tarde, declar\u00f3 que aunque poquito pero estaba contagiado de Covid. Y mire usted, lo confes\u00f3 en su cuenta de twitter despu\u00e9s de haber volado junto a varia gente y de codearse, durante dos d\u00edas, con un buen n\u00famero de funcionarios estatales, incluso el gobernador de Nuevo Le\u00f3n de plano se encerr\u00f3 en espera de no haberse contagiado. \u00bfY la familia? Dicen que do\u00f1a Beatriz Guti\u00e9rrez M\u00fcller y su hijo est\u00e1n bien, pero\u2026<\/p>\n\n\n\n<p class=\"wp-block-paragraph\">He aqu\u00ed que esta declaraci\u00f3n del licenciado presidente tiene tufo a Tongo. Me van a quemar en le\u00f1a verde los simpatizantes de Andr\u00e9s Manuel, pero hay elementos para considerar que casualmente el se\u00f1orpresidente se ha contagiado de Covid pero nada grave y se encuentra en sus habitaciones de Palacio Nacional acompa\u00f1ado del doctor Jorge Alcocer, quien cobra como secretario de Salud, y eminentes m\u00e9dicos que cuidan de su salud.<\/p>\n\n\n\n<p class=\"wp-block-paragraph\">\u00bfSe merece tanta y atenta atenci\u00f3n? \u00a1Por supuesto! No es cualquier mexicano, aunque por lo general es com\u00fan y corriente. \u00a1Es el Presidente de M\u00e9xico!, faltaba m\u00e1s. Y si se agrava mete en un aprieto al pa\u00eds, f\u00edjese que el s\u00f3lo anuncio de que est\u00e1 contagiado provoc\u00f3 que el peso perdiera terreno frente al d\u00f3lar.<\/p>\n\n\n\n<p class=\"wp-block-paragraph\">Qu\u00e9 no est\u00e1 grave. Buena noticia; que todo mundo, tooodo, se ha volcado a desearle buena salud y que sus simpatizantes comandados en las redes por el \u00ednclito Jenaro Villamil y el acad\u00e9mico John Ackerman, amenazan con plantarse frente a Palacio para rezar el santo rosario y hacer penitencia por la salud de Andr\u00e9s Manuel.<\/p>\n\n\n\n<p class=\"wp-block-paragraph\">Pero. \u00a1Vaya casualidad! Se contagia justo cuando el n\u00famero de muertos por Covid mord\u00eda los 150 mil y hay un esc\u00e1ndalo en puerta por las vacunas que se compraron pero no se compraron, am\u00e9n de que en el Corporativo Morena, S.A., el gerente Mario Delgado tiene complicado el programa de elecci\u00f3n de candidatos y se le acusa de incurrir no s\u00f3lo en aquellas pr\u00e1cticas que critican y detestan en el PRI y el PAN, sino superarlas, con el real descenso de la popularidad en el top ten, el de verdad y no el de la organizaci\u00f3n patito neoyorkina, y etc\u00e9tera y etc\u00e9tera que incluye la galopante corrupci\u00f3n.<\/p>\n\n\n\n<p class=\"wp-block-paragraph\">La estrategia es elemental: enf\u00e9rmate, Andr\u00e9s Manuel: enf\u00e9rmate aunque sea poquito. Victim\u00edzate porque de otra suerte, en los comicios que habr\u00e1n de dirimirse el 6 de junio pr\u00f3ximo en las urnas, Morena morder\u00e1 el polvo y perder\u00e1s la mayor\u00eda legislativa que requieres en la C\u00e1mara de Diputados para hacer lo que te venga en gana y lograr el desmantelamiento de la estructura neoliberal. Tu 4T se ir\u00eda por el ca\u00f1o.<\/p>\n\n\n\n<p class=\"wp-block-paragraph\">En efecto, es un desprop\u00f3sito de mala madre desear la muerte al pr\u00f3jimo, aunque, reitero, hay quienes han asumido la p\u00fablica e hip\u00f3crita actitud de conmiseraci\u00f3n cuando en privado canonizan al Covid.<\/p>\n\n\n\n<p class=\"wp-block-paragraph\">Pero, no descarto esa estrategia, elemental estrategia recomendada en situaciones de crisis cuando el poder se escurre entre los dedos merced al irreverente y ofensivo populismo embadurnado de politiquer\u00eda. \u00bfTe enfermaste, Andr\u00e9s Manuel? Lo lamento pero la mentira es la mentira y nunca un secreto es para siempre. Ah\u00ed vienen las campa\u00f1as. Digo.<\/p>\n\n\n\n<p class=\"wp-block-paragraph\"><a href=\"mailto:sanchezlimon@gmail.com\">sanchezlimon@gmail.com<\/a><\/p>\n\n\n\n<p class=\"wp-block-paragraph\"><a href=\"http:\/\/www.entresemana.mx\">www.entresemana.mx<\/a><\/p>\n\n\n\n<p class=\"wp-block-paragraph\"><strong>@msanchezlimon @msanchezlimon1<\/strong><\/p>\n","protected":false},"excerpt":{"rendered":"<p>\u00bfY si enfermarse, es, estrategia perversa? \u00a1Malhaya, qui\u00e9n dijo miedo!<\/p>\n","protected":false},"author":3,"featured_media":15805,"comment_status":"open","ping_status":"open","sticky":false,"template":"","format":"standard","meta":{"_monsterinsights_skip_tracking":false,"footnotes":""},"categories":[692,105,83,35],"tags":[],"class_list":["post-31096","post","type-post","status-publish","format-standard","has-post-thumbnail","category-692","category-entresemana","category-moises-sanchez-limon","category-opinion"],"_links":{"self":[{"href":"https:\/\/redsemlac.com\/semmexico\/wp-json\/wp\/v2\/posts\/31096","targetHints":{"allow":["GET"]}}],"collection":[{"href":"https:\/\/redsemlac.com\/semmexico\/wp-json\/wp\/v2\/posts"}],"about":[{"href":"https:\/\/redsemlac.com\/semmexico\/wp-json\/wp\/v2\/types\/post"}],"author":[{"embeddable":true,"href":"https:\/\/redsemlac.com\/semmexico\/wp-json\/wp\/v2\/users\/3"}],"replies":[{"embeddable":true,"href":"https:\/\/redsemlac.com\/semmexico\/wp-json\/wp\/v2\/comments?post=31096"}],"version-history":[{"count":0,"href":"https:\/\/redsemlac.com\/semmexico\/wp-json\/wp\/v2\/posts\/31096\/revisions"}],"wp:featuredmedia":[{"embeddable":true,"href":"https:\/\/redsemlac.com\/semmexico\/wp-json\/wp\/v2\/media\/15805"}],"wp:attachment":[{"href":"https:\/\/redsemlac.com\/semmexico\/wp-json\/wp\/v2\/media?parent=31096"}],"wp:term":[{"taxonomy":"category","embeddable":true,"href":"https:\/\/redsemlac.com\/semmexico\/wp-json\/wp\/v2\/categories?post=31096"},{"taxonomy":"post_tag","embeddable":true,"href":"https:\/\/redsemlac.com\/semmexico\/wp-json\/wp\/v2\/tags?post=31096"}],"curies":[{"name":"wp","href":"https:\/\/api.w.org\/{rel}","templated":true}]}}