{"id":31083,"date":"2021-01-26T00:31:04","date_gmt":"2021-01-26T00:31:04","guid":{"rendered":"https:\/\/redsemlac.com\/semmexico\/?p=31083"},"modified":"2023-07-21T16:46:25","modified_gmt":"2023-07-21T21:46:25","slug":"ejecuta-fiscalia-de-q-r-acciones-por-delitos-de-violencia-contra-mujeres","status":"publish","type":"post","link":"https:\/\/redsemlac.com\/semmexico\/ejecuta-fiscalia-de-q-r-acciones-por-delitos-de-violencia-contra-mujeres\/","title":{"rendered":"Ejecuta Fiscal\u00eda de Q.R. acciones por delitos de violencia contra mujeres"},"content":{"rendered":"\n<ul class=\"wp-block-list\"><li><strong>Han sido detenidos cuatro sujetos por su probable participaci\u00f3n en un feminicidio<\/strong><\/li><li><strong>Es detenido un agresor sexual y otro por violencia familiar<\/strong><\/li><\/ul>\n\n\n\n<p class=\"wp-block-paragraph\"><strong>\u00c1ngeles G\u00f3mez<\/strong><\/p>\n\n\n\n<p class=\"wp-block-paragraph\">SemM\u00e9xico, Canc\u00fan, Quintana Roo, 25 de enero, 2021.- La Fiscal\u00eda General de esta entidad inform\u00f3 que han sido aprehendidos dos personas como probables responsables de un feminicidio ocurrido el 5 de diciembre pasado, con lo que suman cuatro personas detenidas.<\/p>\n\n\n\n<p class=\"wp-block-paragraph\">De acuerdo con el fiscal \u00d3scar Montes de Oca dio que con la detenci\u00f3n de Lucio \u201cM\u201d y Carlos \u201cA\u201d, como probables participantes en el feminicidio del 5 de diciembre pasado, se cumple una orden de aprehensi\u00f3n y suman hasta ahora cuatro personas detenidas por el mismo hecho, dos de ellas detenidas el 10 de diciembre pasado: Rub\u00e9n \u201cE\u201d y Josu\u00e9 \u201cI\u201d.<\/p>\n\n\n\n<p class=\"wp-block-paragraph\">La Fiscal\u00eda quintanarroense tambi\u00e9n inform\u00f3 que fue vinculado a proceso Juan \u201cN\u201d por el delito de abuso sexual en contra de un menor de edad, hecho en el que intervinieron fiscales del Ministerio P\u00fablico adscritos a la Fiscal\u00eda Especializada en Delitos contra la Libertad Sexual y el Libre Desarrollo de la Personalidad.<\/p>\n\n\n\n<p class=\"wp-block-paragraph\">De acuerdo con las primeras investigaciones, los hechos que se le atribuyen al imputado ocurrieron en una vivienda ubicada en el fraccionamiento Villas del Sol, donde el ahora detenido probablemente cometi\u00f3 el delito en repetidas ocasiones aprovechando la cercan\u00eda familiar que ten\u00eda con la v\u00edctima.<\/p>\n\n\n\n<p class=\"wp-block-paragraph\">Como medida cautelar se decret\u00f3 prisi\u00f3n preventiva y se concedieron dos meses para el cierre de la investigaci\u00f3n complementaria.<\/p>\n\n\n\n<p class=\"wp-block-paragraph\">Se inform\u00f3 que el mismo sujeto enfrenta un proceso de violencia familiar.<\/p>\n\n\n\n<p class=\"wp-block-paragraph\">Otra acci\u00f3n en contra de delitos de violencia machista fue captura Leandro \u201cB\u201d por delitos de violencia familiar, hechos ocurridos en 2015 y 2020.<\/p>\n\n\n\n<p class=\"wp-block-paragraph\">Este hecho correspondi\u00f3 a la Fiscal\u00eda Especializada en atenci\u00f3n de Delitos contra la Mujer y por Razones de G\u00e9nero quienes lograron la detenci\u00f3n de Juan \u201cN\u201d quien violent\u00f3 a su pareja en varias ocasiones.<\/p>\n\n\n\n<p class=\"wp-block-paragraph\">SEM\/ag\/sj<\/p>\n","protected":false},"excerpt":{"rendered":"<p>Han sido detenidos cuatro sujetos por su probable participaci\u00f3n en un feminicidio<\/p>\n","protected":false},"author":3,"featured_media":23156,"comment_status":"open","ping_status":"open","sticky":false,"template":"","format":"standard","meta":{"_monsterinsights_skip_tracking":false,"footnotes":""},"categories":[692,51],"tags":[],"class_list":["post-31083","post","type-post","status-publish","format-standard","has-post-thumbnail","category-692","category-ejecutivo"],"_links":{"self":[{"href":"https:\/\/redsemlac.com\/semmexico\/wp-json\/wp\/v2\/posts\/31083","targetHints":{"allow":["GET"]}}],"collection":[{"href":"https:\/\/redsemlac.com\/semmexico\/wp-json\/wp\/v2\/posts"}],"about":[{"href":"https:\/\/redsemlac.com\/semmexico\/wp-json\/wp\/v2\/types\/post"}],"author":[{"embeddable":true,"href":"https:\/\/redsemlac.com\/semmexico\/wp-json\/wp\/v2\/users\/3"}],"replies":[{"embeddable":true,"href":"https:\/\/redsemlac.com\/semmexico\/wp-json\/wp\/v2\/comments?post=31083"}],"version-history":[{"count":0,"href":"https:\/\/redsemlac.com\/semmexico\/wp-json\/wp\/v2\/posts\/31083\/revisions"}],"wp:featuredmedia":[{"embeddable":true,"href":"https:\/\/redsemlac.com\/semmexico\/wp-json\/wp\/v2\/media\/23156"}],"wp:attachment":[{"href":"https:\/\/redsemlac.com\/semmexico\/wp-json\/wp\/v2\/media?parent=31083"}],"wp:term":[{"taxonomy":"category","embeddable":true,"href":"https:\/\/redsemlac.com\/semmexico\/wp-json\/wp\/v2\/categories?post=31083"},{"taxonomy":"post_tag","embeddable":true,"href":"https:\/\/redsemlac.com\/semmexico\/wp-json\/wp\/v2\/tags?post=31083"}],"curies":[{"name":"wp","href":"https:\/\/api.w.org\/{rel}","templated":true}]}}