{"id":31068,"date":"2021-01-25T23:07:03","date_gmt":"2021-01-25T23:07:03","guid":{"rendered":"https:\/\/redsemlac.com\/semmexico\/?p=31068"},"modified":"2023-07-21T16:46:25","modified_gmt":"2023-07-21T21:46:25","slug":"ong-piden-justicia-por-defensor-comunitario-asesinado-en-oaxaca","status":"publish","type":"post","link":"https:\/\/redsemlac.com\/semmexico\/ong-piden-justicia-por-defensor-comunitario-asesinado-en-oaxaca\/","title":{"rendered":"ONG piden justicia por defensor comunitario asesinado en Oaxaca"},"content":{"rendered":"\n<ul class=\"wp-block-list\"><li><strong>Este fin de semana se cometi\u00f3 el homicidio en contra de Fidel Heras Cruz<\/strong><\/li><li><strong>DDHPO conden\u00f3 los hechos y orden\u00f3 medidas de protecci\u00f3n<\/strong><\/li><\/ul>\n\n\n\n<p class=\"wp-block-paragraph\"><strong>Libertad L\u00f3pez<\/strong><\/p>\n\n\n\n<p class=\"wp-block-paragraph\">SemM\u00e9xico, Oaxaca, 25 de enero, 2021.- El defensor comunitario Fidel Heras Cruz, quien se desempe\u00f1aba como presidente del Comisariado Ejidal de Paso de la Reyna, de donde era originario, fue asesinado este fin de semana, del hecho no se descarta un m\u00f3vil pol\u00edtico, debido a su activa defensa del territorio y del R\u00edo Verde.<\/p>\n\n\n\n<p class=\"wp-block-paragraph\">El tambi\u00e9n integrante activo del Consejo de Pueblos Unidos por la Defensa del R\u00edo Verde (COPUDEVER), fue asesinado al interior de su camioneta donde fue localizado el cuerpo con impactos de arma de fuego, alrededor de las seis de la tarde, a 300 metros de la entrada a la comunidad La Esperanza, perteneciente al municipio de Santiago Jamiltepec, Oaxaca, se\u00f1ala un comunicado emitido por varias organizaciones, entre ellas Educa (Servicios para una Educaci\u00f3n Alternativa).<\/p>\n\n\n\n<p class=\"wp-block-paragraph\">Las autoridades de la agencia de Paso de la Reyna mencionaron que el pasado 21 de enero, Fidel Heras recibi\u00f3 un \u201can\u00f3nimo\u201d con amenazas de muerte, el cual se encontraba al interior de una bolsa en las obras de construcci\u00f3n de la sede del Comisariado.<\/p>\n\n\n\n<p class=\"wp-block-paragraph\">En esos mismos d\u00edas el propio agente, Filogonio Mart\u00ednez Merino, fue alertado de la presencia de una camioneta sospechosa con dos personas a bordo, en el paraje denominado \u201cEl Zanate\u201d, el agente dio parte a la polic\u00eda municipal y pidi\u00f3 le acompa\u00f1aran y escoltaran hasta llegar a la comunidad.<\/p>\n\n\n\n<p class=\"wp-block-paragraph\">En este contexto, desde el a\u00f1o 2019 la presidenta municipal de Santiago Jamiltepec, Celia Rivas M\u00e1rquez, insisti\u00f3 en entrar al R\u00edo Verde para extraer material p\u00e9treo. La comunidad inicialmente se opuso y ante esto se vio obligada a suscribir un convenio, sin embargo, debido a la falta de cumplimiento del mismo, en varias ocasiones la comunidad se neg\u00f3 a que continuara con la explotaci\u00f3n del r\u00edo.<\/p>\n\n\n\n<p class=\"wp-block-paragraph\">La crisis m\u00e1s grave se present\u00f3 en agosto de 2020, cuando la familia Iglesias y la presidenta municipal presionaron a las autoridades ejidales para aumentar el volumen de extracci\u00f3n, sin hacer los pagos correspondientes, ni presentar ning\u00fan permiso ambiental por las afectaciones al r\u00edo.<\/p>\n\n\n\n<p class=\"wp-block-paragraph\">En diciembre de 2020 dejaron de extraer el material y abandonaron provisionalmente su maquinaria en la jurisdicci\u00f3n del ejido de Paso de la Reyna. A los pocos d\u00edas del abandono, la maquinaria sufri\u00f3 da\u00f1os menores, esto ocasion\u00f3 el enojo de Manuel Iglesias, hijo del difunto Chulindo Iglesias, cacique de la regi\u00f3n, quien se ostenta como concesionario del r\u00edo. Manuel Iglesias exigi\u00f3 entonces el pago de da\u00f1os y lanz\u00f3 amenazas en contra de Fidel Heras.<\/p>\n\n\n\n<p class=\"wp-block-paragraph\">El domingo 17 de enero de 2021 se celebr\u00f3 una asamblea de ejidatarios donde Fidel Heras rindi\u00f3 un informe sobre la situaci\u00f3n de la explotaci\u00f3n del material p\u00e9treo y del avance de la construcci\u00f3n del edificio que albergar\u00e1 la sede del comisariado y que fue donde se acord\u00f3 invertir los recursos de la extracci\u00f3n.<\/p>\n\n\n\n<p class=\"wp-block-paragraph\">Algunos ejidatarios se\u00f1alan que se mencion\u00f3 un adeudo de m\u00e1s de 500 mil pesos por parte de la familia Iglesias a la comunidad y que tambi\u00e9n se mencion\u00f3 que era importante que el comisariado cobrar\u00e1 el adeudo.<\/p>\n\n\n\n<p class=\"wp-block-paragraph\">Debido a estos acontecimientos, previos al crimen cometido contra el defensor comunitario y autoridad ejidal de Paso de la Reyna, Fidel Heras Cruz, no se descarta un m\u00f3vil pol\u00edtico en esta ejecuci\u00f3n, debido a su activa defensa del territorio y del R\u00edo Verde. Adem\u00e1s de los antecedentes de defensa del territorio en contra de la construcci\u00f3n del Proyecto Hidroel\u00e9ctrico Paso de la Reina y del Proyecto Hidroel\u00e9ctrico R\u00edo Verde.<\/p>\n\n\n\n<p class=\"wp-block-paragraph\">Las organizaciones que firman el comunicado exigieron al Gobierno del Estado de Oaxaca su intervenci\u00f3n, en el \u00e1mbito de sus atribuciones, para dar seguimiento hasta el esclarecimiento de los hechos y brindar atenci\u00f3n a quienes hacemos esta denuncia. A la Fiscal\u00eda General del Estado le pidieron que abra la carpeta de investigaci\u00f3n correspondiente, sin descartar ninguna de las causas mencionadas en el presente escrito. Y a la Defensor\u00eda de los Derechos Humanos del Pueblo de Oaxaca le solicitaron otorgar medidas cautelares a las autoridades ejidales, municipales y a las y los defensores de Paso de la Reina.<\/p>\n\n\n\n<p class=\"wp-block-paragraph\">El comunicado fue firmado por el Consejo de Pueblos Unidos por la Defensa del R\u00edo Verde- COPUDEVER, Autoridades agrarias y municipales del ejido Paso de la Reyna; Santiago Jamiltepec; Red de Defensoras y Defensores Comunitarios de los Pueblos de Oaxaca \u2013REDECOM, Servicios para una Educaci\u00f3n Alternativa A.C-EDUCA y Ecosta Yutu Cuii.<\/p>\n\n\n\n<h2 class=\"wp-block-heading\"><strong>232 indagatorias relacionadas con violaciones a derechos humanos<\/strong><\/h2>\n\n\n\n<p class=\"wp-block-paragraph\">Por su parte, como era de esperarse, la Defensor\u00eda de los Derechos Humanos del Pueblo de Oaxaca conden\u00f3 el homicidio del defensor comunitario e integrante del Copudever, por lo que inici\u00f3 el expediente DDHPO\/CA\/022\/ (09)\/OAX\/2021 y pidi\u00f3 a la Fiscal\u00eda General de Justicia del Estado (FGJE) dictar las medidas de protecci\u00f3n necesarias a las personas que resulten v\u00edctimas directas e indirectas, para garantizar su integridad.<\/p>\n\n\n\n<p class=\"wp-block-paragraph\">Asimismo, requiri\u00f3 a la Secretar\u00eda de Seguridad P\u00fablica la implementaci\u00f3n de rondines de vigilancia en el tramo correspondiente de la agencia municipal Paso de La Reina a la cabecera de Santiago Jamiltepec, Oaxaca y el paraje la Esperanza, sitio donde ocurri\u00f3 el ataque.<\/p>\n\n\n\n<p class=\"wp-block-paragraph\">La instituci\u00f3n se\u00f1al\u00f3 que entre 2015 y 2020, ha iniciado 232 indagatorias relacionadas con violaciones a derechos humanos, cometidas contra personas defensoras de derechos humanos.<\/p>\n\n\n\n<p class=\"wp-block-paragraph\">SEM\/sj<\/p>\n","protected":false},"excerpt":{"rendered":"<p>Este fin de semana se cometi\u00f3 el homicidio en contra de Fidel Heras Cruz<\/p>\n","protected":false},"author":3,"featured_media":31063,"comment_status":"open","ping_status":"open","sticky":false,"template":"","format":"standard","meta":{"_monsterinsights_skip_tracking":false,"footnotes":""},"categories":[692,47,48],"tags":[],"class_list":["post-31068","post","type-post","status-publish","format-standard","has-post-thumbnail","category-692","category-no-mas-impunidad","category-no-mas-impunidad-no-mas-impunidad"],"_links":{"self":[{"href":"https:\/\/redsemlac.com\/semmexico\/wp-json\/wp\/v2\/posts\/31068","targetHints":{"allow":["GET"]}}],"collection":[{"href":"https:\/\/redsemlac.com\/semmexico\/wp-json\/wp\/v2\/posts"}],"about":[{"href":"https:\/\/redsemlac.com\/semmexico\/wp-json\/wp\/v2\/types\/post"}],"author":[{"embeddable":true,"href":"https:\/\/redsemlac.com\/semmexico\/wp-json\/wp\/v2\/users\/3"}],"replies":[{"embeddable":true,"href":"https:\/\/redsemlac.com\/semmexico\/wp-json\/wp\/v2\/comments?post=31068"}],"version-history":[{"count":0,"href":"https:\/\/redsemlac.com\/semmexico\/wp-json\/wp\/v2\/posts\/31068\/revisions"}],"wp:featuredmedia":[{"embeddable":true,"href":"https:\/\/redsemlac.com\/semmexico\/wp-json\/wp\/v2\/media\/31063"}],"wp:attachment":[{"href":"https:\/\/redsemlac.com\/semmexico\/wp-json\/wp\/v2\/media?parent=31068"}],"wp:term":[{"taxonomy":"category","embeddable":true,"href":"https:\/\/redsemlac.com\/semmexico\/wp-json\/wp\/v2\/categories?post=31068"},{"taxonomy":"post_tag","embeddable":true,"href":"https:\/\/redsemlac.com\/semmexico\/wp-json\/wp\/v2\/tags?post=31068"}],"curies":[{"name":"wp","href":"https:\/\/api.w.org\/{rel}","templated":true}]}}