{"id":31019,"date":"2021-01-25T17:57:40","date_gmt":"2021-01-25T17:57:40","guid":{"rendered":"https:\/\/redsemlac.com\/semmexico\/?p=31019"},"modified":"2023-07-21T16:46:26","modified_gmt":"2023-07-21T21:46:26","slug":"los-caminos-de-la-maternidad-decisiones-usurpadas","status":"publish","type":"post","link":"https:\/\/redsemlac.com\/semmexico\/los-caminos-de-la-maternidad-decisiones-usurpadas\/","title":{"rendered":"Los caminos de la maternidad, decisiones usurpadas"},"content":{"rendered":"\n<h2 class=\"wp-block-heading\"><strong>Desde la Mano Izquierda<\/strong><\/h2>\n\n\n\n<p class=\"wp-block-paragraph\"><strong>Claudia Almaguer<\/strong><\/p>\n\n\n\n<p class=\"wp-block-paragraph\">SemM\u00e9xico, San Luis Potos\u00ed, SLP, 25 de enero, 2020.- Recientemente, el film denominado \u201cFragmentos de una mujer\u201d ha vuelto a poner de relieve la traves\u00eda &nbsp;o f\u00edsica y psicol\u00f3gica que recorremos &nbsp;las mujeres durante el embarazo, el parto y el puerperio, un camino sumamente dif\u00edcil resumido por el diccionario en t\u00e9rminos como la pre\u00f1ez:&nbsp;<strong>dicho de una mujer, de una hembra de cualquier especie que ha concebido y tiene el feto o la criatura en el vientre.&nbsp;<\/strong><\/p>\n\n\n\n<p class=\"wp-block-paragraph\">Veamos algo, el embarazo dura 266 d\u00edas aproximadamente, agranda el \u00fatero y las mamas, puede producir afectaciones como la diabetes gestacional, la preeclampsia y s\u00edntomas delicados como convulsiones, temblores, hinchaz\u00f3n, infecciones, cefaleas, n\u00e1useas, mareos, trastornos visuales o hemorragias. As\u00ed mismo implica un trabajo extra para \u00f3rganos como el coraz\u00f3n y profundos cambios hormonales que preparan el nacimiento.&nbsp;<strong>Es decir, tan relevante y transformador y peligroso y complejo es, que deber\u00eda decidirse libremente siempre.<\/strong><\/p>\n\n\n\n<p class=\"wp-block-paragraph\">Aprovecho el contexto de esa pel\u00edcula, porque a diferencia del resto no presenta el parto bajo las formas tradicionales, es decir no estamos en el escenario cursi de toda la vida, sino en un proceso biol\u00f3gico vivido en los cuerpos de las mujeres, all\u00ed donde el cuello del \u00fatero se dilata a lo largo de horas o d\u00edas, entre contracciones y circunstancias que no siempre terminan con el nacimiento feliz de un ser humano nuevo.&nbsp;<\/p>\n\n\n\n<p class=\"wp-block-paragraph\">Adem\u00e1s, implica a seg\u00fan qu\u00e9 privilegios, no es lo mismo lo visto en la pel\u00edcula, finalmente una mujer en un pa\u00eds de primer mundo donde la p\u00e9rdida de un hijo se reconoce en toda su extensi\u00f3n emocional, a la realidad padecida por los contextos de pobreza y desigualdad de las mujeres en pa\u00edses de ingresos bajos y que de acuerdo a la Organizaci\u00f3n Mundial de la Salud&nbsp;<strong>dan con 2,4 millones de muertes de reci\u00e9n nacidos y de 830 mujeres diariamente derivadas de complicaciones evitables.<\/strong><\/p>\n\n\n\n<p class=\"wp-block-paragraph\"><strong>Lo repetimos todas las veces necesarias, la gestaci\u00f3n se produce en el cuerpo de las mujeres y sin embargo sigue siendo un acto definido, castigado, expropiado y vendido por otros, donde lo m\u00e1s importante es evitar a toda costa que seamos nosotras quienes tomemos las decisiones, aunque las consecuencias nos atraviesen.&nbsp;<\/strong><\/p>\n\n\n\n<p class=\"wp-block-paragraph\"><strong>Usemos a M\u00e9xico de ejemplo, cuando la decisi\u00f3n es no continuar con un embarazo, la posibilidad de hacerlo de manera segura se ve obstaculizada por la criminalizaci\u00f3n del aborto,<\/strong>&nbsp;penado en todo el pa\u00eds con excepci\u00f3n de Ciudad de M\u00e9xico y Oaxaca, un contexto jur\u00eddico que conduce no a su evitaci\u00f3n sino a su invisibilidad. De acuerdo a las \u00faltimas observaciones del Comit\u00e9 para la Eliminaci\u00f3n de la Discriminaci\u00f3n contra la Mujer, miles de mujeres y ni\u00f1as se someten a abortos peligrosos en condiciones clandestinas que pueden conducir a riesgos de salud irreversibles y a la muerte.&nbsp;<\/p>\n\n\n\n<p class=\"wp-block-paragraph\">Ahora bien<strong>, si la decisi\u00f3n es llevar a t\u00e9rmino la gestaci\u00f3n<\/strong>, los derechos humanos en este \u00e1mbito incluyen el acceso a servicios de salud reproductiva de calidad, a recibir un trato digno y no ser sometida a discriminaci\u00f3n, a ninguna forma de violencia o trato degradante, ni estereotipos, ni actos sin consentimiento como la aplicaci\u00f3n de m\u00e9todos anticonceptivos o la esterilizaci\u00f3n forzada.&nbsp;<\/p>\n\n\n\n<p class=\"wp-block-paragraph\">Nuevamente encontraremos una realidad distinta, la aplicaci\u00f3n de procedimientos innecesarios y contrarios a las recomendaciones de la Organizaci\u00f3n Mundial de la Salud,&nbsp;<strong>como la ces\u00e1rea, realizada en 45 de cada 100 nacimientos en M\u00e9xico, la episiotom\u00eda usada en un 30% adem\u00e1s de pr\u00e1cticas y conductas abiertamente violentas&nbsp;<\/strong>como las descritas en el Informe de la Relatora Especial sobre violencia contra la mujer de la Organizaci\u00f3n de las Naciones Unidas, respecto a la denuncia que hicieron mujeres ind\u00edgenas de Guerrero sobre comentarios ofensivos y falta de conocimiento de su cultura tradicional:&nbsp;<\/p>\n\n\n\n<p class=\"wp-block-paragraph\">\u201cLas mujeres del nivel socioecon\u00f3mico m\u00e1s bajo han relatado haber sido humilladas por los trabajadores sanitarios debido a su pobreza o su incapacidad para leer o escribir, por vivir en zonas rurales o barrios marginales o por estar sucias o desali\u00f1adas.\u201d<\/p>\n\n\n\n<p class=\"wp-block-paragraph\"><strong>Adem\u00e1s, la salud materna ni siquiera est\u00e1 garantizada, en cifras, para el a\u00f1o 2019 se produjeron 695 defunciones de mujeres<\/strong>&nbsp;en el pa\u00eds por causas como hemorragias, enfermedad hipertensiva, aborto, complicaciones en el embarazo, parto y puerperio, con una Raz\u00f3n de Mortalidad Materna superior a la nacional en Oaxaca, Veracruz, Jalisco, Ciudad de M\u00e9xico, Tabasco, Michoac\u00e1n, Chihuahua, Nayarit, Quintana Roo, Chiapas, Tlaxcala, Durango y Guerrero.&nbsp;<\/p>\n\n\n\n<p class=\"wp-block-paragraph\"><strong>Para 2020 ha ido a peor, el n\u00famero increment\u00f3 a 934 muertes causadas principalmente por Covid-19 confirmado<\/strong>&nbsp;o probable, por enfermedad hipertensiva, hemorragia obst\u00e9trica, complicaciones del embarazo, parto y puerperio, as\u00ed como por \u201cenfermedad del sistema respiratorio que complica el embarazo\u201d, con una Raz\u00f3n de Mortalidad Materna superior a la nacional en: Morelos, Tlaxcala, Sonora, Ciudad de M\u00e9xico, Michoac\u00e1n, Estado de M\u00e9xico, Yucat\u00e1n, Baja California, Chiapas, Oaxaca, Tamaulipas, San Luis Potos\u00ed, Zacatecas, Nayarit, Tabasco, Sinaloa, Guerrero, Chihuahua, y Quintana Roo. Es decir, la emergencia del coronavirus arras\u00f3 con el acceso de calidad a los servicios de salud para las mujeres al momento de pretender un embarazo y un parto seguro.&nbsp;<\/p>\n\n\n\n<p class=\"wp-block-paragraph\">Y se pregunta una, con semejantes pendientes, cuando no hay autonom\u00eda reproductiva reconocida, ni derecho a decidir, ni muchas posibilidades de acceder una vida libre de violencia ni siquiera en este momento de la vida o al menos unas condiciones b\u00e1sicas de buen trato, de garant\u00eda de la salud para las mujeres y sus hijos, como derechos humanos;&nbsp;<strong>\u00bfQu\u00e9 le pas\u00f3 a la Suprema Corte de Justicia de la Naci\u00f3n con lo que acaban de denunciar los colectivos feministas de Tabasco hace un par de d\u00edas?&nbsp;<\/strong><\/p>\n\n\n\n<p class=\"wp-block-paragraph\">Es decir,&nbsp;<strong>\u00bfEn qu\u00e9 momento pasamos de la inexistencia de unas garant\u00edas m\u00ednimas para las mujeres cuando son madres, al asunto 129\/2019 donde el acto reclamado son unas disposiciones del c\u00f3digo civil de esa entidad que proh\u00edben a extranjeros acceder a procedimientos de maternidad subrogada?<\/strong><\/p>\n\n\n\n<p class=\"wp-block-paragraph\">\u00bfDesde cu\u00e1ndo en un pa\u00eds como este, con tantas deudas con los derechos de las mujeres, lo importante es determinar para empresas de reproducci\u00f3n asistida y personas extranjeras si las normas jur\u00eddicas de ese estado no les discriminan a ellos derechos fundamentales como la libertad de trabajo, igualdad y no discriminaci\u00f3n?<\/p>\n\n\n\n<p class=\"wp-block-paragraph\">El reclamo emitido por los colectivos feministas tabasque\u00f1os, que usted puede ver aqu\u00ed&nbsp;<a href=\"https:\/\/twitter.com\/CATWLACDIR\/status\/1352062128862224384\"><strong>https:\/\/twitter.com\/CATWLACDIR\/status\/1352062128862224384<\/strong><\/a>&nbsp;denuncia el proyecto que iba a presentarse el pasado 20 de enero por parte del ministro Jorge Mario Pardo Rebolledo donde se describ\u00eda como discriminatorio impedirle a un extranjero comprar un \u201cmedio biol\u00f3gico de gestaci\u00f3n\u201d.&nbsp;<\/p>\n\n\n\n<p class=\"wp-block-paragraph\">Ya \u00edbamos mal con el antecedente del amparo 553\/2018 al abordar el tema del derecho de las parejas del mismo sexo para acudir a t\u00e9cnicas de reproducci\u00f3n asistida, muy aplaudido en su momento por organizaciones de la sociedad civil que no se detuvieron a pensar: cuando se trata de acceder al cuerpo de las mujeres como \u201cvientres de alquiler\u201d el Derecho es vicioso en ah\u00ed s\u00ed reconocer el \u201clibre desarrollo de la personalidad\u201d y que en el ejercicio de un presunto derecho a formar una familia nadie deber\u00eda suprimir la dignidad de mujeres vulnerables.&nbsp;<\/p>\n\n\n\n<p class=\"wp-block-paragraph\">Si esta pr\u00e1ctica en donde la gestaci\u00f3n acaba siendo un negocio y el cuerpo de las mujeres parte de una t\u00e9cnica m\u00e1s de reproducci\u00f3n asistida, fuese realmente entre iguales, las parejas de extranjeros que vienen a pagar a M\u00e9xico, lo har\u00edan en sus pa\u00edses con mujeres que no tuvieran ning\u00fan tipo de necesidad econ\u00f3mica y que contaran con la formaci\u00f3n y la informaci\u00f3n suficiente para saber las dimensiones f\u00edsicas y psicol\u00f3gicas de su decisi\u00f3n \u201caltruista\u201d, pero no lo hacen porque ah\u00ed no se les permite, por eso feministas como Ana Trejo Pulido de la organizaci\u00f3n \u201cStop Vientres de Alquiler\u201d denuncian la existencia de mercados en territorios como Europa del Este y lugares sin regulaci\u00f3n legal justo como \u00c1frica y Latinoam\u00e9rica.&nbsp;<\/p>\n\n\n\n<p class=\"wp-block-paragraph\">Sintetizando incoherencias resulta que no hay acceso para cuando no se quiere continuar un embarazo y dif\u00edcil ser\u00e1 de todos modos cuando s\u00ed se quiera, siendo mujer y mexicana, pero en el pa\u00eds de lo absurdo, la b\u00fasqueda jur\u00eddica da m\u00e1s garant\u00edas para rentar el vientre que para tener descendencia propia, no para nosotras sino para quien lo compre o quien guste armarse una oficina ofreciendo nuestro \u00fatero como su producto Premium.&nbsp; Lo dicho, nunca se ha tratado de nuestros derechos. A m\u00e1s ver.&nbsp;<\/p>\n\n\n\n<p class=\"wp-block-paragraph\">Claudia Almaguer<\/p>\n\n\n\n<p class=\"wp-block-paragraph\">Twitter: @Alnagzur<\/p>\n","protected":false},"excerpt":{"rendered":"<p> Recientemente, el film denominado \u201cFragmentos de una mujer\u201d ha vuelto a poner de relieve la traves\u00eda  o f\u00edsica y psicol\u00f3gica que recorremos  las mujeres durante el embarazo<\/p>\n","protected":false},"author":3,"featured_media":30045,"comment_status":"open","ping_status":"open","sticky":false,"template":"","format":"standard","meta":{"_monsterinsights_skip_tracking":false,"footnotes":""},"categories":[692,131,35],"tags":[],"class_list":["post-31019","post","type-post","status-publish","format-standard","has-post-thumbnail","category-692","category-claudia-almaguer","category-opinion"],"_links":{"self":[{"href":"https:\/\/redsemlac.com\/semmexico\/wp-json\/wp\/v2\/posts\/31019","targetHints":{"allow":["GET"]}}],"collection":[{"href":"https:\/\/redsemlac.com\/semmexico\/wp-json\/wp\/v2\/posts"}],"about":[{"href":"https:\/\/redsemlac.com\/semmexico\/wp-json\/wp\/v2\/types\/post"}],"author":[{"embeddable":true,"href":"https:\/\/redsemlac.com\/semmexico\/wp-json\/wp\/v2\/users\/3"}],"replies":[{"embeddable":true,"href":"https:\/\/redsemlac.com\/semmexico\/wp-json\/wp\/v2\/comments?post=31019"}],"version-history":[{"count":0,"href":"https:\/\/redsemlac.com\/semmexico\/wp-json\/wp\/v2\/posts\/31019\/revisions"}],"wp:featuredmedia":[{"embeddable":true,"href":"https:\/\/redsemlac.com\/semmexico\/wp-json\/wp\/v2\/media\/30045"}],"wp:attachment":[{"href":"https:\/\/redsemlac.com\/semmexico\/wp-json\/wp\/v2\/media?parent=31019"}],"wp:term":[{"taxonomy":"category","embeddable":true,"href":"https:\/\/redsemlac.com\/semmexico\/wp-json\/wp\/v2\/categories?post=31019"},{"taxonomy":"post_tag","embeddable":true,"href":"https:\/\/redsemlac.com\/semmexico\/wp-json\/wp\/v2\/tags?post=31019"}],"curies":[{"name":"wp","href":"https:\/\/api.w.org\/{rel}","templated":true}]}}