{"id":31014,"date":"2021-01-25T01:21:45","date_gmt":"2021-01-25T01:21:45","guid":{"rendered":"https:\/\/redsemlac.com\/semmexico\/?p=31014"},"modified":"2023-07-21T16:46:27","modified_gmt":"2023-07-21T21:46:27","slug":"lopez-obrador-da-positivo-a-covid-19","status":"publish","type":"post","link":"https:\/\/redsemlac.com\/semmexico\/lopez-obrador-da-positivo-a-covid-19\/","title":{"rendered":"L\u00f3pez Obrador da positivo a Covid-19"},"content":{"rendered":"\n<p class=\"wp-block-paragraph\"><strong>Por: Lizbeth \u00c1lvarez Mart\u00ednez.<br><\/strong>SemM\u00e9xico. Cd. de M\u00e9xico. 24 de enero 2021.- El presidente Andr\u00e9s Manuel L\u00f3pez Obrador inform\u00f3 este domingo que dio positivo a la prueba de Covid-19.<br>A trav\u00e9s de su cuenta de Twitter, public\u00f3 el siguiente mensaje:<br>Lamento informarles que estoy contagiado de COVID-19. Los s\u00edntomas son leves pero ya estoy en tratamiento m\u00e9dico. Como siempre, soy optimista. Saldremos adelante todos. Me representar\u00e1 la Dra. Olga S\u00e1nchez Cordero en las ma\u00f1aneras para informar como lo hacemos todos los d\u00edas.<br><\/p>\n\n\n\n<figure class=\"wp-block-embed aligncenter is-type-rich is-provider-twitter wp-block-embed-twitter\"><div class=\"wp-block-embed__wrapper\">\n<blockquote class=\"twitter-tweet\" data-width=\"550\" data-dnt=\"true\"><p lang=\"es\" dir=\"ltr\">Lamento informarles que estoy contagiado de COVID-19. Los s\u00edntomas son leves pero ya estoy en tratamiento m\u00e9dico. Como siempre, soy optimista. Saldremos adelante todos. Me representar\u00e1 la Dra. Olga S\u00e1nchez Cordero en las ma\u00f1aneras para informar como lo hacemos todos los d\u00edas.<\/p>&mdash; Andr\u00e9s Manuel (@lopezobrador_) <a href=\"https:\/\/twitter.com\/lopezobrador_\/status\/1353500519344578560?ref_src=twsrc%5Etfw\">January 25, 2021<\/a><\/blockquote><script async src=\"https:\/\/platform.twitter.com\/widgets.js\" charset=\"utf-8\"><\/script>\n<\/div><\/figure>\n\n\n\n<p class=\"wp-block-paragraph\">Tambi\u00e9n inform\u00f3 que ya est\u00e1 en tratamiento m\u00e9dico y que estar\u00e1 pendiente de los asuntos p\u00fablicos desde Palacio Nacional.<br><\/p>\n\n\n\n<p class=\"wp-block-paragraph\">Cabe destacar, que el mandatario este domingo encabez\u00f3 un evento en San Luis Potos\u00ed.<\/p>\n","protected":false},"excerpt":{"rendered":"<p> El presidente Andr\u00e9s Manuel L\u00f3pez Obrador inform\u00f3 este domingo que dio positivo a la prueba de Covid-19.<\/p>\n","protected":false},"author":3,"featured_media":31016,"comment_status":"open","ping_status":"open","sticky":false,"template":"","format":"standard","meta":{"_monsterinsights_skip_tracking":false,"footnotes":""},"categories":[692,51],"tags":[],"class_list":["post-31014","post","type-post","status-publish","format-standard","has-post-thumbnail","category-692","category-ejecutivo"],"_links":{"self":[{"href":"https:\/\/redsemlac.com\/semmexico\/wp-json\/wp\/v2\/posts\/31014","targetHints":{"allow":["GET"]}}],"collection":[{"href":"https:\/\/redsemlac.com\/semmexico\/wp-json\/wp\/v2\/posts"}],"about":[{"href":"https:\/\/redsemlac.com\/semmexico\/wp-json\/wp\/v2\/types\/post"}],"author":[{"embeddable":true,"href":"https:\/\/redsemlac.com\/semmexico\/wp-json\/wp\/v2\/users\/3"}],"replies":[{"embeddable":true,"href":"https:\/\/redsemlac.com\/semmexico\/wp-json\/wp\/v2\/comments?post=31014"}],"version-history":[{"count":0,"href":"https:\/\/redsemlac.com\/semmexico\/wp-json\/wp\/v2\/posts\/31014\/revisions"}],"wp:featuredmedia":[{"embeddable":true,"href":"https:\/\/redsemlac.com\/semmexico\/wp-json\/wp\/v2\/media\/31016"}],"wp:attachment":[{"href":"https:\/\/redsemlac.com\/semmexico\/wp-json\/wp\/v2\/media?parent=31014"}],"wp:term":[{"taxonomy":"category","embeddable":true,"href":"https:\/\/redsemlac.com\/semmexico\/wp-json\/wp\/v2\/categories?post=31014"},{"taxonomy":"post_tag","embeddable":true,"href":"https:\/\/redsemlac.com\/semmexico\/wp-json\/wp\/v2\/tags?post=31014"}],"curies":[{"name":"wp","href":"https:\/\/api.w.org\/{rel}","templated":true}]}}