{"id":31011,"date":"2021-01-25T11:08:00","date_gmt":"2021-01-25T11:08:00","guid":{"rendered":"https:\/\/redsemlac.com\/semmexico\/?p=31011"},"modified":"2023-07-21T16:46:26","modified_gmt":"2023-07-21T21:46:26","slug":"kamala-harris","status":"publish","type":"post","link":"https:\/\/redsemlac.com\/semmexico\/kamala-harris\/","title":{"rendered":"Kamala Harris"},"content":{"rendered":"\n<p class=\"wp-block-paragraph\">Por: <strong>Francisco Pineda*<\/strong><\/p>\n\n\n\n<p class=\"wp-block-paragraph\">SemM\u00e9xico\/Periodistas en Espa\u00f1ol. 25 de enero 2021.- Con la toma de posesi\u00f3n del presidente\u00a0<strong>Joe Biden<\/strong>, Estados Unidos ha entrado en un periodo clave para recuperar los desastres de Trump.<\/p>\n\n\n\n<p class=\"wp-block-paragraph\">A nivel interno, consolidar pol\u00edticas de igualdad, salud, educaci\u00f3n, solidaridad, inmigraci\u00f3n y, sobre todo, recuperar la unidad de los americanos.<\/p>\n\n\n\n<p class=\"wp-block-paragraph\">A nivel internacional, volver a los espacios multilaterales de donde nunca debi\u00f3 salir y aplicar pol\u00edticas de cercan\u00eda con los socios estrat\u00e9gicos. Todo un reto para la administraci\u00f3n Biden, que tiene que esforzarse en los primeros meses para plasmar la realidad de un cambio en ambos escenarios.<\/p>\n\n\n\n<p class=\"wp-block-paragraph\">Sin embargo, me gustar\u00eda centrar la atenci\u00f3n en el papel que le toca vivir a la vicepresidenta&nbsp;<strong>Kamala Harris<\/strong>. A sus 56 a\u00f1os se coloca como la segunda persona en rango y la primera mujer en ocupar el cargo.<\/p>\n\n\n\n<p class=\"wp-block-paragraph\">La mayor\u00eda de los analistas internacionales ven a Harris como la futura presidenta de los Estados Unidos de Am\u00e9rica. Su papel como vicepresidenta no se parecer\u00e1 en nada a los anteriores: debe estar muy cerca de Biden, apoyar sus pol\u00edticas tanto dentro del territorio nacional con visitas permanentes a los Estados; como en el exterior, donde la veremos participando en Cumbres multilaterales y en visitas de estado.<\/p>\n\n\n\n<p class=\"wp-block-paragraph\">Cuatro a\u00f1os para preparar y organizar muy bien su candidatura, ganarse el afecto de la ciudadan\u00eda y el respeto en el \u00e1mbito internacional. Con Biden no le ser\u00e1 dif\u00edcil hacer este trabajo, pues desde el primer momento le va a asignar tareas y funciones mucho m\u00e1s all\u00e1 de lo habitual en el cargo de vicepresidenta, funcionando como un t\u00e1ndem y, ojo, totalmente lista para poder asumir el cargo de presidenta en caso de fallecimiento o incapacidad del propio Biden.<\/p>\n\n\n\n<p class=\"wp-block-paragraph\">Kamala Harris ha demostrado su capacidad como Fiscal y Senadora, su pasi\u00f3n por las pol\u00edticas sociales y su compromiso con la igualdad de la mujer. En un mundo fundamentalmente de hombres, ha sabido abrirse paso con firmeza y claridad en sus objetivos. Va a trabajar, codo con codo, con todos los secretarios, especialmente con la Secretar\u00eda de Estado y con el Jefe de Gabinete, coordinando todo el trabajo con Biden.<\/p>\n\n\n\n<p class=\"wp-block-paragraph\">Ella sabe cu\u00e1l es el reto y lo dif\u00edcil que le resultar\u00e1 conseguirlo. Pero est\u00e1 dispuesta a dar la batalla en lo que puede significar su presencia como presidenta de los Estados Unidos hasta 2032. Todo un reto en la agenda de una pol\u00edtica joven y preparada.<\/p>\n\n\n\n<p class=\"wp-block-paragraph\">Debemos prestar atenci\u00f3n a todos y cada uno de sus movimientos (pactados con Biden), para interpretar sus avances de cara al objetivo 2024. Me consta que ya cuenta con un equipo de personas expertas para planificar toda su labor en estos cuatro a\u00f1os que, sin prisa pero sin pausa, van a desarrollar una estrategia para su carrera a la presidencia. Tambi\u00e9n las encuestas sobre nivel de aceptaci\u00f3n la sit\u00faan en buen lugar, incluso antes de asumir su cargo.&nbsp;<\/p>\n\n\n\n<p class=\"wp-block-paragraph\">De todas formas, en pol\u00edtica cuatro a\u00f1os son una eternidad y pueden ocurrir mil cosas alejadas de esta evidente opci\u00f3n de Kamala Harris para el futuro. A saber qu\u00e9 nos deparan los meses futuros.<\/p>\n\n\n\n<p class=\"wp-block-paragraph\"><strong><em>*Francisco Pineda Zamorano. Experto en Relaciones Internacionales y Cooperaci\u00f3n.<\/em><\/strong><\/p>\n","protected":false},"excerpt":{"rendered":"<p>La mayor\u00eda de los analistas internacionales ven a Harris como la futura presidenta de los Estados Unidos de Am\u00e9rica.<\/p>\n","protected":false},"author":3,"featured_media":31012,"comment_status":"open","ping_status":"open","sticky":false,"template":"","format":"standard","meta":{"_monsterinsights_skip_tracking":false,"footnotes":""},"categories":[692,110,35],"tags":[],"class_list":["post-31011","post","type-post","status-publish","format-standard","has-post-thumbnail","category-692","category-la-opinion-columnas","category-opinion"],"_links":{"self":[{"href":"https:\/\/redsemlac.com\/semmexico\/wp-json\/wp\/v2\/posts\/31011","targetHints":{"allow":["GET"]}}],"collection":[{"href":"https:\/\/redsemlac.com\/semmexico\/wp-json\/wp\/v2\/posts"}],"about":[{"href":"https:\/\/redsemlac.com\/semmexico\/wp-json\/wp\/v2\/types\/post"}],"author":[{"embeddable":true,"href":"https:\/\/redsemlac.com\/semmexico\/wp-json\/wp\/v2\/users\/3"}],"replies":[{"embeddable":true,"href":"https:\/\/redsemlac.com\/semmexico\/wp-json\/wp\/v2\/comments?post=31011"}],"version-history":[{"count":0,"href":"https:\/\/redsemlac.com\/semmexico\/wp-json\/wp\/v2\/posts\/31011\/revisions"}],"wp:featuredmedia":[{"embeddable":true,"href":"https:\/\/redsemlac.com\/semmexico\/wp-json\/wp\/v2\/media\/31012"}],"wp:attachment":[{"href":"https:\/\/redsemlac.com\/semmexico\/wp-json\/wp\/v2\/media?parent=31011"}],"wp:term":[{"taxonomy":"category","embeddable":true,"href":"https:\/\/redsemlac.com\/semmexico\/wp-json\/wp\/v2\/categories?post=31011"},{"taxonomy":"post_tag","embeddable":true,"href":"https:\/\/redsemlac.com\/semmexico\/wp-json\/wp\/v2\/tags?post=31011"}],"curies":[{"name":"wp","href":"https:\/\/api.w.org\/{rel}","templated":true}]}}