{"id":30986,"date":"2021-01-22T22:43:51","date_gmt":"2021-01-22T22:43:51","guid":{"rendered":"https:\/\/redsemlac.com\/semmexico\/?p=30986"},"modified":"2023-07-21T16:46:28","modified_gmt":"2023-07-21T21:46:28","slug":"se-registra-en-morelos-el-primer-asesinato-de-odio-en-2021","status":"publish","type":"post","link":"https:\/\/redsemlac.com\/semmexico\/se-registra-en-morelos-el-primer-asesinato-de-odio-en-2021\/","title":{"rendered":"Se registra en Morelos el primer asesinato de odio en 2021"},"content":{"rendered":"\n<p class=\"wp-block-paragraph\">Comunidad LGTB exige justicia para Gala una mujer trans y activista<\/p>\n\n\n\n<p class=\"wp-block-paragraph\">Estrella Pedroza<br><\/p>\n\n\n\n<p class=\"wp-block-paragraph\">SemM\u00e9xico. Morelos. 22 de enero de 2021.- Gala Ocampo, activista pro comunidad LGTB, fue asesinada en Morelos y se convirti\u00f3 en la primera chica trans v\u00edctima de asesianto de odio en este 2021. Integrantes de la Comunidad LGTB exigen a la Fiscal\u00eda General Estatal (FGE) el esclarecimiento inmediato.<\/p>\n\n\n\n<p class=\"wp-block-paragraph\">La madrugada del 17 de enero Gala, de 25 a\u00f1os , fue encontrada en un terreno bald\u00edo en la localidad de Coahuixtla de Amacuzac.<br>De acuerdo a reportes oficiales fue encontrada con heridas de arma de fuego.<\/p>\n\n\n\n<p class=\"wp-block-paragraph\">Fue una de las promotoras del respeto a los derecho de la comunidad LGTB e integrante de la en la zona sur concretamente en los municipio de Puente de Ixtla de donde era originaria y Amacuzac, detall\u00f3 Isidro Dirzo , integrante del Observatorio de Derechos Humanos.<br>De acuerdo a algunos colectivos Gala recibi\u00f3 amenazas en dias previos a su asesinato.<\/p>\n\n\n\n<p class=\"wp-block-paragraph\"><br>\u201cTenemos informaci\u00f3n de que unos d\u00edas antes de su asesinato ella recibi\u00f3 algunas amenazas y algunas por redes sociales por lo que para nosotras es muy claro que el el asesianto es por transfobia\u201d, inform\u00f3, Vanessa Shirell Nambos D\u00edaz, enfermera y cofundadora de Equipo Trans Morelos.<br>Tras su asesinato diveros colectivos de la Comunidad LGTB de Morelos y de la Ciudad de M\u00e9xico exigieron a las autoridades el esclarecimiento del asesinato.<\/p>\n\n\n\n<p class=\"wp-block-paragraph\"><br>\u201cExigimos el actuar de la Fiscal\u00eda de Morelos para que se esclarezca lo sucedido y se llegue hasta las \u00faltimas instancias para dar justicia a lo sucedido\u201d, se lee en un comunicado que lanzaron Casa Hogar Paola Buenrostro, Casa de las Mu\u00f1ecas Tiresias y el Comit\u00e9 de la marcha diversidad de Cuernavaca.<\/p>\n\n\n\n<p class=\"wp-block-paragraph\"><br>El caso es investigado por la Fiscalia Especial contra Feminicidios, seg\u00fan informaron activistas y se tienen tres lineas de investigaci\u00f3n entre las que figuran crimen de odio o transfofia, una pelea sentimental y robo.<br>Sin embargo, sus compa\u00f1eras aseguran que no tenia una relaci\u00f3n sentimental en este momento.<\/p>\n","protected":false},"excerpt":{"rendered":"<p>Comunidad LGTB exige justicia para Gala una mujer trans y activista Estrella Pedroza SemM\u00e9xico. Morelos. 22 de enero de 2021.- Gala Ocampo, activista pro comunidad LGTB, fue asesinada en Morelos y se convirti\u00f3 en la primera chica trans v\u00edctima de asesianto de odio en este 2021. Integrantes de la Comunidad LGTB exigen a la Fiscal\u00eda [&hellip;]<\/p>\n","protected":false},"author":3,"featured_media":30987,"comment_status":"open","ping_status":"open","sticky":false,"template":"","format":"standard","meta":{"_monsterinsights_skip_tracking":false,"footnotes":""},"categories":[692,47],"tags":[],"class_list":["post-30986","post","type-post","status-publish","format-standard","has-post-thumbnail","category-692","category-no-mas-impunidad"],"_links":{"self":[{"href":"https:\/\/redsemlac.com\/semmexico\/wp-json\/wp\/v2\/posts\/30986","targetHints":{"allow":["GET"]}}],"collection":[{"href":"https:\/\/redsemlac.com\/semmexico\/wp-json\/wp\/v2\/posts"}],"about":[{"href":"https:\/\/redsemlac.com\/semmexico\/wp-json\/wp\/v2\/types\/post"}],"author":[{"embeddable":true,"href":"https:\/\/redsemlac.com\/semmexico\/wp-json\/wp\/v2\/users\/3"}],"replies":[{"embeddable":true,"href":"https:\/\/redsemlac.com\/semmexico\/wp-json\/wp\/v2\/comments?post=30986"}],"version-history":[{"count":0,"href":"https:\/\/redsemlac.com\/semmexico\/wp-json\/wp\/v2\/posts\/30986\/revisions"}],"wp:featuredmedia":[{"embeddable":true,"href":"https:\/\/redsemlac.com\/semmexico\/wp-json\/wp\/v2\/media\/30987"}],"wp:attachment":[{"href":"https:\/\/redsemlac.com\/semmexico\/wp-json\/wp\/v2\/media?parent=30986"}],"wp:term":[{"taxonomy":"category","embeddable":true,"href":"https:\/\/redsemlac.com\/semmexico\/wp-json\/wp\/v2\/categories?post=30986"},{"taxonomy":"post_tag","embeddable":true,"href":"https:\/\/redsemlac.com\/semmexico\/wp-json\/wp\/v2\/tags?post=30986"}],"curies":[{"name":"wp","href":"https:\/\/api.w.org\/{rel}","templated":true}]}}