{"id":30973,"date":"2021-01-22T17:54:21","date_gmt":"2021-01-22T17:54:21","guid":{"rendered":"https:\/\/redsemlac.com\/semmexico\/?p=30973"},"modified":"2023-07-21T16:46:28","modified_gmt":"2023-07-21T21:46:28","slug":"40-por-ciento-de-ninas-y-ninos-no-completaron-cuadro-basico-de-vacunacion-por-la-pandemia","status":"publish","type":"post","link":"https:\/\/redsemlac.com\/semmexico\/40-por-ciento-de-ninas-y-ninos-no-completaron-cuadro-basico-de-vacunacion-por-la-pandemia\/","title":{"rendered":"40 por ciento de ni\u00f1as y ni\u00f1os no completaron cuadro b\u00e1sico de vacunaci\u00f3n por la pandemia"},"content":{"rendered":"\n<p class=\"wp-block-paragraph\">Nurit Mart\u00ednez |<br>SemM\u00e9xico\/ElSol de M\u00e9xico. 22 de enero de 2021.- A consecuencia de la pandemia de Covid-19 se estima que en M\u00e9xico 40 por ciento de 8.8 millones de ni\u00f1as y ni\u00f1os de entre dos y 18 meses de edad no completaron su cuadro b\u00e1sico de la vacuna hexavalente que los protege de seis enfermedades \u2014difteria, hepatitis B, t\u00e9tanos, tos ferina, poliomielitis e influenza tipo B\u2014, asegur\u00f3 Salvador Pineda, gerente M\u00e9dico de Vacunas de Sanofi Pasteur.<br>En consecuencia, el tambi\u00e9n especialista del Consejo Mexicano de Pediatr\u00eda dijo a El Sol de M\u00e9xico que nuestro pa\u00eds corre riesgo de perder la inmunidad de reba\u00f1o en esas y otras enfermedades que hagan surgir rebrotes importantes.<br>La principal causa por la que los menores no habr\u00edan recibido sus vacunas es por el temor de los padres a contagiarse de Covid-19 si acud\u00edan a los centros de salud.<br>\u201cEs una preocupaci\u00f3n mundial de la OMS y public\u00f3 su preocupaci\u00f3n. Calculaba que alrededor de 40 por ciento de los ni\u00f1os menores de un a\u00f1o a nivel mundial no estaban protegidos\u201d.<br>Sanofi es el mayor proveedor de M\u00e9xico de la vacuna hexavalente y contra la influenza. Con la llegada de Covid-19 y la necesidad de mantener a la poblaci\u00f3n vacunada contra influenza, el Gobierno federal inici\u00f3 el proceso para que la empresa paraestatal mexicana de vacunas, Birmex, pudiera avanzar en el contrato que tiene con la farmac\u00e9utica francesa para terminar de construir una planta que producir\u00e1 vacunas en el pa\u00eds.<br>Pineda dijo tambi\u00e9n que el desabasto de la vacuna BCG contra tuberculosis podr\u00eda provocar un rebrote de la enfermedad, por ello, el gobierno del presidente L\u00f3pez Obrador tiene que fijar una postura. \u201cDonde ha habido un problema, ah\u00ed s\u00ed de desabasto, es en la vacuna contra tuberculosis, la BCG\u2026 es el Gobierno quien tiene que dar una respuesta de qu\u00e9 est\u00e1 pasando con la vacuna\u201d.<br>De los otros ant\u00edgenos, dijo que \u201chubo un momento con el rotavirus, donde no hab\u00eda el biol\u00f3gico necesario, pero actualmente est\u00e1 solucionado. La vacuna hexavalente siempre ha estado presente, la de neumococo igual. No podemos hablar de desabasto, quiz\u00e1 por alg\u00fan tiempo corto en algunas vacunas, pero la que s\u00ed ha tenido un tiempo m\u00e1s prolongado de desabasto es la de BCG\u201d.<br>Record\u00f3 que el a\u00f1o pasado, en medio de la pandemia en la Ciudad de M\u00e9xico, se present\u00f3 un rebrote importante de sarampi\u00f3n. Agreg\u00f3 que el movimiento antivacunas y la falta de corresponsabilidad en las familias para la aplicaci\u00f3n de la dosis provocaron que, a pesar de la sana distancia, se tuvieran 200 casos.<br>Por estas situaciones, dijo el especialista, M\u00e9xico est\u00e1 en riesgo de brotes de estas enfermedades que \u201cest\u00e1bamos a punto de erradicarlas\u201d.<br>Consider\u00f3 importante que de los padres de familia haya corresponsabilidad, pero tambi\u00e9n una campa\u00f1a del Gobierno para que la poblaci\u00f3n acuda, en medio de la pandemia, con medidas de prevenci\u00f3n para que ni\u00f1os y ni\u00f1as no pierdan el esquema b\u00e1sico.<br>\u201cHay que realizar esto porque el d\u00eda de ma\u00f1ana el problema no s\u00f3lo va a ser coronavirus sino van a ser otras enfermedades que no son menos graves como poliomielitis, difteria, entre otras. Entonces hay que tener cuidado, no debemos de estar jugando con fuego porque nos podemos quemar y muy feo\u201d, dijo.<br>Lament\u00f3 que se perdi\u00f3 la oportunidad de erradicar enfermedades como sarampi\u00f3n por los movimientos antivacunas.<\/p>\n","protected":false},"excerpt":{"rendered":"<p>Nurit Mart\u00ednez |SemM\u00e9xico\/ElSol de M\u00e9xico. 22 de enero de 2021.- A consecuencia de la pandemia de Covid-19 se estima que en M\u00e9xico 40 por ciento de 8.8 millones de ni\u00f1as y ni\u00f1os de entre dos y 18 meses de edad no completaron su cuadro b\u00e1sico de la vacuna hexavalente que los protege de seis enfermedades [&hellip;]<\/p>\n","protected":false},"author":3,"featured_media":30974,"comment_status":"open","ping_status":"open","sticky":false,"template":"","format":"standard","meta":{"_monsterinsights_skip_tracking":false,"footnotes":""},"categories":[692,135],"tags":[],"class_list":["post-30973","post","type-post","status-publish","format-standard","has-post-thumbnail","category-692","category-emergencia-sanitaria-covid-19"],"_links":{"self":[{"href":"https:\/\/redsemlac.com\/semmexico\/wp-json\/wp\/v2\/posts\/30973","targetHints":{"allow":["GET"]}}],"collection":[{"href":"https:\/\/redsemlac.com\/semmexico\/wp-json\/wp\/v2\/posts"}],"about":[{"href":"https:\/\/redsemlac.com\/semmexico\/wp-json\/wp\/v2\/types\/post"}],"author":[{"embeddable":true,"href":"https:\/\/redsemlac.com\/semmexico\/wp-json\/wp\/v2\/users\/3"}],"replies":[{"embeddable":true,"href":"https:\/\/redsemlac.com\/semmexico\/wp-json\/wp\/v2\/comments?post=30973"}],"version-history":[{"count":0,"href":"https:\/\/redsemlac.com\/semmexico\/wp-json\/wp\/v2\/posts\/30973\/revisions"}],"wp:featuredmedia":[{"embeddable":true,"href":"https:\/\/redsemlac.com\/semmexico\/wp-json\/wp\/v2\/media\/30974"}],"wp:attachment":[{"href":"https:\/\/redsemlac.com\/semmexico\/wp-json\/wp\/v2\/media?parent=30973"}],"wp:term":[{"taxonomy":"category","embeddable":true,"href":"https:\/\/redsemlac.com\/semmexico\/wp-json\/wp\/v2\/categories?post=30973"},{"taxonomy":"post_tag","embeddable":true,"href":"https:\/\/redsemlac.com\/semmexico\/wp-json\/wp\/v2\/tags?post=30973"}],"curies":[{"name":"wp","href":"https:\/\/api.w.org\/{rel}","templated":true}]}}