{"id":30970,"date":"2021-01-22T17:51:58","date_gmt":"2021-01-22T17:51:58","guid":{"rendered":"https:\/\/redsemlac.com\/semmexico\/?p=30970"},"modified":"2023-07-21T16:46:28","modified_gmt":"2023-07-21T21:46:28","slug":"esterilizaciones-forzadas-en-el-peru-se-suspende-audiencia-que-abre-nueva-etapa-en-la-busqueda-de-justicia","status":"publish","type":"post","link":"https:\/\/redsemlac.com\/semmexico\/esterilizaciones-forzadas-en-el-peru-se-suspende-audiencia-que-abre-nueva-etapa-en-la-busqueda-de-justicia\/","title":{"rendered":"Esterilizaciones forzadas en el Per\u00fa: Se suspende Audiencia que abre nueva etapa en la b\u00fasqueda de justicia"},"content":{"rendered":"\n<p class=\"wp-block-paragraph\">Por Mar\u00eda Esther Mogoll\u00f3n*<\/p>\n\n\n\n<p class=\"wp-block-paragraph\">SemM\u00e9xico. Peru. 22 de enero de 2021.- El Juez\u00a0Rafael Mart\u00edn Mart\u00ednez, suspendi\u00f3 la Audiencia programada para el 11 de enero de 2021, para presentaci\u00f3n de cargos contra los responsables de las esterilizaciones forzadas. crimen de lesa humanidad:\u00a0\u00a0el expresidente Alberto Fujimori, sus exministros de Salud, Eduardo Yong Motta, Marino Costa Bauer y Alejandro Aguinaga y una serie de exfuncionarios de su gobierno.<\/p>\n\n\n\n<p class=\"wp-block-paragraph\">El proceso fue aplazada durante m\u00e1s de 2 a\u00f1os,&nbsp;&nbsp;luego de la denuncia ante el Poder Judicial de parte de la Fiscal\u00eda de la Naci\u00f3n en octubre de 2018 -y tras 16 a\u00f1os de investigaci\u00f3n y archivamientos.<\/p>\n\n\n\n<p class=\"wp-block-paragraph\">Aunque se suspendi\u00f3, con la Audiencia del 11 de enero, se abri\u00f3 una nueva etapa hist\u00f3rica del caso de las esterilizaciones forzadas en el Per\u00fa, las v\u00edctimas agrupadas en la Asociaci\u00f3n de Mujeres Peruanas Afectadas por las Esterilizaciones Forzadas \u2013AMPAEF; exigen justicia, verdad y reparaci\u00f3n y piden al Poder Judicial celeridad y transparencia en el proceso.&nbsp;<\/p>\n\n\n\n<p class=\"wp-block-paragraph\">Cuando se instal\u00f3 la Audiencia, se dieron cuenta de la ausencia de traductores de quechua -idioma de la mayor\u00eda de v\u00edctimas.<\/p>\n\n\n\n<p class=\"wp-block-paragraph\">La situaci\u00f3n fue aprovechada de inmediato por C\u00e9sar Nakasaki, abogado de Alberto Fujimori,&nbsp;&nbsp;y secundado por los abogados de los otros acusados,&nbsp;&nbsp;que aludieron al derecho de las victimas a entender en su idioma lo que iba a suceder. El Juez Martin, consult\u00f3 con el Fiscal y abogados y suspendi\u00f3 la Audiencia hasta nueva fecha.<\/p>\n\n\n\n<p class=\"wp-block-paragraph\">El abogado de Fujimori, ya hab\u00eda justificado la ausencia de Fujimori en la Audiencia, aludiendo que no le correspond\u00eda participar, por no ser motivo de la extradici\u00f3n (desde Chile) de la que fue objeto. Como en otras ocasiones se se\u00f1al\u00f3 tambi\u00e9n que estaba delicado de salud. Fujimori, se encuentra ya preso por crimen de violaci\u00f3n de derechos humanos en otros casos, ocurridos durante su gobierno.<\/p>\n\n\n\n<p class=\"wp-block-paragraph\">Las v\u00edctimas y otras organizaciones solidarias exigen al juez que fije fecha y hora para proseguir con celeridad la Audiencia, a 25 a\u00f1os de ocurridos los hechos y la serie de dificultades que las victimas afrontan, ya que ni siquiera han alcanzado pol\u00edticas de reparaci\u00f3n integral, que no deben esperar el proceso judicial.<\/p>\n\n\n\n<p class=\"wp-block-paragraph\">\u201cSab\u00edan que \u00e9ramos quechua hablantes, y debieron llevar traductores oficiales, se\u00f1ala Rute Zuniga, presidenta de AMPAEF. Siempre buscan argumentos para dilatar la justicia y no lo vamos a permitir. Es una burla ver que los abogados de los fujimoristas hablen de nuestros derechos, solo para retardar la justicia.<\/p>\n\n\n\n<p class=\"wp-block-paragraph\">El caso lleva el Expediente No 59-2019 y contiene m\u00e1s de 1,300 casos; otro expediente con mas de mil casos se encuentra tambi\u00e9n en Fiscal\u00eda a cargo de la Fiscal Edith Chamorro.<\/p>\n\n\n\n<p class=\"wp-block-paragraph\">El fiscal Pablo Espinoza, no pudo en esta ocasi\u00f3n de la Audiencia,&nbsp;&nbsp;sustentar los cargos contra los responsables de este crimen de lesa humanidad: Alberto Fujimori y sus exministros Alejandro Aguinaga, Marino Costa Bauer, Eduardo Yong Motta y otros funcionarios de su gobierno.&nbsp;Ellos son acusados por los delitos contra la vida, el cuerpo y la salud en la modalidad de lesiones graves seguidas de muerte, y lesiones graves en un contexto de violaciones a los derechos humanos<\/p>\n\n\n\n<p class=\"wp-block-paragraph\">El caso fue declarado como crimen de lesa humanidad y re\u00fane las condiciones para que se establezca el proceso judicial, advierte la presidenta de AMPAEF, Rute Zuniga y esperaba que el caso no se alargue m\u00e1s, como ha sucedido con las investigaciones de Fiscal\u00eda donde el caso se mantuvo por 16 a\u00f1os, para verg\u00fcenza de la justicia peruana, dice.&nbsp;<\/p>\n\n\n\n<p class=\"wp-block-paragraph\">El doctor Sigfredo Flori\u00e1n del Instituto de Defensa Legal, IDL, abogado de un grupo de v\u00edctimas de Anta (Cusco), Huancabamba (Piura) y Lima, hab\u00eda expuesto una serie de criterios sobre lo que pod\u00eda pasar en la citada Audiencia,&nbsp;&nbsp;aunque hab\u00eda tres escenarios:&nbsp;<\/p>\n\n\n\n<ol class=\"wp-block-list\" type=\"1\"><li>Que el juez apertura el&nbsp;&nbsp;proceso y entramos a una investigaci\u00f3n judicial;<\/li><li>Que el juez devuelva la denuncia para que el Fiscal corrija algunos defectos y<\/li><li>Que el juez archive.<\/li><\/ol>\n\n\n\n<p class=\"wp-block-paragraph\">Aunque lo que sucedi\u00f3 fue la suspensi\u00f3n, por no contar con traductores de quechua.<\/p>\n\n\n\n<p class=\"wp-block-paragraph\">Desde el Grupo de Seguimiento a las Reparaciones en Esterilizaciones Forzadas- GREF- se&nbsp;&nbsp;solicit\u00f3 a la Defensor\u00eda del Pueblo, a Amnist\u00eda Internacional y a la Coordinadora Nacional de Derechos Humanos, su participaci\u00f3n como OBSERVADORES de la Audiencia. Todas aceptaron participar y son testigos de lo sucedido.&nbsp;<\/p>\n\n\n\n<p class=\"wp-block-paragraph\">\u201cUn grupo mayoritario de v\u00edctimas llegamos a esta Audiencia representadas por abogados de Defensa P\u00fablica, proporcionados por el Ministerio de Justicia y Derechos Humanos. Adem\u00e1s, por la situaci\u00f3n de emergencia sanitaria que afrontamos ser\u00e1 una Audiencia Virtual, donde a Fujimori el responsable de esta pol\u00edtica discriminatoria y crimen de lesa humanidad, se le brinda la Plataforma Virtual de la&nbsp;Direcci\u00f3n de Operaciones Especiales (DIROES) de la Polic\u00eda Nacional del&nbsp;Per\u00fa<strong>,&nbsp;<\/strong>donde est\u00e1 preso, aunque no por las esterilizaciones forzadas. A nosotras, las v\u00edctimas, ninguna facilidad, ni plataforma, ni explicaci\u00f3n, expresa la cusque\u00f1a Zuniga, y carecemos de esos recursos t\u00e9cnicos.&nbsp;&nbsp;Pero queremos que el proceso contin\u00fae y que no se archive m\u00e1s\u201d.<\/p>\n\n\n\n<p class=\"wp-block-paragraph\">\u201cYa son casi 25 a\u00f1os de esta lucha, dice Aurelia Paccohuanca, de Anta, Cusco. Ya han muerto como 7 compa\u00f1eras en Cusco, otras est\u00e1n enfermas y sobre todo cansadas de esta lentitud por parte de la justicia y de las instituciones que deben aplicar las reparaciones. Constatamos que seguimos siendo pobres, nuestra salud f\u00edsica est\u00e1 afectada y tambi\u00e9n nuestra salud mental. El Estado nunca se ha responsabilizado, por eso no dejamos de reclamar las reparaciones integrales,&nbsp;&nbsp;denuncia.&nbsp;<\/p>\n\n\n\n<p class=\"wp-block-paragraph\">\u201cAun as\u00ed seguimos fuertes y unidas en nuestras organizaciones y as\u00ed seguiremos hasta lograr justicia\u201d, apunta Paccohuanca, una de las l\u00edderes de la organizaci\u00f3n.<\/p>\n\n\n\n<p class=\"wp-block-paragraph\">Las esterilizaciones forzadas en el Per\u00fa, se realizaron durante el gobierno fujimorista entre 1995 y 2000, a trav\u00e9s de la pol\u00edtica denominada&nbsp;Programa Nacional de Salud Reproductiva y Planificaci\u00f3n Familiar (PNSRPF).&nbsp;El universo de v\u00edctimas asciende a m\u00e1s de 300 mil.&nbsp;<\/p>\n\n\n\n<p class=\"wp-block-paragraph\">Actualmente, hay m\u00e1s de 7 mil casos en el Registro de Victimas de Esterilizaciones Forzadas, REVIESFO, a cargo del Ministerio de Justicia y Derechos Humanos.&nbsp;&nbsp;&nbsp;Este mecanismo se cre\u00f3 en 2015 bajo el Decreto Supremo 006-2015 JUS, que declar\u00f3 de inter\u00e9s nacional el caso y le dio responsabilidades al Ministerio de Justicia, de la Mujer y de Salud.&nbsp;<\/p>\n\n\n\n<p class=\"wp-block-paragraph\">En la Comisi\u00f3n Interamericana de Derechos Humanos, est\u00e1n los casos de Mam\u00e9rita Mestanza y el de Celia Ramos, ambas fallecidas, sus hijos e hijas persisten en la b\u00fasqueda de justicia en homenaje a sus madres. DEMUS es la organizaci\u00f3n que les defiende.&nbsp;<\/p>\n\n\n\n<p class=\"wp-block-paragraph\">Denuncias ante la ONU<\/p>\n\n\n\n<p class=\"wp-block-paragraph\">Frente a lo que viven y cansadas del alargamiento del caso, han denunciado en diversas instancias internacionales.<\/p>\n\n\n\n<p class=\"wp-block-paragraph\">Rute Zuniga, se\u00f1ala que cinco casos de esterilizaciones forzadas han sido presentados ante el Comit\u00e9 para la Eliminaci\u00f3n de la Discriminaci\u00f3n Contra la Mujer (CEDAW), de la Organizaci\u00f3n de las Naciones Unidas (ONU) a fines de setiembre por AMPAEF y la organizaci\u00f3n internacional Justicia y Reparaci\u00f3n.&nbsp;&nbsp;Y posteriormente han presentado tres nuevos casos de mujeres quechua hablantes, esterilizadas tambi\u00e9n en contra de su voluntad entre 1996 y 1997 ante el Comit\u00e9 de No Discriminaci\u00f3n de la ONU.&nbsp;<\/p>\n\n\n\n<p class=\"wp-block-paragraph\">Finalmente, agradece todas las expresiones de solidaridad nacionales e internacionales que vienen recibiendo y les pedimos continuar, atentos a los pr\u00f3ximos acontecimientos, finaliza Zuniga a la vez que anuncia otras acciones y movilizaciones, interrumpidas por restricciones de la emergencia sanitaria que vive el pa\u00eds.<\/p>\n\n\n\n<p class=\"wp-block-paragraph\">Antecedentes<\/p>\n\n\n\n<p class=\"wp-block-paragraph\">Se han realizado m\u00faltiples investigaciones sobre la pol\u00edtica de esterilizaciones forzadas en el Per\u00fa -dise\u00f1adas e impulsadas por Alberto Fujimori durante su gobierno- tanto desde el Congreso de la Republica, Ministerio de Salud, Defensor\u00eda del Pueblo y desde el \u00e1mbito acad\u00e9mico.&nbsp;<\/p>\n\n\n\n<p class=\"wp-block-paragraph\">Ana Mar\u00eda Vidal Carrasco, abogada defensora de derechos humanos, explica<a href=\"applewebdata:\/\/0D58A202-C7B4-4C99-9484-C21D86174B09#_ftn1\"><sup>[1]<\/sup><\/a>&nbsp;que la Defensor\u00eda del Pueblo realiz\u00f3 tres informes sobre la aplicaci\u00f3n de la anticoncepci\u00f3n quir\u00fargica y los derechos reproductivos y demostraron una tendencia compulsiva en la aplicaci\u00f3n del programa y la presi\u00f3n para que las mujeres se sometieran a la esterilizaci\u00f3n quir\u00fargica. Explica que algunos de los patrones detectados son:<\/p>\n\n\n\n<ul class=\"wp-block-list\"><li>Falta de garant\u00edas para la libre elecci\u00f3n.<\/li><li>Campa\u00f1as destinadas principalmente a la ligadura de trompas, en detrimento de las vasectom\u00edas.<\/li><li>Metas establecidas sobre la cantidad de mujeres que deb\u00edan utilizar m\u00e9todos anticonceptivos.<\/li><li>Falta de garant\u00edas para la decisi\u00f3n informada de los m\u00e9todos anticonceptivos.<\/li><li>Ausencia de autorizaci\u00f3n para la operaci\u00f3n: situaciones que invalidan la obtenci\u00f3n del consentimiento informado, uso de distintos documentos de autorizaci\u00f3n para la esterilizaci\u00f3n, esterilizaciones a mujeres casadas en las que el esposo firma con ellas el documento de consentimiento y esterilizaciones a personas analfabetas sin que el formulario de consentimiento previo sea suscrito por un testigo.<\/li><li>Ausencia de normas que regulen el proceso de decisi\u00f3n informada de personas que no hablaban el idioma castellano.<\/li><li>Falta de garant\u00edas para la seguridad y la salud de las personas durante la operaci\u00f3n: evaluaciones prequir\u00fargicas realizados por personal no calificado, ausencia de una identificaci\u00f3n de profesionales de salud en la tercera parte de las evaluaciones y no realizaci\u00f3n de reportes operatorios.<\/li><li>Falta de seguimiento posterior a la intervenci\u00f3n quir\u00fargica.<\/li><li>Dificultades para la determinaci\u00f3n de responsabilidad penal.<\/li><li>Incumplimiento en relaci\u00f3n a la reparaci\u00f3n de estas personas y el deber de cooperaci\u00f3n.<\/li><\/ul>\n\n\n\n<p class=\"wp-block-paragraph\">Para mas antecedentes, revisar&nbsp;<a href=\"http:\/\/www.ampaefperu.org\/\">www.ampaefperu.org<\/a><\/p>\n\n\n\n<p class=\"wp-block-paragraph\">*Mar\u00eda Esther Mogoll\u00f3n, periodista, activista feminista. Actual coordinadora del GREF y asesora de AMPAEF.<\/p>\n\n\n\n<hr class=\"wp-block-separator\"\/>\n\n\n\n<p class=\"wp-block-paragraph\"><a href=\"applewebdata:\/\/0D58A202-C7B4-4C99-9484-C21D86174B09#_ftnref1\"><sup>[1]<\/sup><\/a>&nbsp;En su art\u00edculo de febrero 2020,&nbsp;&nbsp;publicado en&nbsp;<a href=\"https:\/\/debatesindigenas.org\/notas\/30-esterilizaciones-forzadas-en-peru.html\">https:\/\/debatesindigenas.org\/notas\/30-esterilizaciones-forzadas-en-peru.html<\/a><\/p>\n","protected":false},"excerpt":{"rendered":"<p>Por Mar\u00eda Esther Mogoll\u00f3n* SemM\u00e9xico. Peru. 22 de enero de 2021.- El Juez\u00a0Rafael Mart\u00edn Mart\u00ednez, suspendi\u00f3 la Audiencia programada para el 11 de enero de 2021, para presentaci\u00f3n de cargos contra los responsables de las esterilizaciones forzadas. crimen de lesa humanidad:\u00a0\u00a0el expresidente Alberto Fujimori, sus exministros de Salud, Eduardo Yong Motta, Marino Costa Bauer y [&hellip;]<\/p>\n","protected":false},"author":3,"featured_media":30971,"comment_status":"open","ping_status":"open","sticky":false,"template":"","format":"standard","meta":{"_monsterinsights_skip_tracking":false,"footnotes":""},"categories":[692,53],"tags":[],"class_list":["post-30970","post","type-post","status-publish","format-standard","has-post-thumbnail","category-692","category-internacional"],"_links":{"self":[{"href":"https:\/\/redsemlac.com\/semmexico\/wp-json\/wp\/v2\/posts\/30970","targetHints":{"allow":["GET"]}}],"collection":[{"href":"https:\/\/redsemlac.com\/semmexico\/wp-json\/wp\/v2\/posts"}],"about":[{"href":"https:\/\/redsemlac.com\/semmexico\/wp-json\/wp\/v2\/types\/post"}],"author":[{"embeddable":true,"href":"https:\/\/redsemlac.com\/semmexico\/wp-json\/wp\/v2\/users\/3"}],"replies":[{"embeddable":true,"href":"https:\/\/redsemlac.com\/semmexico\/wp-json\/wp\/v2\/comments?post=30970"}],"version-history":[{"count":0,"href":"https:\/\/redsemlac.com\/semmexico\/wp-json\/wp\/v2\/posts\/30970\/revisions"}],"wp:featuredmedia":[{"embeddable":true,"href":"https:\/\/redsemlac.com\/semmexico\/wp-json\/wp\/v2\/media\/30971"}],"wp:attachment":[{"href":"https:\/\/redsemlac.com\/semmexico\/wp-json\/wp\/v2\/media?parent=30970"}],"wp:term":[{"taxonomy":"category","embeddable":true,"href":"https:\/\/redsemlac.com\/semmexico\/wp-json\/wp\/v2\/categories?post=30970"},{"taxonomy":"post_tag","embeddable":true,"href":"https:\/\/redsemlac.com\/semmexico\/wp-json\/wp\/v2\/tags?post=30970"}],"curies":[{"name":"wp","href":"https:\/\/api.w.org\/{rel}","templated":true}]}}