{"id":30964,"date":"2021-01-22T17:46:04","date_gmt":"2021-01-22T17:46:04","guid":{"rendered":"https:\/\/redsemlac.com\/semmexico\/?p=30964"},"modified":"2023-07-21T16:46:29","modified_gmt":"2023-07-21T21:46:29","slug":"ante-el-contexto-de-la-pandemia-por-covid-19-es-urgente-garantizar-el-derecho-a-una-muerte-digna-y-el-acceso-a-cuidados-paliativos","status":"publish","type":"post","link":"https:\/\/redsemlac.com\/semmexico\/ante-el-contexto-de-la-pandemia-por-covid-19-es-urgente-garantizar-el-derecho-a-una-muerte-digna-y-el-acceso-a-cuidados-paliativos\/","title":{"rendered":"Ante el contexto de la Pandemia por COVID 19 es urgente garantizar el derecho a una muerte digna y el acceso a cuidados paliativos"},"content":{"rendered":"\n<p class=\"wp-block-paragraph\">*El Senado de la Rep\u00fablica aprob\u00f3 en 2019 reformas al\u00a0<strong>Art\u00edculo Cuarto constitucional en materia de cuidados paliativos<\/strong>, con lo cual se establece la obligatoriedad al Estado para brindar servicios de salud adecuados que eviten el dolor de pacientes en etapa terminal<\/p>\n\n\n\n<p class=\"wp-block-paragraph\">*Cada a\u00f1o en M\u00e9xico,\u00a0<strong>372 mil personas<\/strong>\u00a0requieren de\u00a0<strong>cuidados paliativos<\/strong>; el derecho a una muerte digna se encuentra reconocido en la Constituci\u00f3n de la Ciudad de M\u00e9xico<\/p>\n\n\n\n<p class=\"wp-block-paragraph\">SemM\u00e9xico\/Ceprovysa. 22 de enero de 2021.- Pasar los \u00faltimos d\u00edas de vida con\u00a0<strong>fuertes dolores y en agon\u00eda<\/strong>\u00a0provocados por enfermedades terminales o la propia vejez, es una\u00a0<strong>realidad que se ha agravado<\/strong>\u00a0en los \u00faltimos meses, a consecuencia de la\u00a0<strong>pandemia por COVID-19<\/strong>\u00a0y que no solo afecta a los pacientes sino tambi\u00e9n a familias completas.<\/p>\n\n\n\n<p class=\"wp-block-paragraph\">Ante ello, es apremiante que la&nbsp;<strong>C\u00e1mara de Diputados<\/strong>&nbsp;<strong>apruebe la minuta enviada por el Senado de la Rep\u00fablica, en la que se reforma el Art\u00edculo Cuarto constitucional en materia de cuidados paliativos<\/strong>, donde se establece la obligatoriedad del Estado para brindar servicios de salud adecuados que eviten el dolor de pacientes en etapa terminal.<\/p>\n\n\n\n<p class=\"wp-block-paragraph\">Durante la presentaci\u00f3n del libro&nbsp;<strong>\u201cMuerte Digna. Un derecho humano que nos involucra a todas y todos\u00bb<\/strong>, elaborado en coordinaci\u00f3n con el l\u00edder del&nbsp;<strong>PRD en el Senado de la Rep\u00fablica, Miguel \u00c1ngel Mancera Espinosa y el Instituto Belisario Dom\u00ednguez<\/strong>, senadores y expertos coincidieron en que garantizar este derecho se trata de&nbsp;<strong>respetar el momento natural de la muerte,&nbsp;<\/strong>ni prorrogarlo, ni adelantarlo.<\/p>\n\n\n\n<p class=\"wp-block-paragraph\">\u201cEstando en el hospital, el paciente vive un estr\u00e9s, una tenci\u00f3n psicol\u00f3gica brutal porque ya no quiere estar ah\u00ed, porque est\u00e1 sufriendo su estancia.&nbsp;<strong>La familia vive tambi\u00e9n este estr\u00e9s<\/strong>&nbsp;y quiere cumplir con su voluntad de que salga, y el&nbsp;<strong>llevar hacia un camino de muerte digna<\/strong>, no el tratamiento de la enfermedad, no todo el tratamiento que puede buscar su alivio sino atenuar esta presi\u00f3n psicol\u00f3gica y buscar, en un momento dado, si tiene que llegar el momento del deceso, una muerte digna\u201d, indic\u00f3 el&nbsp;<strong>coordinador del GPPRD<\/strong>.<\/p>\n\n\n\n<p class=\"wp-block-paragraph\">El&nbsp;<strong>presidente del Instituto Belisario Dom\u00ednguez, Miguel \u00c1ngel Osorio Chong<\/strong>, precis\u00f3 que en el mundo, de acuerdo con datos de la Organizaci\u00f3n Mundial de la Salud (OMS),&nbsp;<strong>hay 40 millones de personas que requieren de cuidados paliativos<\/strong>&nbsp;y s\u00f3lo el 14% de ellas los reciben;&nbsp;<strong>en M\u00e9xico, 372 mil personas<\/strong>&nbsp;cada a\u00f1o requieren de este tipo de atenci\u00f3n y solo 21% tiene acceso.<\/p>\n\n\n\n<p class=\"wp-block-paragraph\">\u201cHoy&nbsp;<strong>14 entidades ya garantizan y regulan el derecho a la voluntad anticipada<\/strong>, pero aun es un pendiente en la mayor parte del pa\u00eds. Por otro lado, est\u00e1n los cuidados paliativos, un derecho humano que tiene que ver con evitar el dolor, pero que va m\u00e1s all\u00e1 e implica atender las necesidades f\u00edsicas, emocionales, espirituales y sociales de los pacientes y sus familiares, es decir, tiene que ver con la atenci\u00f3n integral\u201d, detall\u00f3.<\/p>\n\n\n\n<p class=\"wp-block-paragraph\">El&nbsp;<strong>presidente de la Junta de Coordinaci\u00f3n Pol\u00edtica (Jucopo), Ricardo Monreal \u00c1vila<\/strong>, destac\u00f3 que desde el Poder Legislativo se ha trabajado para&nbsp;<strong>garantizar el acceso a una vida digna que a su vez implique una muerte igualmente digna<\/strong>. Se\u00f1al\u00f3 que se trata de un tema pol\u00e9mico y de salud p\u00fablica que requiere del debate de ideas.<\/p>\n\n\n\n<p class=\"wp-block-paragraph\">\u201cLa minuta aprobada por el Senado no ha sido concluida y est\u00e1 en C\u00e1mara de Diputados, como C\u00e1mara revisora y&nbsp;<strong>hago votos porque r\u00e1pido salga del congelador, pueda discutirse y en su caso tambi\u00e9n aprobarse\u201d<\/strong>, dijo.<\/p>\n\n\n\n<p class=\"wp-block-paragraph\">Ricardo Monreal y Miguel \u00c1ngel Osorio Chong&nbsp;<strong>reconocieron la labor del coordinador del GPPRD por lograr que el derecho a la muerte digna<\/strong>&nbsp;se reconociera en la Constituci\u00f3n de la Ciudad de M\u00e9xico y continuar con el impulso a este tema desde la C\u00e1mara Alta.<\/p>\n\n\n\n<p class=\"wp-block-paragraph\">La senadora de Movimiento Ciudadano,&nbsp;<strong>Patricia Mercado Castro<\/strong>&nbsp;se\u00f1al\u00f3 que garantizar la muerte digna es un derecho humano que busca&nbsp;<strong>evitar un sufrimiento innecesario<\/strong>&nbsp;y construir un entorno de dignidad en torno al fin de una vida. La presidenta de la Comisi\u00f3n de Derechos Humanos,&nbsp;<strong>Kenia L\u00f3pez Rabad\u00e1n<\/strong>&nbsp;afirm\u00f3 que la publicaci\u00f3n de este libro visibiliza los retos que aun tiene M\u00e9xico en materia de muerte digna. \u201c<strong>Morir con dignidad es un derecho esencial para el humano<\/strong>\u201d, agreg\u00f3.<\/p>\n\n\n\n<p class=\"wp-block-paragraph\">En la presentaci\u00f3n del libro participaron m\u00e9dicos y especialistas entre ellos&nbsp;<strong>Jos\u00e9 Ignacio Santos Preciado<\/strong>, secretario General del Consejo de Salubridad General;&nbsp;<strong>Roberto Bernal G\u00f3mez<\/strong>, secretario de Salud del Estado de Coahuila y&nbsp;<strong>Ferdinard Recio Solano<\/strong>, especialista en tanatolog\u00eda y en cuidados paliativos multidisciplinarios. El texto se encuentra disponible en la p\u00e1gina del Instituto Belisario Dom\u00ednguez.&nbsp;<\/p>\n\n\n\n<p class=\"wp-block-paragraph\">*****<\/p>\n\n\n\n<p class=\"wp-block-paragraph\"><strong>LIGA DESCARGA VIDEO:<\/strong>&nbsp;<a href=\"https:\/\/we.tl\/t-70gIfN6EJf\" target=\"_blank\" rel=\"noreferrer noopener\">https:\/\/we.tl\/t-70gIfN6EJf<\/a><\/p>\n\n\n\n<p class=\"wp-block-paragraph\"><strong>LIGA DESCARGA AUDIO:<\/strong>&nbsp;&nbsp;<a href=\"https:\/\/we.tl\/t-Up0coIVLuR\" target=\"_blank\" rel=\"noreferrer noopener\">https:\/\/we.tl\/t-Up0coIVLuR<\/a><\/p>\n","protected":false},"excerpt":{"rendered":"<p>*El Senado de la Rep\u00fablica aprob\u00f3 en 2019 reformas al\u00a0Art\u00edculo Cuarto constitucional en materia de cuidados paliativos, con lo cual se establece la obligatoriedad al Estado para brindar servicios de salud adecuados que eviten el dolor de pacientes en etapa terminal *Cada a\u00f1o en M\u00e9xico,\u00a0372 mil personas\u00a0requieren de\u00a0cuidados paliativos; el derecho a una muerte digna [&hellip;]<\/p>\n","protected":false},"author":3,"featured_media":30965,"comment_status":"open","ping_status":"open","sticky":false,"template":"","format":"standard","meta":{"_monsterinsights_skip_tracking":false,"footnotes":""},"categories":[692,50],"tags":[],"class_list":["post-30964","post","type-post","status-publish","format-standard","has-post-thumbnail","category-692","category-congreso"],"_links":{"self":[{"href":"https:\/\/redsemlac.com\/semmexico\/wp-json\/wp\/v2\/posts\/30964","targetHints":{"allow":["GET"]}}],"collection":[{"href":"https:\/\/redsemlac.com\/semmexico\/wp-json\/wp\/v2\/posts"}],"about":[{"href":"https:\/\/redsemlac.com\/semmexico\/wp-json\/wp\/v2\/types\/post"}],"author":[{"embeddable":true,"href":"https:\/\/redsemlac.com\/semmexico\/wp-json\/wp\/v2\/users\/3"}],"replies":[{"embeddable":true,"href":"https:\/\/redsemlac.com\/semmexico\/wp-json\/wp\/v2\/comments?post=30964"}],"version-history":[{"count":0,"href":"https:\/\/redsemlac.com\/semmexico\/wp-json\/wp\/v2\/posts\/30964\/revisions"}],"wp:featuredmedia":[{"embeddable":true,"href":"https:\/\/redsemlac.com\/semmexico\/wp-json\/wp\/v2\/media\/30965"}],"wp:attachment":[{"href":"https:\/\/redsemlac.com\/semmexico\/wp-json\/wp\/v2\/media?parent=30964"}],"wp:term":[{"taxonomy":"category","embeddable":true,"href":"https:\/\/redsemlac.com\/semmexico\/wp-json\/wp\/v2\/categories?post=30964"},{"taxonomy":"post_tag","embeddable":true,"href":"https:\/\/redsemlac.com\/semmexico\/wp-json\/wp\/v2\/tags?post=30964"}],"curies":[{"name":"wp","href":"https:\/\/api.w.org\/{rel}","templated":true}]}}